{"id":309827,"date":"2025-08-10T17:13:16","date_gmt":"2025-08-10T17:13:16","guid":{"rendered":"https:\/\/www.europesays.com\/fr\/309827\/"},"modified":"2025-08-10T17:13:16","modified_gmt":"2025-08-10T17:13:16","slug":"liam-rosenior-sur-hogsberg-cest-un-joueur-exceptionnel-alsasports","status":"publish","type":"post","link":"https:\/\/www.europesays.com\/fr\/309827\/","title":{"rendered":"Liam Rosenior sur Hogsberg : \u00ab\u00a0c&rsquo;est un joueur exceptionnel\u00a0\u00bb \u2014 Alsa&rsquo;Sports"},"content":{"rendered":"<p><strong>Liam Rosenior s\u2019est montr\u00e9 tr\u00e8s \u00e9logieux \u00e0 l\u2019\u00e9gard de son nouveau d\u00e9fenseur central recrut\u00e9 hier, Lucas Hogsberg.<\/strong><\/p>\n<p>\u00ab\u00a0Je suis ravi de l\u2019avoir recrut\u00e9, c\u2019est un autre jeune joueur exceptionnel qui a beaucoup de potentiel\u00a0\u00bb, a d\u00e9clar\u00e9 Liam Rosenior hier en zone mixte apr\u00e8s le match nul de son \u00e9quipe contre Mayence (0-0) et l\u2019officialisation du recrutement de Lucas Hogsberg (19 ans). Un d\u00e9fenseur danois achet\u00e9 15 millions d\u2019euros, hors bonus, au FC Nordsj\u00e6lland. Plus qu\u2019une simple arriv\u00e9e, un message fort envoy\u00e9 par le Racing selon son entra\u00eeneur : \u00ab\u00a0nous avons travaill\u00e9 tr\u00e8s dur pour le faire venir ici. Cela montre \u00e0 quel point Strasbourg est d\u00e9sormais attractif pour les meilleurs joueurs. Il va \u00eatre un atout consid\u00e9rable et nous sommes impatients de travailler avec lui\u00a0\u00bb.<\/p>\n<p>Lucas Hogsberg (19 ans) a sign\u00e9 pour cinq saisons en provenance du FC Nordsj\u00e6lland, son club formateur dans lequel il joue depuis l\u2019\u00e2ge de trois ans. International danois (2 s\u00e9lections), il a disput\u00e9 sa premi\u00e8re rencontre professionnelle \u00e0 seulement 16 ans et \u00e9volu\u00e9 la saison derni\u00e8re en Superliga. <\/p>\n","protected":false},"excerpt":{"rendered":"Liam Rosenior s\u2019est montr\u00e9 tr\u00e8s \u00e9logieux \u00e0 l\u2019\u00e9gard de son nouveau d\u00e9fenseur central recrut\u00e9 hier, Lucas Hogsberg. \u00ab\u00a0Je&hellip;\n","protected":false},"author":2,"featured_media":309828,"comment_status":"","ping_status":"","sticky":false,"template":"","format":"standard","meta":{"footnotes":""},"categories":[2820],"tags":[1111,11,1777,674,63,1011,27,775,12,4448,25,640],"class_list":{"0":"post-309827","1":"post","2":"type-post","3":"status-publish","4":"format-standard","5":"has-post-thumbnail","7":"category-strasbourg","8":"tag-actu","9":"tag-actualites","10":"tag-eu","11":"tag-europe","12":"tag-football","13":"tag-fr","14":"tag-france","15":"tag-grand-est","16":"tag-news","17":"tag-rc-strasbourg","18":"tag-republique-francaise","19":"tag-strasbourg"},"share_on_mastodon":{"url":"https:\/\/pubeurope.com\/@fr\/115005594222041955","error":""},"_links":{"self":[{"href":"https:\/\/www.europesays.com\/fr\/wp-json\/wp\/v2\/posts\/309827","targetHints":{"allow":["GET"]}}],"collection":[{"href":"https:\/\/www.europesays.com\/fr\/wp-json\/wp\/v2\/posts"}],"about":[{"href":"https:\/\/www.europesays.com\/fr\/wp-json\/wp\/v2\/types\/post"}],"author":[{"embeddable":true,"href":"https:\/\/www.europesays.com\/fr\/wp-json\/wp\/v2\/users\/2"}],"replies":[{"embeddable":true,"href":"https:\/\/www.europesays.com\/fr\/wp-json\/wp\/v2\/comments?post=309827"}],"version-history":[{"count":0,"href":"https:\/\/www.europesays.com\/fr\/wp-json\/wp\/v2\/posts\/309827\/revisions"}],"wp:featuredmedia":[{"embeddable":true,"href":"https:\/\/www.europesays.com\/fr\/wp-json\/wp\/v2\/media\/309828"}],"wp:attachment":[{"href":"https:\/\/www.europesays.com\/fr\/wp-json\/wp\/v2\/media?parent=309827"}],"wp:term":[{"taxonomy":"category","embeddable":true,"href":"https:\/\/www.europesays.com\/fr\/wp-json\/wp\/v2\/categories?post=309827"},{"taxonomy":"post_tag","embeddable":true,"href":"https:\/\/www.europesays.com\/fr\/wp-json\/wp\/v2\/tags?post=309827"}],"curies":[{"name":"wp","href":"https:\/\/api.w.org\/{rel}","templated":true}]}}