{"id":309831,"date":"2025-08-10T17:17:35","date_gmt":"2025-08-10T17:17:35","guid":{"rendered":"https:\/\/www.europesays.com\/fr\/309831\/"},"modified":"2025-08-10T17:17:35","modified_gmt":"2025-08-10T17:17:35","slug":"plusieurs-kilometres-de-bouchons-et-quelques-accidents-en-loire-atlantique","status":"publish","type":"post","link":"https:\/\/www.europesays.com\/fr\/309831\/","title":{"rendered":"Plusieurs kilom\u00e8tres de bouchons et quelques accidents en Loire-Atlantique"},"content":{"rendered":"<p>La carte de la circulation<\/p>\n<\/p>\n<p>Sur le p\u00e9riph\u00e9rique de Nantes<\/p>\n<p>La circulation est compliqu\u00e9e de la porte d\u2019Orvault vers la porte d\u2019Anjou (sens int\u00e9rieur). Bison fut\u00e9 notait un bouchon de 3 km \u00e0 13 h 51 dans le secteur. Malheureusement, pas s\u00fbr que la situation s\u2019arrange : un accident s\u2019est produit sur le p\u00e9riph\u00e9rique \u00e0 hauteur de Saint-Herblain ce samedi 9 ao\u00fbt \u00e0 14 h 11. Un autre accident est signal\u00e9 \u00e0 15 h 01 entre une moto et un v\u00e9hicule pr\u00e8s de la porte d\u2019Atlantis.<\/p>\n<p><a href=\"https:\/\/nantes.maville.com\/actu\/actudet_-bison-fute-voit-rouge-sur-les-routes-ce-samedi-on-fait-le-point-sur-la-circulation-_8-6928550_actu.Htm\" target=\"_blank\" rel=\"nofollow noopener\"> <strong>LIRE AUSSI.<\/strong> Bison fut\u00e9 voit rouge sur les routes ce samedi : on fait le point sur la circulation<\/a><\/p>\n<p>Sur l\u2019A11, entre Paris et Nantes<\/p>\n<p>Un bouchon d\u2019un kilom\u00e8tre est enregistr\u00e9 sur l\u2019A11, de Paris vers Nantes (sens est-ouest). Des voies sont neutralis\u00e9es selon Bison fut\u00e9 entre les PR 348 et 349 (sur 1,1 km) \u00e0 hauteur de Nantes.<\/p>\n<p><a href=\"https:\/\/nantes.maville.com\/actu\/actudet_-reportage.-le-quotidien-d-un-homme-en-jaune-de-l-a11-vigie-de-l-autoroute-_52716-6899758_actu.Htm\" target=\"_blank\" rel=\"nofollow noopener\"> <strong>REPORTAGE.<\/strong> Le quotidien d\u2019un homme en jaune de l\u2019A11, vigie de l\u2019autoroute<\/a><\/p>\n<p>Sur l\u2019A83, de Niort vers Nantes<\/p>\n<p>Dans le secteur, la tendance est \u00e0 la d\u00e9gradation pr\u00e9vient Bison fut\u00e9 \u00e0 15 h 09. Un bouchon de 3,8 km s\u2019est form\u00e9 sur l\u2019A83, de Niort vers Nantes (sens sud-nord), entre Les Sorini\u00e8res et Vertou sur toutes les voies.<\/p>\n<p>Sur la N165, de Nantes vers Brest<\/p>\n<p>\u00c0 14 h 19, Bison fut\u00e9 pr\u00e9vient qu\u2019un bouchon de 6,5 km est toujours en cours sur la N165, dans le sens Nantes-Brest entre Saint-\u00c9tienne-de-Montluc et Vigneux-de-Bretagne. La tendance est \u00e0 l\u2019am\u00e9lioration, note Bison fut\u00e9. \u00c0 13 h 20, l\u2019embouteillage \u00e9tait de 13,6 kilom\u00e8tres. En cause : un accident impliquant 4 v\u00e9hicules s\u2019est produit \u00e0 12 h 41 \u00e0 Vigneux-de-Bretagne.<\/p>\n<p>Sur la N171, \u00e0 Savenay<\/p>\n<p>Un accident impliquant 2 v\u00e9hicules \u00e0 hauteur de Savenay complique la circulation depuis 14 h 13 selon Bison Fut\u00e9.<\/p>\n<p>Ailleurs en France<\/p>\n<p><a href=\"https:\/\/rennes.maville.com\/actu\/actudet_-plus-de-1-200-kilometres-de-bouchons-ce-samedi-une-grande-partie-de-la-france-classee-rouge-_54135-6929885_actu.Htm\" target=\"_blank\" rel=\"nofollow noopener\">Des bouchons et ralentissements sont observ\u00e9s ce samedi 9 ao\u00fbt 2025<\/a>, jour class\u00e9 rouge <a href=\"https:\/\/www.bison-fute.gouv.fr\/courbes-bouchons,11025.html\" target=\"_blank\" rel=\"nofollow noopener\">par Bison fut\u00e9<\/a> dans le sens des d\u00e9parts et jaune dans le sens des retours. Le pic de bouchons a \u00e9t\u00e9 atteint \u00e0 11 h 40 avec 1 235 km cumul\u00e9s au niveau national. Actuellement, les principales difficult\u00e9s se situent sur les axes routiers A9 (121 km), A7 (114 km), A75 (89 km), A10 (82 km), A61 (52 km).<\/p>\n<p>\u00a0<\/p>\n","protected":false},"excerpt":{"rendered":"La carte de la circulation Sur le p\u00e9riph\u00e9rique de Nantes La circulation est compliqu\u00e9e de la porte d\u2019Orvault&hellip;\n","protected":false},"author":2,"featured_media":309832,"comment_status":"","ping_status":"","sticky":false,"template":"","format":"standard","meta":{"footnotes":""},"categories":[2818],"tags":[3085,1111,11,7050,1777,674,1011,27,29006,3047,766,12,2636,25],"class_list":{"0":"post-309831","1":"post","2":"type-post","3":"status-publish","4":"format-standard","5":"has-post-thumbnail","7":"category-nantes","8":"tag-accidents","9":"tag-actu","10":"tag-actualites","11":"tag-bouchons","12":"tag-eu","13":"tag-europe","14":"tag-fr","15":"tag-france","16":"tag-kilometres","17":"tag-loire-atlantique","18":"tag-nantes","19":"tag-news","20":"tag-pays-de-la-loire","21":"tag-republique-francaise"},"share_on_mastodon":{"url":"https:\/\/pubeurope.com\/@fr\/115005610003667672","error":""},"_links":{"self":[{"href":"https:\/\/www.europesays.com\/fr\/wp-json\/wp\/v2\/posts\/309831","targetHints":{"allow":["GET"]}}],"collection":[{"href":"https:\/\/www.europesays.com\/fr\/wp-json\/wp\/v2\/posts"}],"about":[{"href":"https:\/\/www.europesays.com\/fr\/wp-json\/wp\/v2\/types\/post"}],"author":[{"embeddable":true,"href":"https:\/\/www.europesays.com\/fr\/wp-json\/wp\/v2\/users\/2"}],"replies":[{"embeddable":true,"href":"https:\/\/www.europesays.com\/fr\/wp-json\/wp\/v2\/comments?post=309831"}],"version-history":[{"count":0,"href":"https:\/\/www.europesays.com\/fr\/wp-json\/wp\/v2\/posts\/309831\/revisions"}],"wp:featuredmedia":[{"embeddable":true,"href":"https:\/\/www.europesays.com\/fr\/wp-json\/wp\/v2\/media\/309832"}],"wp:attachment":[{"href":"https:\/\/www.europesays.com\/fr\/wp-json\/wp\/v2\/media?parent=309831"}],"wp:term":[{"taxonomy":"category","embeddable":true,"href":"https:\/\/www.europesays.com\/fr\/wp-json\/wp\/v2\/categories?post=309831"},{"taxonomy":"post_tag","embeddable":true,"href":"https:\/\/www.europesays.com\/fr\/wp-json\/wp\/v2\/tags?post=309831"}],"curies":[{"name":"wp","href":"https:\/\/api.w.org\/{rel}","templated":true}]}}