{"id":309841,"date":"2025-08-10T17:22:12","date_gmt":"2025-08-10T17:22:12","guid":{"rendered":"https:\/\/www.europesays.com\/fr\/309841\/"},"modified":"2025-08-10T17:22:12","modified_gmt":"2025-08-10T17:22:12","slug":"apres-la-promotion-controversee-dun-pretre-condamne-pour-viol-a-toulouse-les-eveques-de-france-demandent-une-revision-de-la-decision","status":"publish","type":"post","link":"https:\/\/www.europesays.com\/fr\/309841\/","title":{"rendered":"Apr\u00e8s la promotion controvers\u00e9e d&rsquo;un pr\u00eatre condamn\u00e9 pour viol \u00e0 Toulouse, les \u00e9v\u00eaques de France demandent une r\u00e9vision de la d\u00e9cision"},"content":{"rendered":"<p>Les \u00e9v\u00eaques de France souhaitent que l\u2019archev\u00eaque de Toulouse revienne sur sa d\u00e9cision de promouvoir un pr\u00eatre condamn\u00e9 pour viol sur mineur en 2006, estimant que cette nomination ne peut que \u00ab\u00a0raviver des blessures\u00a0\u00bb et \u00ab\u00a0d\u00e9concerter\u00a0\u00bb les fid\u00e8les.<\/p>\n<p>\u00ab\u00a0Nous avons engag\u00e9 un dialogue constructif avec Mgr Guy de Kerimel, archev\u00eaque de Toulouse, l\u2019invitant \u00e0 reconsid\u00e9rer la d\u00e9cision qu\u2019il avait prise quant \u00e0 la nomination du chancelier de son dioc\u00e8se\u00a0\u00bb indique dimanche <a href=\"https:\/\/eglise.catholique.fr\/espace-presse\/communiques-de-presse\/communiques-de-presse-conference-des-eveques-de-france\/565728-communique-de-la-presidence-de-la-conference-des-eveques-de-france\/\" target=\"_blank\" rel=\"noopener\">la pr\u00e9sidence de la Conf\u00e9rence des \u00e9v\u00eaques de France dans un communiqu\u00e9.<\/a><\/p>\n<p>\u00ab\u00a0En effet, une telle nomination \u00e0 un poste aussi important, canoniquement et symboliquement, ne peut que raviver des blessures, r\u00e9veiller des soup\u00e7ons et d\u00e9concerter le peuple de Dieu\u00a0\u00bb, souligne l&rsquo;organisation.<\/p>\n<p>Il avait \u00e9t\u00e9 condamn\u00e9 \u00e0 5 ans de prison pour viol\u00a0<\/p>\n<p>D\u00e9but juin l&rsquo;archev\u00eaque de Toulouse a nomm\u00e9 au poste de chancelier le pr\u00eatre Dominique Spina, condamn\u00e9 en 2006 \u00e0 cinq ans de prison dont un avec sursis <strong>pour le viol d&rsquo;un lyc\u00e9en de 16 ans en 1993.<\/strong><\/p>\n<p>L&rsquo;archev\u00eaque a expliqu\u00e9 avoir \u00ab\u00a0pris le parti de la mis\u00e9ricorde\u00a0\u00bb pour nommer ce pr\u00eatre \u00e0 qui il n&rsquo;a \u00ab\u00a0rien \u00e0 reprocher\u00a0\u00bb dans une \u00ab\u00a0<strong>fonction administrative\u00a0\u00bb<\/strong> &#8212; le chancelier \u00e9tablit les actes administratifs et a un r\u00f4le de conseil.<\/p>\n<p>Une d\u00e9cision qui a suscit\u00e9 l&rsquo;incompr\u00e9hension. En r\u00e9action, plusieurs collectifs de victimes d&rsquo;\u00e9tablissements catholiques dont Notre-Dame de B\u00e9tharram ont fait part de leur \u00ab\u00a0col\u00e8re\u00a0\u00bb face \u00e0 une situation \u00ab\u00a0inacceptable\u00a0\u00bb.<\/p>\n<p>\u00ab\u00a0Nous avons appris \u00e0 regarder ces faits d\u2019abord du point de vue des personnes qui en ont \u00e9t\u00e9 les victimes et qui en subissent les cons\u00e9quences \u00e0 longueur de vie. Ce d\u00e9placement du regard, l\u2019\u00e9coute bouleversante de leur d\u00e9tresse et de leur douleur, l\u2019accueil de leur invitation \u00e0 poursuivre humblement avec elles un chemin de v\u00e9rit\u00e9, ont amorc\u00e9, pour notre institution eccl\u00e9siale, un long et exigeant travail de conversion, que nous sommes r\u00e9solus \u00e0 poursuivre\u00a0\u00bb, affirme la Conf\u00e9rence des \u00e9v\u00eaques de France (CEF), pr\u00e9sid\u00e9e par le cardinal Jean-Marc Aveline, archev\u00eaque de Marseille.<\/p>\n","protected":false},"excerpt":{"rendered":"Les \u00e9v\u00eaques de France souhaitent que l\u2019archev\u00eaque de Toulouse revienne sur sa d\u00e9cision de promouvoir un pr\u00eatre condamn\u00e9&hellip;\n","protected":false},"author":2,"featured_media":309842,"comment_status":"","ping_status":"","sticky":false,"template":"","format":"standard","meta":{"footnotes":""},"categories":[2816],"tags":[1111,11,1777,674,332,1011,27,12,2680,25,2312],"class_list":{"0":"post-309841","1":"post","2":"type-post","3":"status-publish","4":"format-standard","5":"has-post-thumbnail","7":"category-toulouse","8":"tag-actu","9":"tag-actualites","10":"tag-eu","11":"tag-europe","12":"tag-faits-de-societe","13":"tag-fr","14":"tag-france","15":"tag-news","16":"tag-occitanie","17":"tag-republique-francaise","18":"tag-toulouse"},"share_on_mastodon":{"url":"https:\/\/pubeurope.com\/@fr\/115005629616740996","error":""},"_links":{"self":[{"href":"https:\/\/www.europesays.com\/fr\/wp-json\/wp\/v2\/posts\/309841","targetHints":{"allow":["GET"]}}],"collection":[{"href":"https:\/\/www.europesays.com\/fr\/wp-json\/wp\/v2\/posts"}],"about":[{"href":"https:\/\/www.europesays.com\/fr\/wp-json\/wp\/v2\/types\/post"}],"author":[{"embeddable":true,"href":"https:\/\/www.europesays.com\/fr\/wp-json\/wp\/v2\/users\/2"}],"replies":[{"embeddable":true,"href":"https:\/\/www.europesays.com\/fr\/wp-json\/wp\/v2\/comments?post=309841"}],"version-history":[{"count":0,"href":"https:\/\/www.europesays.com\/fr\/wp-json\/wp\/v2\/posts\/309841\/revisions"}],"wp:featuredmedia":[{"embeddable":true,"href":"https:\/\/www.europesays.com\/fr\/wp-json\/wp\/v2\/media\/309842"}],"wp:attachment":[{"href":"https:\/\/www.europesays.com\/fr\/wp-json\/wp\/v2\/media?parent=309841"}],"wp:term":[{"taxonomy":"category","embeddable":true,"href":"https:\/\/www.europesays.com\/fr\/wp-json\/wp\/v2\/categories?post=309841"},{"taxonomy":"post_tag","embeddable":true,"href":"https:\/\/www.europesays.com\/fr\/wp-json\/wp\/v2\/tags?post=309841"}],"curies":[{"name":"wp","href":"https:\/\/api.w.org\/{rel}","templated":true}]}}