{"id":309844,"date":"2025-08-10T17:26:11","date_gmt":"2025-08-10T17:26:11","guid":{"rendered":"https:\/\/www.europesays.com\/fr\/309844\/"},"modified":"2025-08-10T17:26:11","modified_gmt":"2025-08-10T17:26:11","slug":"a-marseille-sur-la-place-castellane-renovee-chacun-retrouve-des-reperes","status":"publish","type":"post","link":"https:\/\/www.europesays.com\/fr\/309844\/","title":{"rendered":"\u00c0 Marseille, sur la place Castellane r\u00e9nov\u00e9e, chacun retrouve des rep\u00e8res"},"content":{"rendered":"<p>Cette place n\u2019\u00e9tait jusque-l\u00e0 qu\u2019un <a href=\"https:\/\/www.laprovence.com\/article\/region\/21118670389977\/la-place-castellane-a-marseille-un-noeud-de-circulation-qui-concentre-les-bouchons\" target=\"_blank\" rel=\"noopener\">giratoire pour les voitures<\/a> et un lieu de passage pour les pi\u00e9tons. Un rond-point bord\u00e9 de quelques bistrots qui n\u2019ont jamais vraiment r\u00e9ussi \u00e0 transformer l\u2019esplanade en v\u00e9ritable lieu de rendez-vous. Pour accueillir le prolongement de <a href=\"https:\/\/www.laprovence.com\/article\/region\/2374498986685214\/cest-un-tournant-pour-nous-ce-parking-et-le-tramway-a-marseille-les-habitants-de-sainte-marguerite-dans-lattente\" target=\"_blank\" rel=\"noopener\">la ligne T3 du tramway vers la Gaye<\/a>, la M\u00e9tropole a totalement redessin\u00e9 la place Castellane (6e), pour tenter de la \u00ab\u00a0transformer en v\u00e9ritable lieu de vie\u00a0\u00bb.<\/p>\n","protected":false},"excerpt":{"rendered":"Cette place n\u2019\u00e9tait jusque-l\u00e0 qu\u2019un giratoire pour les voitures et un lieu de passage pour les pi\u00e9tons. Un&hellip;\n","protected":false},"author":2,"featured_media":309845,"comment_status":"","ping_status":"","sticky":false,"template":"","format":"standard","meta":{"footnotes":""},"categories":[2814],"tags":[17,1111,11,4110,7960,1777,674,1011,27,884,12,5536,882,16,24951,25,4256,3356],"class_list":{"0":"post-309844","1":"post","2":"type-post","3":"status-publish","4":"format-standard","5":"has-post-thumbnail","7":"category-marseille","8":"tag-17","9":"tag-actu","10":"tag-actualites","11":"tag-castellane","12":"tag-chacun","13":"tag-eu","14":"tag-europe","15":"tag-fr","16":"tag-france","17":"tag-marseille","18":"tag-news","19":"tag-place","20":"tag-provence-alpes-cote-dazur","21":"tag-region","22":"tag-renovee","23":"tag-republique-francaise","24":"tag-retrouve","25":"tag-sur"},"share_on_mastodon":{"url":"https:\/\/pubeurope.com\/@fr\/115005645415672701","error":""},"_links":{"self":[{"href":"https:\/\/www.europesays.com\/fr\/wp-json\/wp\/v2\/posts\/309844","targetHints":{"allow":["GET"]}}],"collection":[{"href":"https:\/\/www.europesays.com\/fr\/wp-json\/wp\/v2\/posts"}],"about":[{"href":"https:\/\/www.europesays.com\/fr\/wp-json\/wp\/v2\/types\/post"}],"author":[{"embeddable":true,"href":"https:\/\/www.europesays.com\/fr\/wp-json\/wp\/v2\/users\/2"}],"replies":[{"embeddable":true,"href":"https:\/\/www.europesays.com\/fr\/wp-json\/wp\/v2\/comments?post=309844"}],"version-history":[{"count":0,"href":"https:\/\/www.europesays.com\/fr\/wp-json\/wp\/v2\/posts\/309844\/revisions"}],"wp:featuredmedia":[{"embeddable":true,"href":"https:\/\/www.europesays.com\/fr\/wp-json\/wp\/v2\/media\/309845"}],"wp:attachment":[{"href":"https:\/\/www.europesays.com\/fr\/wp-json\/wp\/v2\/media?parent=309844"}],"wp:term":[{"taxonomy":"category","embeddable":true,"href":"https:\/\/www.europesays.com\/fr\/wp-json\/wp\/v2\/categories?post=309844"},{"taxonomy":"post_tag","embeddable":true,"href":"https:\/\/www.europesays.com\/fr\/wp-json\/wp\/v2\/tags?post=309844"}],"curies":[{"name":"wp","href":"https:\/\/api.w.org\/{rel}","templated":true}]}}