{"id":309846,"date":"2025-08-10T17:27:10","date_gmt":"2025-08-10T17:27:10","guid":{"rendered":"https:\/\/www.europesays.com\/fr\/309846\/"},"modified":"2025-08-10T17:27:10","modified_gmt":"2025-08-10T17:27:10","slug":"a-marseille-les-places-providence-et-sebastopol-en-transition-laissent-les-riverains-dubitatifs","status":"publish","type":"post","link":"https:\/\/www.europesays.com\/fr\/309846\/","title":{"rendered":"\u00c0 Marseille, les places Providence et S\u00e9bastopol en transition laissent les riverains dubitatifs"},"content":{"rendered":"<p>Sur la <a href=\"https:\/\/www.laprovence.com\/article\/region\/2526593661866515\/polemique-sur-la-place-providence-a-marseille-des-mediateurs-tentent-de-rassurer-les-riverains-de-belsunce\" target=\"_blank\" rel=\"noopener\">place de la Providence<\/a> (1er), les passants perplexes observent les am\u00e9nagements provisoires qui ponctuent l\u2019espace partiellement d\u00e9goudronn\u00e9. Une petite dizaine de <a href=\"https:\/\/www.laprovence.com\/article\/region\/23011328352156\/sous-la-place-de-la-providence-a-marseille-les-vestiges-du-passe\" target=\"_blank\" rel=\"noopener\">rochers<\/a> bariol\u00e9s, deux pergolas en bois, quatre bancs et un riverain. \u00ab\u00a0C\u2019est d\u00e9sert, \u00e7a fait sale, \u00e7a ne sert absolument \u00e0 rien\u00a0\u00bb, maronne la g\u00e9rante du Bar Tabac La Fran\u00e7aise, \u00e0 l\u2019angle de la rue Longue des Capucins.<\/p>\n","protected":false},"excerpt":{"rendered":"Sur la place de la Providence (1er), les passants perplexes observent les am\u00e9nagements provisoires qui ponctuent l\u2019espace partiellement&hellip;\n","protected":false},"author":2,"featured_media":309847,"comment_status":"","ping_status":"","sticky":false,"template":"","format":"standard","meta":{"footnotes":""},"categories":[2814],"tags":[17,1111,11,1777,674,1011,27,16002,151,884,12,18433,882,44964,16,25,44965,6481],"class_list":{"0":"post-309846","1":"post","2":"type-post","3":"status-publish","4":"format-standard","5":"has-post-thumbnail","7":"category-marseille","8":"tag-17","9":"tag-actu","10":"tag-actualites","11":"tag-eu","12":"tag-europe","13":"tag-fr","14":"tag-france","15":"tag-laissent","16":"tag-les","17":"tag-marseille","18":"tag-news","19":"tag-places","20":"tag-provence-alpes-cote-dazur","21":"tag-providence","22":"tag-region","23":"tag-republique-francaise","24":"tag-sebastopol","25":"tag-transition"},"share_on_mastodon":{"url":"https:\/\/pubeurope.com\/@fr\/115005649358625695","error":""},"_links":{"self":[{"href":"https:\/\/www.europesays.com\/fr\/wp-json\/wp\/v2\/posts\/309846","targetHints":{"allow":["GET"]}}],"collection":[{"href":"https:\/\/www.europesays.com\/fr\/wp-json\/wp\/v2\/posts"}],"about":[{"href":"https:\/\/www.europesays.com\/fr\/wp-json\/wp\/v2\/types\/post"}],"author":[{"embeddable":true,"href":"https:\/\/www.europesays.com\/fr\/wp-json\/wp\/v2\/users\/2"}],"replies":[{"embeddable":true,"href":"https:\/\/www.europesays.com\/fr\/wp-json\/wp\/v2\/comments?post=309846"}],"version-history":[{"count":0,"href":"https:\/\/www.europesays.com\/fr\/wp-json\/wp\/v2\/posts\/309846\/revisions"}],"wp:featuredmedia":[{"embeddable":true,"href":"https:\/\/www.europesays.com\/fr\/wp-json\/wp\/v2\/media\/309847"}],"wp:attachment":[{"href":"https:\/\/www.europesays.com\/fr\/wp-json\/wp\/v2\/media?parent=309846"}],"wp:term":[{"taxonomy":"category","embeddable":true,"href":"https:\/\/www.europesays.com\/fr\/wp-json\/wp\/v2\/categories?post=309846"},{"taxonomy":"post_tag","embeddable":true,"href":"https:\/\/www.europesays.com\/fr\/wp-json\/wp\/v2\/tags?post=309846"}],"curies":[{"name":"wp","href":"https:\/\/api.w.org\/{rel}","templated":true}]}}