{"id":309848,"date":"2025-08-10T17:28:13","date_gmt":"2025-08-10T17:28:13","guid":{"rendered":"https:\/\/www.europesays.com\/fr\/309848\/"},"modified":"2025-08-10T17:28:13","modified_gmt":"2025-08-10T17:28:13","slug":"collision-entre-un-tram-et-une-voiture","status":"publish","type":"post","link":"https:\/\/www.europesays.com\/fr\/309848\/","title":{"rendered":"collision entre un tram et une voiture"},"content":{"rendered":"<p>\u00ab\u00a0C\u2019\u00e9tait impressionnant. Heureusement il n\u2019y a pas eu de bless\u00e9 \u00e0 ma connaissance.\u00a0\u00bb Thierry est l\u2019un des passagers du tramway T4 qui arrivait \u00e0 l\u2019arr\u00eat Part-Dieu Villette ce samedi 9 ao\u00fbt apr\u00e8s-midi lorsqu\u2019une voiture, de type monospace, s\u2019est mise sur son chemin.<\/p>\n<p>\u00ab\u00a0L\u2019automobiliste traversait les rails pour entrer dans un porche. Le tram roulait \u00e0 tr\u00e8s faible allure. J\u2019\u00e9tais \u00e0 l\u2019avant pr\u00e8s du conducteur, on a d\u00e9j\u00e0 ressenti un premier freinage d\u2019urgence, puis un second, \u00e0 un carrefour juste avant l\u2019arr\u00eat.\u00a0\u00bb Puis un choc, que Thierry qualifie de \u00ab\u00a0terrible, un grand fracas\u00a0\u00bb.<\/p>\n<p>Corrobor\u00e9 par l\u2019\u00e9tat du monospace apr\u00e8s cette collision. \u00ab\u00a0Il est bon \u00e0 jeter \u00e0 la poubelle. Le v\u00e9hicule a \u00e9t\u00e9 \u00e9peronn\u00e9, tra\u00een\u00e9 sur plusieurs m\u00e8tres\u2026 La lunette arri\u00e8re a vol\u00e9 en \u00e9clat, un bloc de b\u00e9ton a \u00e9t\u00e9 projet\u00e9 et a roul\u00e9 sur plusieurs m\u00e8tres\u2026 C\u2019est une chance qu\u2019aucun pi\u00e9ton alentour n\u2019ait \u00e9t\u00e9 touch\u00e9.\u00a0\u00bb<\/p>\n<p>Ce contenu est bloqu\u00e9 car vous n&rsquo;avez pas accept\u00e9 les cookies et autres traceurs.<\/p>\n<p>En cliquant sur \u00ab J\u2019accepte \u00bb, les cookies et autres traceurs seront d\u00e9pos\u00e9s et vous pourrez visualiser les contenus  (<a href=\"\" class=\"consentModule_policy\" target=\"_blank\" title=\"Consulter la politique de protection des donn\u00e9es du fournisseur\">plus d&rsquo;informations<\/a>).<\/p>\n<p>En cliquant sur \u00ab J\u2019accepte tous les cookies \u00bb, vous autorisez des d\u00e9p\u00f4ts de cookies et autres traceurs pour le stockage de vos donn\u00e9es sur nos sites et applications \u00e0 des fins de personnalisation et de ciblage publicitaire.<\/p>\n<p class=\"consentModule_secondaryText\">Vous gardez la possibilit\u00e9 de retirer votre consentement \u00e0 tout moment en consultant notre <a href=\"https:\/\/www.leprogres.fr\/protection-des-donnees\" target=\"_blank\" title=\"Consulter notre politique de protection des donn\u00e9es\" rel=\"nofollow noopener\">politique de protection des donn\u00e9es<\/a>. <br \/>&#13;<br \/>\n            <a href=\"https:\/\/www.leprogres.fr\/faits-divers-justice\/2025\/08\/10\/javascript:Didomi.notice.show()\" class=\"consentModule_cmp\" rel=\"nofollow noopener\" target=\"_blank\">G\u00e9rer mes choix<\/a>&#13;\n        <\/p>\n<p>&#13;<br \/>\n                        J&rsquo;accepte&#13;<br \/>\n            J&rsquo;accepte tous les cookies&#13;\n        <\/p>\n<p>Quant au conducteur de la voiture, il \u00e9tait sonn\u00e9 mais pas bless\u00e9, selon notre t\u00e9moin, parti alors que les secours arrivaient sur place ainsi que les services des TCL. \u00ab\u00a0Le chauffeur du tram a eu la bonne attitude, et nous a fait sortir en s\u00e9curit\u00e9, les gens \u00e9taient calmes\u00a0\u00bb, ajoute Thierry. Le trafic a pu reprendre quelques dizaines de minutes plus tard.<\/p>\n<p>Les accidents impliquant des tramways \u00e0 Lyon ne sont pas rares, avec un r\u00e9seau qui s\u2019\u00e9tend dans un espace public de plus en plus fr\u00e9quent\u00e9 et modifi\u00e9 avec de nouveaux modes de d\u00e9placement. En 2022, Le Progr\u00e8s consacrait un dossier \u00e0 ces accidents, recens\u00e9s \u00e0 hauteur d\u2019une centaine par an. \u00ab\u00a0Si la rame n\u2019a pas d\u00e9raill\u00e9, qu\u2019il y a peu de d\u00e9g\u00e2ts et pas de bless\u00e9, cela peut repartir en 10-15 minutes\u00a0\u00bb, expliquait Christophe Bosc, responsable formation et expert tramway chez Keolis.<\/p>\n","protected":false},"excerpt":{"rendered":"\u00ab\u00a0C\u2019\u00e9tait impressionnant. Heureusement il n\u2019y a pas eu de bless\u00e9 \u00e0 ma connaissance.\u00a0\u00bb Thierry est l\u2019un des passagers&hellip;\n","protected":false},"author":2,"featured_media":309849,"comment_status":"","ping_status":"","sticky":false,"template":"","format":"standard","meta":{"footnotes":""},"categories":[1889],"tags":[119,1111,11,2430,2757,1777,674,274,107,1011,27,2428,2756,12,25,2429,10213],"class_list":{"0":"post-309848","1":"post","2":"type-post","3":"status-publish","4":"format-standard","5":"has-post-thumbnail","7":"category-lyon","8":"tag-accident","9":"tag-actu","10":"tag-actualites","11":"tag-auvergne-rhone-alpes","12":"tag-edition-lyon-villeurbanne","13":"tag-eu","14":"tag-europe","15":"tag-faits-divers-justice","16":"tag-fil-info","17":"tag-fr","18":"tag-france","19":"tag-lyon","20":"tag-lyon-bassin","21":"tag-news","22":"tag-republique-francaise","23":"tag-rhone","24":"tag-tcl"},"share_on_mastodon":{"url":"https:\/\/pubeurope.com\/@fr\/115005653309999281","error":""},"_links":{"self":[{"href":"https:\/\/www.europesays.com\/fr\/wp-json\/wp\/v2\/posts\/309848","targetHints":{"allow":["GET"]}}],"collection":[{"href":"https:\/\/www.europesays.com\/fr\/wp-json\/wp\/v2\/posts"}],"about":[{"href":"https:\/\/www.europesays.com\/fr\/wp-json\/wp\/v2\/types\/post"}],"author":[{"embeddable":true,"href":"https:\/\/www.europesays.com\/fr\/wp-json\/wp\/v2\/users\/2"}],"replies":[{"embeddable":true,"href":"https:\/\/www.europesays.com\/fr\/wp-json\/wp\/v2\/comments?post=309848"}],"version-history":[{"count":0,"href":"https:\/\/www.europesays.com\/fr\/wp-json\/wp\/v2\/posts\/309848\/revisions"}],"wp:featuredmedia":[{"embeddable":true,"href":"https:\/\/www.europesays.com\/fr\/wp-json\/wp\/v2\/media\/309849"}],"wp:attachment":[{"href":"https:\/\/www.europesays.com\/fr\/wp-json\/wp\/v2\/media?parent=309848"}],"wp:term":[{"taxonomy":"category","embeddable":true,"href":"https:\/\/www.europesays.com\/fr\/wp-json\/wp\/v2\/categories?post=309848"},{"taxonomy":"post_tag","embeddable":true,"href":"https:\/\/www.europesays.com\/fr\/wp-json\/wp\/v2\/tags?post=309848"}],"curies":[{"name":"wp","href":"https:\/\/api.w.org\/{rel}","templated":true}]}}