{"id":309852,"date":"2025-08-10T17:31:13","date_gmt":"2025-08-10T17:31:13","guid":{"rendered":"https:\/\/www.europesays.com\/fr\/309852\/"},"modified":"2025-08-10T17:31:13","modified_gmt":"2025-08-10T17:31:13","slug":"pic-de-chaleur-tres-intense-voire-exceptionnel-au-sud-ouest-de-france","status":"publish","type":"post","link":"https:\/\/www.europesays.com\/fr\/309852\/","title":{"rendered":"\u00ab\u00a0pic de chaleur tr\u00e8s intense, voire exceptionnel\u00a0\u00bb au Sud-Ouest de France"},"content":{"rendered":"<p>Les temp\u00e9ratures ont de nouveau grimp\u00e9 en fl\u00e8che dans toute l&rsquo;Europe. En France, dimanche, 42 d\u00e9partements ont \u00e9t\u00e9 plac\u00e9s en alerte canicule orange, selon M\u00e9t\u00e9o France, le service m\u00e9t\u00e9orologique fran\u00e7ais, et le pire reste \u00e0 venir, car les temp\u00e9ratures devraient atteindre leur pic lundi et mardi.<\/p>\n<p>Selon<a href=\"https:\/\/vigilance.meteofrance.fr\/fr\" rel=\"nofollow noopener\" target=\"_blank\" data-ylk=\"slk:le service m\u00e9t\u00e9orologique fran\u00e7ais;elm:context_link;itc:0;sec:content-canvas\" class=\"link \"> le service m\u00e9t\u00e9orologique fran\u00e7ais<\/a>, \u00e0 partir de lundi, 41 d\u00e9partements seront plac\u00e9s en alerte orange, et 12 d\u00e9partements de Sud-Ouest basculeront en rouge.<\/p>\n<p>M\u00e9t\u00e9o-France anticipe un \u00ab\u00a0pic de chaleur tr\u00e8s intense, voire exceptionnel, dans un vaste Sud-Ouest\u00a0\u00bb pour la journ\u00e9e de lundi. Les temp\u00e9ratures y seront \u00ab\u00a0tr\u00e8s fr\u00e9quemment sup\u00e9rieures \u00e0 40\u00b0C\u00a0\u00bb, \u00ab\u00a0avec localement 42\u00b0C peut-\u00eatre plus\u00a0\u00bb.<\/p>\n<p>Selon le pr\u00e9visionniste fran\u00e7ais, la chaleur s&rsquo;accentue \u00e0 nouveau dans le Centre-Est, et, globalement, \u00ab\u00a0on d\u00e9passera les 30\u00b0C partout en France\u00a0\u00bb avec des pointes \u00e0 36\/38\u00b0C en Centre-Val-de-Loire ou, encore, 32\/34\u00b0C en Ile-de-France.<\/p>\n<p>\u00ab\u00a0La vague de chaleur d\u00e9marr\u00e9e vendredi se poursuit et s&rsquo;\u00e9tend. Le pic est attendu entre lundi et mardi. Elle devrait durer jusqu&rsquo;en fin de semaine prochaine\u00a0\u00bb, \u00e9crit l&rsquo;institut qui observe \u00ab\u00a0une acc\u00e9l\u00e9ration de la survenue des vagues de chaleur\u00a0\u00bb li\u00e9e au changement climatique. Le pays n&rsquo;a connu que deux \u00e9t\u00e9s sans ce type d&rsquo;\u00e9pisode au cours des seize derni\u00e8res ann\u00e9es.<\/p>\n<p><b class=\"c-widget-related__title__text\">Related<\/b><\/p>\n<p>Dans l&rsquo;Aude, <a href=\"https:\/\/fr.news.yahoo.com\/aude-images-apocalyptiques-grand-incendie-062918938.html\" data-ylk=\"slk:sc\u00e8ne d&#039;un incendie meurtrier;elm:context_link;itc:0;sec:content-canvas;outcm:mb_qualified_link;_E:mb_qualified_link;ct:story;\" class=\"link  yahoo-link\" rel=\"nofollow noopener\" target=\"_blank\"><strong>sc\u00e8ne d&rsquo;un incendie meurtrier<\/strong><\/a>, le plus important qu&rsquo;ait connu le pays dans les d\u00e9cennies &#8211; m\u00eame le plus important connu par la France \u00ab\u00a0depuis 1949\u00a0\u00bb, comme l&rsquo;a affirm\u00e9 la ministre de la Transition \u00e9cologique, Agn\u00e8s Pannier-Runacher, jeudi <a href=\"https:\/\/www.franceinfo.fr\/faits-divers\/incendie\/incendie-de-l-aude-les-cultures-d-hier-ne-fonctionnent-plus-sur-ce-territoire-estime-la-ministre-de-la-transition-ecologique_7422658.html\" rel=\"nofollow noopener\" target=\"_blank\" data-ylk=\"slk:sur franceinfo;elm:context_link;itc:0;sec:content-canvas\" class=\"link \">sur franceinfo<\/a>, &#8211; les autorit\u00e9s restent sur le pied de guerre.<\/p>\n<p>Le feu, d\u00e9sormais fix\u00e9, a parcouru l&rsquo;\u00e9quivalent de 17\u00a0000 hectares. Le pr\u00e9fet du d\u00e9partement, Christian Pouget, a prolong\u00e9 la fermeture des massifs forestiers sur l&rsquo;ensemble du d\u00e9partement jusqu&rsquo;\u00e0 la fin de la semaine prochaine. La canicule extr\u00eame &#8211; l&rsquo;Aude fait partie des 12 d\u00e9partements \u00ab\u00a0rouges\u00a0\u00bb &#8211; pourrait faciliter de nouveaux d\u00e9parts de feu.<\/p>\n<p>Alerte rouge \u00e0 Tenerife en raison de l&rsquo;arriv\u00e9e imminente de la Calima<\/p>\n<p>Plus au sud, le continent espagnol et ses \u00eeles souffrent de la chaleur ce dimanche, avec 15 communaut\u00e9s autonomes en \u00e9tat d&rsquo;alerte, dont les \u00eeles Canaries o\u00f9 les temp\u00e9ratures ont atteint 40 degr\u00e9s sur une grande partie de l&rsquo;archipel.<\/p>\n<p>En plus de la chaleur, l&rsquo;\u00eele devrait \u00eatre frapp\u00e9e par le Calima, un vent chaud et sec soufflant du d\u00e9sert du Sahara, qui r\u00e9duit la visibilit\u00e9 et peut causer des difficult\u00e9s respiratoires.<\/p>\n<p>En cons\u00e9quence, l&rsquo;Agence de gestion des urgences du gouvernement des Canaries a \u00e9mis une pr\u00e9-alerte pour l&rsquo;\u00eele de Tenerife, en plus de l&rsquo;alerte rouge d\u00e9j\u00e0 d\u00e9clar\u00e9e pour dimanche.<\/p>\n<p>Dans la r\u00e9gion nord-ouest de Le\u00f3n, en Espagne continentale, six incendies maintiennent actuellement toute la province en \u00e9tat d&rsquo;alerte, dont deux sont particuli\u00e8rement graves en raison de leur proximit\u00e9 avec des zones habit\u00e9es.<\/p>\n<p>\u00c0 Yeres, une trentaine d&rsquo;habitants ont \u00e9t\u00e9 \u00e9vacu\u00e9s, car le feu est proche de la zone peupl\u00e9e. Cette situation a conduit le gouvernement r\u00e9gional de Castille-et-Le\u00f3n \u00e0 d\u00e9clarer une alerte de niveau 2 pour l&rsquo;incendie de Yeres, qui touche directement le site class\u00e9 au patrimoine mondial de Las M\u00e9dulas.<\/p>\n<p>Le Portugal reste en \u00e9tat d&rsquo;alerte maximale malgr\u00e9 la ma\u00eetrise des incendies de for\u00eat<\/p>\n<p>La protection civile portugaise a relev\u00e9 le niveau d&rsquo;alerte au maximum ce dimanche en raison de la chaleur et du risque accru d&rsquo;incendie. L&rsquo;alerte renforc\u00e9e devrait rester en vigueur jusqu&rsquo;\u00e0 mercredi minuit.<\/p>\n<p>Les districts de Bragan\u00e7a et Vila Real, dans le nord du pays, seront sous alerte rouge. Viseu, Guarda et Castelo Branco, Portalegre, \u00c9vora et Beja seront sous alerte orange et les autres districts seront sous alerte jaune.<\/p>\n<p>Le dimanche matin a apport\u00e9 un l\u00e9ger soulagement apr\u00e8s une nuit d&rsquo;enfer due aux incendies \u00e0 Moimenta da Beira et Trancoso, dans le district de Viseu. Plus de 750 pompiers sont sur place. Ces deux incendies sont ma\u00eetris\u00e9s depuis 10 heures, mais des reprises ont \u00e9t\u00e9 observ\u00e9es.<\/p>\n<p>\u00c0 Vila Real, deux incendies avec plusieurs fronts actifs ont \u00e9t\u00e9 signal\u00e9s et 700 agents ont \u00e9t\u00e9 mobilis\u00e9s sur place.<\/p>\n<p>Dans la r\u00e9gion centrale, un incendie s&rsquo;est d\u00e9clar\u00e9 \u00e0 Penacova et a mobilis\u00e9 huit moyens a\u00e9riens et pr\u00e8s de 250 intervenants, a d\u00e9clar\u00e9 la Protection civile \u00e0 l&rsquo;agence de presse portugaise Lusa.<\/p>\n<p>En raison de la complexit\u00e9 des conditions m\u00e9t\u00e9orologiques, la Protection civile a \u00e9galement annonc\u00e9 le renforcement des moyens mis en \u0153uvre.<\/p>\n","protected":false},"excerpt":{"rendered":"Les temp\u00e9ratures ont de nouveau grimp\u00e9 en fl\u00e8che dans toute l&rsquo;Europe. En France, dimanche, 42 d\u00e9partements ont \u00e9t\u00e9&hellip;\n","protected":false},"author":2,"featured_media":309853,"comment_status":"","ping_status":"","sticky":false,"template":"","format":"standard","meta":{"footnotes":""},"categories":[1592],"tags":[1111,11,34240,1777,674,1011,27,662,12,626,25,44966,13209],"class_list":{"0":"post-309852","1":"post","2":"type-post","3":"status-publish","4":"format-standard","5":"has-post-thumbnail","7":"category-ile-de-france","8":"tag-actu","9":"tag-actualites","10":"tag-alerte-orange","11":"tag-eu","12":"tag-europe","13":"tag-fr","14":"tag-france","15":"tag-ile-de-france","16":"tag-news","17":"tag-paris","18":"tag-republique-francaise","19":"tag-service-meteorologique","20":"tag-temperatures"},"share_on_mastodon":{"url":"https:\/\/pubeurope.com\/@fr\/115005665117021447","error":""},"_links":{"self":[{"href":"https:\/\/www.europesays.com\/fr\/wp-json\/wp\/v2\/posts\/309852","targetHints":{"allow":["GET"]}}],"collection":[{"href":"https:\/\/www.europesays.com\/fr\/wp-json\/wp\/v2\/posts"}],"about":[{"href":"https:\/\/www.europesays.com\/fr\/wp-json\/wp\/v2\/types\/post"}],"author":[{"embeddable":true,"href":"https:\/\/www.europesays.com\/fr\/wp-json\/wp\/v2\/users\/2"}],"replies":[{"embeddable":true,"href":"https:\/\/www.europesays.com\/fr\/wp-json\/wp\/v2\/comments?post=309852"}],"version-history":[{"count":0,"href":"https:\/\/www.europesays.com\/fr\/wp-json\/wp\/v2\/posts\/309852\/revisions"}],"wp:featuredmedia":[{"embeddable":true,"href":"https:\/\/www.europesays.com\/fr\/wp-json\/wp\/v2\/media\/309853"}],"wp:attachment":[{"href":"https:\/\/www.europesays.com\/fr\/wp-json\/wp\/v2\/media?parent=309852"}],"wp:term":[{"taxonomy":"category","embeddable":true,"href":"https:\/\/www.europesays.com\/fr\/wp-json\/wp\/v2\/categories?post=309852"},{"taxonomy":"post_tag","embeddable":true,"href":"https:\/\/www.europesays.com\/fr\/wp-json\/wp\/v2\/tags?post=309852"}],"curies":[{"name":"wp","href":"https:\/\/api.w.org\/{rel}","templated":true}]}}