{"id":309854,"date":"2025-08-10T17:32:11","date_gmt":"2025-08-10T17:32:11","guid":{"rendered":"https:\/\/www.europesays.com\/fr\/309854\/"},"modified":"2025-08-10T17:32:11","modified_gmt":"2025-08-10T17:32:11","slug":"les-fausses-peintures-dans-les-grottes-provoquent-la-colere-des-specialistes","status":"publish","type":"post","link":"https:\/\/www.europesays.com\/fr\/309854\/","title":{"rendered":"les fausses peintures dans les grottes provoquent la col\u00e8re des sp\u00e9cialistes"},"content":{"rendered":"<p class=\"article__intro\">Dans une grotte du Comminges, un sp\u00e9l\u00e9ologue a d\u00e9couvert deux chevaux sur une paroi, imitant les peintures de la pr\u00e9histoire. Ces \u00ab\u00a0mauvaises blagues\u00a0\u00bb se multiplient dans les cavit\u00e9s pyr\u00e9n\u00e9ennes, risquant de tromper les arch\u00e9ologues et d\u2019endommager des sites vieux de milliers d\u2019ann\u00e9es.<\/p>\n<p>\n      La Quotidienne Soci\u00e9t\u00e9\n    <\/p>\n<p>\n      De la vie quotidienne aux grands enjeux, recevez tous les jours les sujets qui font la soci\u00e9t\u00e9 locale, comme la justice, l\u2019\u00e9ducation, la sant\u00e9 et la famille.\n    <\/p>\n<p>    France T\u00e9l\u00e9visions utilise votre adresse e-mail afin de vous envoyer la newsletter \u00ab\u00a0La Quotidienne Soci\u00e9t\u00e9\u00a0\u00bb. Vous pouvez vous d\u00e9sinscrire \u00e0 tout moment via le lien en bas de cette newsletter. <a target=\"_blank\" href=\"https:\/\/www.francetelevisions.fr\/groupe\/confidentialite\/politique-de-confidentialite\/politique-de-confidentialite-de-france-televisions-6503\" rel=\"nofollow noopener\">Notre politique de confidentialit\u00e9<\/a><\/p>\n<p>C\u2019est au d\u00e9tour d\u2019une nouvelle exp\u00e9dition dans les cavit\u00e9s du Comminges que Daniel Quettier, pr\u00e9sident de la Soci\u00e9t\u00e9 m\u00e9ridionale de sp\u00e9l\u00e9ologie et de pr\u00e9histoire, a fait la d\u00e9couverte cette semaine. Sur les parois d\u2019une grotte de la commune de Juzet-d\u2019Izaut (Haute-Garonne), deux chevaux peints, \u00e0 premi\u00e8re vue proches des \u0153uvres vieilles de plus de 10 000 ans, semblaient surgir du pass\u00e9.<\/p>\n<p>Mais le verdict ne s\u2019est pas fait attendre pour l&rsquo;expert : il s\u2019agit d\u2019un faux. \u00ab\u00a0C\u2019est la deuxi\u00e8me fois depuis le d\u00e9but de l\u2019ann\u00e9e que cela arrive dans le secteur\u00a0\u00bb, d\u00e9plore Victor Riout, secr\u00e9taire de la section pr\u00e9histoire de l\u2019association. \u00ab\u00a0Cela d\u00e9t\u00e9riore les parois, ce sont des lignes naturelles qui sont l\u00e0 depuis des si\u00e8cles. Les gens pensent peut-\u00eatre faire une mauvaise blague, mais cela ne fait rien d\u2019autre que d\u00e9grader.\u00a0\u00bb<\/p>\n<\/p>\n<p>Avec plus de 3 000 cavit\u00e9s r\u00e9pertori\u00e9es en Ari\u00e8ge, Haute-Garonne et Hautes-Pyr\u00e9n\u00e9es, les faussaires ont l\u2019embarras du choix. Si certaines grottes, bien connues du grand public, b\u00e9n\u00e9ficient d\u2019une protection et d\u2019une surveillance, la grande majorit\u00e9 reste libre d\u2019acc\u00e8s\u2026 et sans contr\u00f4le.<\/p>\n<p>\u00ab\u00a0Nous ne voulons pas la fermeture de ces cavit\u00e9s\u00a0\u00bb, insiste Vivien Riout. \u00ab\u00a0Nous voulons simplement que les gens soient respectueux. Mais les grottes sont parfois saccag\u00e9es, d\u00e9t\u00e9rior\u00e9es par des peintures ou victimes de fouilles clandestines alors que seuls les arch\u00e9ologues sont autoris\u00e9s \u00e0 intervenir. C\u2019est dommage&#8230;\u00a0\u00bb<\/p>\n<\/p>\n<p>Ces imitations de peintures, parfois r\u00e9alis\u00e9es dans des cavit\u00e9s encore inexplor\u00e9es, posent \u00e9galement un autre probl\u00e8me aux arch\u00e9ologues. Certaines peuvent, au premier coup d\u2019\u0153il, pr\u00eater \u00e0 confusion et \u00eatre prises pour de v\u00e9ritables gravures pr\u00e9historiques.\u00a0\u00a0<\/p>\n<p>Dans le cas de la d\u00e9couverte de Juzet-d\u2019Izaut, l\u2019\u0153il averti de Victor Riout a rapidement perc\u00e9 le myst\u00e8re : \u00ab\u00a0Il y aurait pu avoir un l\u00e9ger doute avec le cheval du haut, mais il a \u00e9t\u00e9 imm\u00e9diatement lev\u00e9 par les pigments rouges, beaucoup trop \u00e9clatants. Il y a aussi un petit cheval r\u00e9alis\u00e9 au pochoir, et cette technique n\u2019existait pas \u00e0 l\u2019\u00e9poque.\u00a0\u00bb<\/p>\n<p><a data-article-figure=\"\" href=\"https:\/\/france3-regions.franceinfo.fr\/image\/j6B1DkEE8XAVEENpOWucE6Ouc90\/382x383\/regions\/2025\/08\/10\/2v-68989b7972325742093358.png\" data-pswp-width=\"382\" data-pswp-height=\"383\" target=\"_blank\" rel=\"nofollow noopener\"><\/p>\n<p>          <img width=\"600\" height=\"400\" class=\"article-image lazy\" data-src=\"https:\/\/www.europesays.com\/fr\/wp-content\/uploads\/2025\/08\/2v-68989b7972325742093358.png\" alt=\"La fausse peinture pr\u00e9historique d\u00e9couverte \u00e0 Juzet-d'Izaut.\" fetchpriority=\"high\" as=\"image\"\/><\/p>\n<p>\n            La fausse peinture pr\u00e9historique d\u00e9couverte \u00e0 Juzet-d&rsquo;Izaut.<br \/>\n                           \u2022<br \/>\n                                      \u00a9 Daniel Quettier\n                      <\/p>\n<p><\/a><\/p>\n<p>En r\u00e9alit\u00e9, recr\u00e9er fid\u00e8lement une peinture vieille de plusieurs mill\u00e9naires est tr\u00e8s difficile. \u00ab\u00a0Les hommes pr\u00e9historiques \u00e9taient de v\u00e9ritables artistes, tr\u00e8s talentueux. Ils savaient parfaitement jouer avec le volume naturel des parois pour donner vie aux formes\u00a0\u00bb, assure le secr\u00e9taire de la section pr\u00e9histoire de la <a href=\"https:\/\/cths.fr\/an\/societe.php?id=2121\" target=\"_blank\" rel=\"noopener nofollow\">soci\u00e9t\u00e9 m\u00e9ridionale<\/a>.\u00a0<\/p>\n<p>Raison de plus, selon Vivien Riout, de mettre un terme \u00e0 ces \u201cmauvaises blagues\u201d qu\u2019il consid\u00e8re comme des \u201cinsultes aux artistes pr\u00e9historiques\u201d. Il invite plut\u00f4t les curieux \u00e0 admirer les v\u00e9ritables merveilles laiss\u00e9es par nos anc\u00eatres, visibles dans plusieurs sites remarquables d\u2019Occitanie, comme la grotte de <a href=\"https:\/\/www.pyrenees-ariegeoises.com\/a-voir-a-faire\/grotte-de-niaux-niaux-fr-4309965\/\" target=\"_blank\" rel=\"noopener nofollow\">Niaux <\/a>en Ari\u00e8ge, celle du <a href=\"https:\/\/www.pechmerle.com\/\" target=\"_blank\" rel=\"noopener nofollow\">Pech Merle<\/a> dans le Lot ou encore la grotte de <a href=\"https:\/\/grottesdegargas.fr\/\" target=\"_blank\" rel=\"noopener nofollow\">Gargas <\/a>dans les Hautes-Pyr\u00e9n\u00e9es.<\/p>\n","protected":false},"excerpt":{"rendered":"Dans une grotte du Comminges, un sp\u00e9l\u00e9ologue a d\u00e9couvert deux chevaux sur une paroi, imitant les peintures de&hellip;\n","protected":false},"author":2,"featured_media":309855,"comment_status":"","ping_status":"","sticky":false,"template":"","format":"standard","meta":{"footnotes":""},"categories":[1888],"tags":[1111,1928,11,1927,1777,674,1011,27,12,1926,626,1925,25],"class_list":{"0":"post-309854","1":"post","2":"type-post","3":"status-publish","4":"format-standard","5":"has-post-thumbnail","7":"category-paris","8":"tag-actu","9":"tag-actu-paris","10":"tag-actualites","11":"tag-actualites-paris","12":"tag-eu","13":"tag-europe","14":"tag-fr","15":"tag-france","16":"tag-news","17":"tag-news-paris","18":"tag-paris","19":"tag-paris-news","20":"tag-republique-francaise"},"share_on_mastodon":{"url":"https:\/\/pubeurope.com\/@fr\/115005668875827087","error":""},"_links":{"self":[{"href":"https:\/\/www.europesays.com\/fr\/wp-json\/wp\/v2\/posts\/309854","targetHints":{"allow":["GET"]}}],"collection":[{"href":"https:\/\/www.europesays.com\/fr\/wp-json\/wp\/v2\/posts"}],"about":[{"href":"https:\/\/www.europesays.com\/fr\/wp-json\/wp\/v2\/types\/post"}],"author":[{"embeddable":true,"href":"https:\/\/www.europesays.com\/fr\/wp-json\/wp\/v2\/users\/2"}],"replies":[{"embeddable":true,"href":"https:\/\/www.europesays.com\/fr\/wp-json\/wp\/v2\/comments?post=309854"}],"version-history":[{"count":0,"href":"https:\/\/www.europesays.com\/fr\/wp-json\/wp\/v2\/posts\/309854\/revisions"}],"wp:featuredmedia":[{"embeddable":true,"href":"https:\/\/www.europesays.com\/fr\/wp-json\/wp\/v2\/media\/309855"}],"wp:attachment":[{"href":"https:\/\/www.europesays.com\/fr\/wp-json\/wp\/v2\/media?parent=309854"}],"wp:term":[{"taxonomy":"category","embeddable":true,"href":"https:\/\/www.europesays.com\/fr\/wp-json\/wp\/v2\/categories?post=309854"},{"taxonomy":"post_tag","embeddable":true,"href":"https:\/\/www.europesays.com\/fr\/wp-json\/wp\/v2\/tags?post=309854"}],"curies":[{"name":"wp","href":"https:\/\/api.w.org\/{rel}","templated":true}]}}