{"id":309861,"date":"2025-08-10T17:36:18","date_gmt":"2025-08-10T17:36:18","guid":{"rendered":"https:\/\/www.europesays.com\/fr\/309861\/"},"modified":"2025-08-10T17:36:18","modified_gmt":"2025-08-10T17:36:18","slug":"direct-guerre-en-ukraine-la-cheffe-de-la-diplomatie-europeenne-convoque-une-reunion-europeenne-extraordinaire-lundi-en-marge-du-sommet-trump-poutine","status":"publish","type":"post","link":"https:\/\/www.europesays.com\/fr\/309861\/","title":{"rendered":"DIRECT. Guerre en Ukraine\u00a0: la cheffe de la diplomatie europ\u00e9enne convoque une r\u00e9union europ\u00e9enne \u00ab\u00a0extraordinaire\u00a0\u00bb lundi, en marge du sommet Trump-Poutine"},"content":{"rendered":"<p>18h55.La cheffe de la diplomatie europ\u00e9enne Kaja Kallas convoque une r\u00e9union europ\u00e9enne \u00ab\u00a0extraordinaire\u00a0\u00bb lundi<\/p>\n<p class=\"live-post__amorce\">\u00ab\u00a0Je convoquerai lundi une r\u00e9union extraordinaire des ministres des Affaires \u00e9trang\u00e8res de l&rsquo;UE afin de discuter des prochaines \u00e9tapes\u00a0\u00bb, a-t-elle soulign\u00e9. \u00ab\u00a0Tout accord entre les \u00c9tats-Unis et la Russie doit inclure l&rsquo;Ukraine et l&rsquo;UE, car c&rsquo;est une question de s\u00e9curit\u00e9 pour l&rsquo;Ukraine et pour l&rsquo;ensemble de l&rsquo;Europe,\u00a0\u00bb a insist\u00e9 Mme Kallas dans un communiqu\u00e9, avant la rencontre Tump-Poutine pr\u00e9vue vendredi, qui fait craindre \u00e0 Kiev un accord \u00e0 ses d\u00e9pens.<\/p>\n<p>18h55.Sommet Trump-Poutine : Merz insiste pour que Zelensky soit pr\u00e9sent<\/p>\n<p class=\"live-post__amorce\">Le chancelier allemand Friedrich Merz a insist\u00e9 dimanche pour que le pr\u00e9sident ukrainien Volodymyr Zelensky soit pr\u00e9sent au sommet pr\u00e9vu vendredi entre Donald Trump et Vladimir Poutine, affirmant ne pouvoir accepter \u00ab\u00a0en aucun cas\u00a0\u00bb que les Ukrainiens et Europ\u00e9ens ne soient pas consult\u00e9s. \u00ab\u00a0Nous esp\u00e9rons et pr\u00e9sumons que le gouvernement ukrainien, que le pr\u00e9sident Zelensky, feront partie de cette rencontre\u00a0\u00bb, a affirm\u00e9 Friedrich Merz dans un entretien \u00e0 la t\u00e9l\u00e9vision ARD. <\/p>\n<p>11h09.L&rsquo;Ukraine annonce avoir repris un village dans l&rsquo;oblast de Soumy<\/p>\n<p class=\"live-post__amorce\">L&rsquo;\u00e9tat-major de l&rsquo;arm\u00e9e ukrainienne annonce que ses soldats ont lib\u00e9r\u00e9 un village de l&rsquo;oblast de Soumy, le village de Bezsalivka, et avoir \u00e9loign\u00e9 les troupes russes. 18 soldats russes seraient morts pendant les combats.<\/p>\n<p>09h22.L&rsquo;Ukraine attaque une raffinerie en Russie<\/p>\n<p class=\"live-post__amorce\">Des drones ukrainiens ont pris pour cible, dans la nuit de samedi \u00e0 ce dimanche, une raffinerie dans la r\u00e9gion de Saratov \u00e0 720 km au sud de Moscou. A proximit\u00e9 de cette raffinerie se trouve la base a\u00e9rienne o\u00f9 sont stationn\u00e9s les Tu-95 et Tu-160 utilis\u00e9s par l&rsquo;arm\u00e9e russe pour bombarder l&rsquo;Ukraine. La raffinerie avait d\u00e9j\u00e0 \u00e9t\u00e9 prise pour cible le 1er juillet. <\/p>\n<p>08h29.Un sommet \u00e0 3 avec Poutine et Zelensky ? Donald Trump n&rsquo;y serait pas oppos\u00e9<\/p>\n<p class=\"live-post__amorce\">Volodymyr Zelensky va-t-il participer \u00e0 la rencontre entre Donald Trump et Vladimir Poutine le 15 ao\u00fbt ? Selon les m\u00e9dias am\u00e9ricains  <a href=\"https:\/\/www.nbcnews.com\/politics\/trump-administration\/white-house-considering-inviting-zelenskyy-alaska-rcna224070\" target=\"_blank\" rel=\"noopener noreferrer nofollow\" class=\"\">NBC News<\/a> ,  <a href=\"https:\/\/www.nbcnews.com\/politics\/trump-administration\/white-house-considering-inviting-zelenskyy-alaska-rcna224070\" target=\"_blank\" rel=\"noopener noreferrer nofollow\" class=\"\">CNN<\/a>  et l&rsquo;agence de presse  <a href=\"https:\/\/www.reuters.com\/world\/europe\/trump-open-alaska-summit-with-putin-zelenskiy-white-house-says-2025-08-10\/\" target=\"_blank\" rel=\"noopener noreferrer nofollow\" class=\"\">Reuters<\/a> , la Maison Blanche envisage d&rsquo;inviter le pr\u00e9sident ukrainien en Alaska le 15 ao\u00fbt. Un responsable indique, sans donner son nom, que Donald Trump est \u00ab\u00a0ouvert \u00e0 un sommet trilat\u00e9ral\u00a0\u00bb mais que la Maison blanche organise \u00e0 ce stade \u00ab\u00a0la r\u00e9union bilat\u00e9rale demand\u00e9e par le pr\u00e9sident Poutine\u00a0\u00bb.<\/p>\n<p>08h00.Ce que l&rsquo;on sait sur la rencontre Trump-Poutine du 15 ao\u00fbt<\/p>\n<p class=\"live-post__amorce\">Les dirigeants russe et am\u00e9ricain doivent se retrouver le 15\u00a0ao\u00fbt en Alaska, aux \u00c9tats-Unis, dans le cadre des efforts de Donald Trump pour trouver une issue \u00e0 l\u2019invasion russe de l\u2019Ukraine lanc\u00e9e en 2022. Que faut-il attendre de cette rencontre\u00a0? \u00c9lements de r\u00e9ponse  <a href=\"https:\/\/www.ladepeche.fr\/2025\/08\/10\/guerre-en-ukraine-absence-de-zelensky-rendez-vous-en-alaska-compromis-territoriaux-tout-ce-quil-faut-savoir-avant-la-rencontre-trump-poutine-12868805.php\" target=\"_blank\" rel=\"noopener noreferrer nofollow\" class=\"\">dans notre article<\/a> .<\/p>\n<p>07h30.Les forces russes continuent leur progression<\/p>\n<p class=\"live-post__amorce\">Sur le terrain, les affrontements et frappes meurtri\u00e8res se poursuivent et l&rsquo;arm\u00e9e russe continue d&rsquo;avancer dans l&rsquo;est face \u00e0 un adversaire moins nombreux et moins bien \u00e9quip\u00e9. Samedi, le minist\u00e8re russe de la D\u00e9fense a revendiqu\u00e9 la prise de la localit\u00e9 d&rsquo;Iablonivka dans la r\u00e9gion industrielle et mini\u00e8re de Donetsk (est), o\u00f9 se concentre l&rsquo;essentiel des combats.<\/p>\n<p>07h18.Que souhaite Vladimir Poutine ?<\/p>\n<p class=\"live-post__amorce\">L&rsquo;arm\u00e9e russe contr\u00f4le actuellement environ 20% du territoire ukrainien. A l&rsquo;heure actuelle, Moscou r\u00e9clame que l&rsquo;Ukraine lui c\u00e8de quatre r\u00e9gions partiellement occup\u00e9es (Donetsk, Lougansk, Zaporijjia et Kherson), en plus de la Crim\u00e9e annex\u00e9e en 2014, et qu&rsquo;elle renonce aux livraisons d&rsquo;armes occidentales et \u00e0 toute adh\u00e9sion \u00e0 l&rsquo;Otan. Des exigences inacceptables pour Kiev, qui veut le retrait des troupes russes de son territoire et des garanties de s\u00e9curit\u00e9 occidentales<\/p>\n<p>07h10.\u00a0\u00bbLe soutien du Royaume-Uni \u00e0 l&rsquo;Ukraine demeure ind\u00e9fectible\u00a0\u00bb<\/p>\n<p class=\"live-post__amorce\">Le ministre britannique des Affaires \u00e9trang\u00e8res David Lammy a re\u00e7u samedi \u00e0 Londres le vice-pr\u00e9sident am\u00e9ricain JD Vance, le chef de l&rsquo;administration pr\u00e9sidentielle ukrainienne Andri\u00ef Iermak, ainsi que des les conseillers \u00e0 la s\u00e9curit\u00e9 nationale europ\u00e9ens. David Lammy a \u00e9crit que X que \u00ab\u00a0le soutien du Royaume-Uni \u00e0 l&rsquo;Ukraine demeure ind\u00e9fectible\u00a0\u00bb et qu&rsquo;il \u00ab\u00a0continue d&rsquo;oeuvrer pour une paix juste et durable\u00a0\u00bb.<\/p>\n<p>07h05.Emmanuel Macron :\u00a0\u00ab\u00a0L&rsquo;avenir de l&rsquo;Ukraine\u00a0\u00bb ne peut \u00ab\u00a0se d\u00e9cider sans les Ukrainiens\u00a0\u00bb<\/p>\n<p class=\"live-post__amorce\">Emmanuel Macron s&rsquo;est entretenu au t\u00e9l\u00e9phone avec Volodymyr Zelensky samedi. Le chef de l&rsquo;Etat fran\u00e7ais affirme que \u00ab\u00a0l&rsquo;avenir de l&rsquo;Ukraine\u00a0\u00bb ne peut \u00ab\u00a0se d\u00e9cider sans les Ukrainiens\u00a0\u00bb. \u00ab\u00a0Les Europ\u00e9ens seront aussi n\u00e9cessairement partie \u00e0 la solution car il en va de leur s\u00e9curit\u00e9\u00a0\u00bb, a-t-il \u00e9crit sur X.<\/p>\n<blockquote data-class=\"twitter-tweet\">\n<p lang=\"fr\" dir=\"ltr\">Je viens d\u2019\u00e9changer de nouveau avec le Pr\u00e9sident Zelensky ainsi qu\u2019avec le Chancelier Merz et le Premier ministre Starmer.<\/p>\n<p>Nous restons d\u00e9termin\u00e9s \u00e0 soutenir l&rsquo;Ukraine, en travaillant dans un esprit d&rsquo;unit\u00e9 et en nous appuyant sur le travail entrepris\u2026<\/p>\n<p>\u2014 Emmanuel Macron (@EmmanuelMacron) <a href=\"https:\/\/twitter.com\/EmmanuelMacron\/status\/1954187658139209882?ref_src=twsrc%5Etfw\" rel=\"nofollow noopener\" target=\"_blank\">August 9, 2025<\/a><\/p><\/blockquote>\n<p>07h03.Volodymyr Zelensky ne veut pas c\u00e9der de territoire en \u00e9change de la paix<\/p>\n<p class=\"live-post__amorce\">Donald Trump et Vladimir Poutine doivent se rencontrer le 15 ao\u00fbt en Alaska pour \u00e9voquer la guerre en Ukraine. \u00ab\u00a0Un r\u00e8glement du conflit comprendra des \u00e9changes de territoires au b\u00e9n\u00e9fice de chacun\u00a0\u00bb, avait dit Donald Trump vendredi. Hors de question pour Volodymyr Zelensky. Il ne souhaite pas c\u00e9der des territoires \u00e0 la Russie pour obtenir la paix. Cette rencontre tr\u00e8s attendue se d\u00e9roulera sans Volodymyr Zelensky, qui ne cesse pourtant d&rsquo;exiger d&rsquo;\u00eatre partie prenante. \u00ab\u00a0Toute d\u00e9cision qui serait prise contre nous, toute d\u00e9cision qui serait prise sans l&rsquo;Ukraine, serait une d\u00e9cision contre la paix\u00a0\u00bb, a averti Volodymyr Zelensky sur les r\u00e9seaux sociaux.<\/p>\n<p>07h01.Avant le sommet Trump-Poutine, les Europ\u00e9ens demandent d&rsquo;exercer \u00ab\u00a0une pression\u00a0\u00bb sur Moscou\u00a0<\/p>\n<p class=\"live-post__amorce\">Les principaux dirigeants europ\u00e9ens se disent convaincus que \u00ab\u00a0seule une approche combinant une diplomatie active, un soutien \u00e0 l&rsquo;Ukraine et une pression sur la F\u00e9d\u00e9ration de Russie\u00a0\u00bb pouvait r\u00e9ussir pour mettre fin \u00e0 la guerre entre l&rsquo;Ukraine et la Russie. \u00ab\u00a0Nous saluons le travail du pr\u00e9sident Trump pour arr\u00eater le massacre en Ukraine\u00a0\u00bb et \u00ab\u00a0sommes pr\u00eats \u00e0 soutenir ce travail sur le plan diplomatique ainsi qu&rsquo;en maintenant notre soutien militaire et financier substantiel \u00e0 l&rsquo;Ukraine, y compris par le biais des travaux de la Coalition des volontaires, et en maintenant et en imposant des mesures restrictives \u00e0 l&rsquo;encontre de la F\u00e9d\u00e9ration de Russie\u00a0\u00bb, ont indiqu\u00e9 ces dirigeants dans une d\u00e9claration sign\u00e9e par le pr\u00e9sident fran\u00e7ais Emmanuel Macron, la pr\u00e9sidente italienne du Conseil Giorgia Meloni, le chancelier allemand Friedrich Merz, le Premier ministre polonais Donald Tusk, le Premier ministre britannique Keir Starmer, la Pr\u00e9sidente de la Commission europ\u00e9enne Ursula Von Der Leyen et le Pr\u00e9sident finlandais Alex Stubb en amont de la rencontre pr\u00e9vue vendredi entre Donald Trump et Vladimir Poutine en Alaska.<\/p>\n<p>22h14.Bienvenue dans notre direct<\/p>\n<p class=\"live-post__amorce\">Suivez l&rsquo;actualit\u00e9 de la guerre en Ukraine sur  <a href=\"http:\/\/ladepeche.fr\" target=\"_blank\" rel=\"noopener noreferrer nofollow\" class=\"\">ladepeche.fr<\/a>  ce dimanche 10 ao\u00fbt 2025.<\/p>\n<p><script async src=\"https:\/\/platform.twitter.com\/widgets.js\" charset=\"utf-8\"><\/script><\/p>\n","protected":false},"excerpt":{"rendered":"18h55.La cheffe de la diplomatie europ\u00e9enne Kaja Kallas convoque une r\u00e9union europ\u00e9enne \u00ab\u00a0extraordinaire\u00a0\u00bb lundi \u00ab\u00a0Je convoquerai lundi une&hellip;\n","protected":false},"author":2,"featured_media":309862,"comment_status":"","ping_status":"","sticky":false,"template":"","format":"standard","meta":{"footnotes":""},"categories":[1591],"tags":[11,1887,12,1885,1886,132],"class_list":{"0":"post-309861","1":"post","2":"type-post","3":"status-publish","4":"format-standard","5":"has-post-thumbnail","7":"category-russie","8":"tag-actualites","9":"tag-federation-de-russie","10":"tag-news","11":"tag-russia","12":"tag-russian-federation","13":"tag-russie"},"share_on_mastodon":{"url":"https:\/\/pubeurope.com\/@fr\/115005684688932627","error":""},"_links":{"self":[{"href":"https:\/\/www.europesays.com\/fr\/wp-json\/wp\/v2\/posts\/309861","targetHints":{"allow":["GET"]}}],"collection":[{"href":"https:\/\/www.europesays.com\/fr\/wp-json\/wp\/v2\/posts"}],"about":[{"href":"https:\/\/www.europesays.com\/fr\/wp-json\/wp\/v2\/types\/post"}],"author":[{"embeddable":true,"href":"https:\/\/www.europesays.com\/fr\/wp-json\/wp\/v2\/users\/2"}],"replies":[{"embeddable":true,"href":"https:\/\/www.europesays.com\/fr\/wp-json\/wp\/v2\/comments?post=309861"}],"version-history":[{"count":0,"href":"https:\/\/www.europesays.com\/fr\/wp-json\/wp\/v2\/posts\/309861\/revisions"}],"wp:featuredmedia":[{"embeddable":true,"href":"https:\/\/www.europesays.com\/fr\/wp-json\/wp\/v2\/media\/309862"}],"wp:attachment":[{"href":"https:\/\/www.europesays.com\/fr\/wp-json\/wp\/v2\/media?parent=309861"}],"wp:term":[{"taxonomy":"category","embeddable":true,"href":"https:\/\/www.europesays.com\/fr\/wp-json\/wp\/v2\/categories?post=309861"},{"taxonomy":"post_tag","embeddable":true,"href":"https:\/\/www.europesays.com\/fr\/wp-json\/wp\/v2\/tags?post=309861"}],"curies":[{"name":"wp","href":"https:\/\/api.w.org\/{rel}","templated":true}]}}