{"id":309865,"date":"2025-08-10T17:38:14","date_gmt":"2025-08-10T17:38:14","guid":{"rendered":"https:\/\/www.europesays.com\/fr\/309865\/"},"modified":"2025-08-10T17:38:14","modified_gmt":"2025-08-10T17:38:14","slug":"trump-somme-les-sans-abri-de-partir-loin-de-washington","status":"publish","type":"post","link":"https:\/\/www.europesays.com\/fr\/309865\/","title":{"rendered":"Trump somme les sans-abri de partir \u00ab\u00a0loin\u00a0\u00bb de Washington"},"content":{"rendered":"<p class=\"lead textModule textModule--type-lead \" style=\"\">(Washington) Donald Trump a exhort\u00e9 dimanche les sans-abri \u00e0 partir \u00ab\u00a0imm\u00e9diatement\u00a0\u00bb de Washington, assurant que le gouvernement leur fournirait un h\u00e9bergement, mais que celui-ci serait \u00ab\u00a0loin\u00a0\u00bb de la capitale am\u00e9ricaine. <\/p>\n<p>                    Publi\u00e9 \u00e0 12\u00a0h\u00a047<\/p>\n<p>        Mis \u00e0 jour \u00e0 13\u00a0h\u00a028<\/p>\n<p>    <a class=\"print\" href=\"https:\/\/www.lapresse.ca\/international\/etats-unis\/2025-08-10\/javascript:window.print();\" title=\"Imprimer la page\" rel=\"nofollow noopener\" target=\"_blank\"><\/p>\n<p>        <img loading=\"lazy\" decoding=\"async\" width=\"16\" height=\"18\" src=\"https:\/\/www.europesays.com\/fr\/wp-content\/uploads\/2025\/04\/share-icon.png\" alt=\"Partager\"\/><\/p>\n<p class=\"paragraph textModule textModule--type-paragraph \" style=\"\">Le pr\u00e9sident am\u00e9ricain doit donner une conf\u00e9rence de presse lundi sur son projet pour rendre la ville \u00ab\u00a0plus s\u00fbre et plus belle qu\u2019elle ne l\u2019a jamais \u00e9t\u00e9\u00a0\u00bb. <\/p>\n<p class=\"paragraph textModule textModule--type-paragraph \" style=\"\">\u00ab\u00a0Les sans-abri doivent partir, IMM\u00c9DIATEMENT. Nous vous donnerons des endroits o\u00f9 dormir, mais LOIN de la capitale\u00a0\u00bb, a-t-il \u00e9crit sur sa plateforme Truth\u00a0Social, avant de s\u2019adresser aux \u00ab\u00a0criminels\u00a0\u00bb. <\/p>\n<p class=\"paragraph textModule textModule--type-paragraph \" style=\"\">\u00ab\u00a0Vous, vous n\u2019avez pas besoin de partir. Nous allons vous mettre en prison, l\u00e0 o\u00f9 vous devriez vous trouver\u00a0\u00bb, a lanc\u00e9 le r\u00e9publicain. <\/p>\n<p class=\"epigraph textModule textModule--type-epigraph \" style=\"\">Selon le rapport annuel du d\u00e9partement du Logement, Washington se classait en 2024 au 15e\u00a0rang des grandes villes am\u00e9ricaines comptant le plus de sans-abri, avec plus de 5600\u00a0personnes recens\u00e9es. <\/p>\n<p class=\"paragraph textModule textModule--type-paragraph \" style=\"\">Depuis son retour \u00e0 la Maison-Blanche, Donald Trump a menac\u00e9 \u00e0 plusieurs reprises de replacer Washington sous le contr\u00f4le des autorit\u00e9s f\u00e9d\u00e9rales. <\/p>\n<p class=\"paragraph textModule textModule--type-paragraph \" style=\"\">La ville poss\u00e8de en effet un statut particulier aux \u00c9tats-Unis. \u00c9tablie apr\u00e8s la guerre d\u2019Ind\u00e9pendance pour servir de capitale, elle n\u2019est rattach\u00e9e \u00e0 aucun \u00c9tat am\u00e9ricain, et la Constitution pr\u00e9voit que le Congr\u00e8s ait comp\u00e9tence sur ses affaires. Depuis une loi de 1973, les habitants peuvent cependant \u00e9lire un conseil municipal, m\u00eame si ses d\u00e9cisions sont toujours contr\u00f4l\u00e9es par le Congr\u00e8s. <\/p>\n<p class=\"paragraph textModule textModule--type-paragraph \" style=\"\">Fin f\u00e9vrier, le milliardaire r\u00e9publicain avait assur\u00e9 qu\u2019il soutenait un projet l\u00e9gislatif visant \u00e0 revenir sur cette loi, notamment pour am\u00e9liorer la lutte contre la criminalit\u00e9. <\/p>\n<p>                    \u00ab Avec force \u00bb<\/p>\n<p class=\"paragraph textModule textModule--type-paragraph \" style=\"\">\u00ab Il y a trop de crime, de graffitis, trop de tentes [de sans-abri, NDLR] sur les pelouses, ces magnifiques pelouses \u00bb, avait-il alors d\u00e9clar\u00e9 \u00e0 la presse, en insistant sur l\u2019importance de l\u2019apparence de la capitale am\u00e9ricaine o\u00f9 viennent r\u00e9guli\u00e8rement de hauts dignitaires \u00e9trangers.<\/p>\n<p class=\"paragraph textModule textModule--type-paragraph \" style=\"\">Et fin mars, il avait sign\u00e9 un d\u00e9cret pour accro\u00eetre la supervision de son gouvernement sur la municipalit\u00e9, notamment en mati\u00e8re de lutte contre l\u2019immigration clandestine. <\/p>\n<p class=\"paragraph textModule textModule--type-paragraph \" style=\"\">Washington vote historiquement d\u00e9mocrate, et la rivale de Donald Trump lors de l\u2019\u00e9lection de novembre, Kamala Harris, y avait r\u00e9colt\u00e9 plus de 90\u00a0% des voix. <\/p>\n<p class=\"paragraph textModule textModule--type-paragraph \" style=\"\">La mairesse de Washington, Muriel Bowser, a adopt\u00e9 une strat\u00e9gie de conciliation avec Donald Trump. <\/p>\n<p>                                        <img decoding=\"async\" src=\"https:\/\/www.europesays.com\/fr\/wp-content\/uploads\/2025\/08\/37ade1ab2b5436be9fdfbbe519cba384.jpg\" alt=\"\" class=\"photoModule__visual\" itemprop=\"contentUrl url\"\/><\/p>\n<p class=\"credit photoModule__caption photoModule__caption--credit\" style=\"\">\n                    PHOTO JOSE LUIS MAGANA, ARCHIVES ASSOCIATED PRESS\n                <\/p>\n<p class=\"description photoModule__caption photoModule__caption--description\" style=\"\">\n                    La mairesse de Washington, Muriel Bowser\n                <\/p>\n<p class=\"paragraph textModule textModule--type-paragraph \" style=\"\">L\u2019\u00e9dile d\u00e9mocrate a notamment d\u00e9cid\u00e9 en mars d\u2019effacer une fresque peinte en 2020 aux couleurs du mouvement antiraciste Black Lives Matter, et qui se trouvait dans le viseur des r\u00e9publicains depuis. <\/p>\n<p class=\"paragraph textModule textModule--type-paragraph \" style=\"\">Interrog\u00e9e sur la cha\u00eene MSNBC, avant les d\u00e9clarations de Donald Trump, la mairesse a affirm\u00e9 dimanche que la conf\u00e9rence de presse du pr\u00e9sident le lendemain porterait probablement sur \u00ab un afflux des forces de l\u2019ordre f\u00e9d\u00e9rales \u00bb dans la ville.<\/p>\n<p class=\"paragraph textModule textModule--type-paragraph \" style=\"\">Muriel Bowser a \u00e9galement d\u00e9menti une hausse de la criminalit\u00e9 \u00e0 Washington, soulignant que les statistiques montraient \u00ab des tendances dans la bonne direction pour chaque cat\u00e9gorie. \u00bb<\/p>\n<p class=\"paragraph textModule textModule--type-paragraph \" style=\"\">Le d\u00e9partement de la Justice avait annonc\u00e9 d\u00e9but janvier que les faits de criminalit\u00e9 violente \u00e0 Washington avaient atteint en 2024 leur niveau le plus bas en plus de 30 ans.<\/p>\n<p class=\"paragraph textModule textModule--type-paragraph \" style=\"\">\u00ab Toute comparaison avec un pays ravag\u00e9 par la guerre est exag\u00e9r\u00e9e et erron\u00e9e \u00bb, a-t-elle ajout\u00e9, r\u00e9pondant \u00e0 Stephen Miller, proche conseiller de Donald Trump \u00e0 la Maison-Blanche, qui avait affirm\u00e9 jeudi que Washington \u00e9tait \u00ab plus violente que Bagdad \u00bb.<\/p>\n","protected":false},"excerpt":{"rendered":"(Washington) Donald Trump a exhort\u00e9 dimanche les sans-abri \u00e0 partir \u00ab\u00a0imm\u00e9diatement\u00a0\u00bb de Washington, assurant que le gouvernement leur&hellip;\n","protected":false},"author":2,"featured_media":309866,"comment_status":"","ping_status":"","sticky":false,"template":"","format":"standard","meta":{"footnotes":""},"categories":[1589],"tags":[11,73,1866,12,1864,1865,1863,308],"class_list":{"0":"post-309865","1":"post","2":"type-post","3":"status-publish","4":"format-standard","5":"has-post-thumbnail","7":"category-etats-unis","8":"tag-actualites","9":"tag-etats-unis","10":"tag-etats-unis-damerique","11":"tag-news","12":"tag-united-states","13":"tag-united-states-of-america","14":"tag-us","15":"tag-usa"},"share_on_mastodon":{"url":"https:\/\/pubeurope.com\/@fr\/115005692648255165","error":""},"_links":{"self":[{"href":"https:\/\/www.europesays.com\/fr\/wp-json\/wp\/v2\/posts\/309865","targetHints":{"allow":["GET"]}}],"collection":[{"href":"https:\/\/www.europesays.com\/fr\/wp-json\/wp\/v2\/posts"}],"about":[{"href":"https:\/\/www.europesays.com\/fr\/wp-json\/wp\/v2\/types\/post"}],"author":[{"embeddable":true,"href":"https:\/\/www.europesays.com\/fr\/wp-json\/wp\/v2\/users\/2"}],"replies":[{"embeddable":true,"href":"https:\/\/www.europesays.com\/fr\/wp-json\/wp\/v2\/comments?post=309865"}],"version-history":[{"count":0,"href":"https:\/\/www.europesays.com\/fr\/wp-json\/wp\/v2\/posts\/309865\/revisions"}],"wp:featuredmedia":[{"embeddable":true,"href":"https:\/\/www.europesays.com\/fr\/wp-json\/wp\/v2\/media\/309866"}],"wp:attachment":[{"href":"https:\/\/www.europesays.com\/fr\/wp-json\/wp\/v2\/media?parent=309865"}],"wp:term":[{"taxonomy":"category","embeddable":true,"href":"https:\/\/www.europesays.com\/fr\/wp-json\/wp\/v2\/categories?post=309865"},{"taxonomy":"post_tag","embeddable":true,"href":"https:\/\/www.europesays.com\/fr\/wp-json\/wp\/v2\/tags?post=309865"}],"curies":[{"name":"wp","href":"https:\/\/api.w.org\/{rel}","templated":true}]}}