{"id":309867,"date":"2025-08-10T17:39:13","date_gmt":"2025-08-10T17:39:13","guid":{"rendered":"https:\/\/www.europesays.com\/fr\/309867\/"},"modified":"2025-08-10T17:39:13","modified_gmt":"2025-08-10T17:39:13","slug":"royaume-uni-plus-de-500-arrestations-lors-dune-manifestation-de-soutien-a-palestine-action","status":"publish","type":"post","link":"https:\/\/www.europesays.com\/fr\/309867\/","title":{"rendered":"Royaume-Uni\u00a0 | Plus de 500\u00a0arrestations lors d\u2019une manifestation de soutien \u00e0 Palestine\u00a0Action"},"content":{"rendered":"<p class=\"lead textModule textModule--type-lead \" style=\"\">(Londres) La police de Londres a annonc\u00e9 avoir arr\u00eat\u00e9 522\u00a0partisans de l\u2019organisation interdire Palestine Action lors de la manifestation de soutien au groupe samedi dans la capitale britannique, dans un nouveau bilan publi\u00e9 dimanche. <\/p>\n<p>                    Publi\u00e9 \u00e0 12\u00a0h\u00a028<\/p>\n<p>    <a class=\"print\" href=\"https:\/\/www.lapresse.ca\/international\/europe\/2025-08-10\/royaume-uni\/javascript:window.print();\" title=\"Imprimer la page\" rel=\"nofollow noopener\" target=\"_blank\"><\/p>\n<p>        <img loading=\"lazy\" decoding=\"async\" width=\"16\" height=\"18\" src=\"https:\/\/www.europesays.com\/fr\/wp-content\/uploads\/2025\/04\/share-icon.png\" alt=\"Partager\"\/><\/p>\n<p class=\"paragraph textModule textModule--type-paragraph \" style=\"\">\u00ab\u00a0La grande majorit\u00e9 des arrestations \u2013 522\u00a0\u2013 ont eu lieu pour avoir affich\u00e9 un objet [dans ce cas une pancarte] en soutien \u00e0 une organisation proscrite [dans ce cas Palestine\u00a0Action], en violation de l\u2019article\u00a013 de la loi antiterroriste de 2000\u00a0\u00bb, \u00e9crit-elle dans un communiqu\u00e9. <\/p>\n<p class=\"paragraph textModule textModule--type-paragraph \" style=\"\">Ce chiffre est l\u2019un des plus \u00e9lev\u00e9s jamais enregistr\u00e9s lors d\u2019une manifestation dans la capitale britannique. <\/p>\n<p class=\"paragraph textModule textModule--type-paragraph \" style=\"\">Samedi, plusieurs centaines de personnes se sont rassembl\u00e9es dans le centre de Londres, non loin du Parlement, en soutien \u00e0 l\u2019organisation. <\/p>\n<p class=\"paragraph textModule textModule--type-paragraph \" style=\"\">\u00c0 l\u2019appel du groupe Defend Our Juries, les manifestants ont brandi la pancarte interdite \u00ab\u00a0Je m\u2019oppose au g\u00e9nocide, je soutiens Palestine\u00a0Action\u00a0\u00bb.\u00a0\u00a0<\/p>\n<p class=\"paragraph textModule textModule--type-paragraph \" style=\"\">Un total de 521\u00a0personnes ont \u00e9t\u00e9 arr\u00eat\u00e9es sur place. Une autre arrestation a \u00e9t\u00e9 faite dans une manifestation de soutien \u00e0 Gaza qui s\u2019est d\u00e9roul\u00e9e le m\u00eame jour dans un autre endroit de la capitale. <\/p>\n<p>                                        <img decoding=\"async\" src=\"https:\/\/www.europesays.com\/fr\/wp-content\/uploads\/2025\/08\/e1eb76e15d773c6398a52318460391c3.jpg\" alt=\"\" class=\"photoModule__visual\" itemprop=\"contentUrl url\"\/><\/p>\n<p class=\"credit photoModule__caption photoModule__caption--credit\" style=\"\">\n                    PHOTO HENRY NICHOLLS, ARCHIVES AGENCE FRANCE-PRESSE\n                <\/p>\n<p class=\"description photoModule__caption photoModule__caption--description\" style=\"\">\n                    Un manifestant est emmen\u00e9 par la police lors d\u2019une manifestation en soutien \u00e0 Palestine\u00a0Action, une organisation interdite, appelant \u00e0 la lev\u00e9e de l\u2019interdiction r\u00e9cemment impos\u00e9e, pr\u00e8s du Parlement, dans le centre de Londres, le 9\u00a0ao\u00fbt\u00a02025.\n                <\/p>\n<p class=\"paragraph textModule textModule--type-paragraph \" style=\"\">En outre, la police indique avoir proc\u00e9d\u00e9 \u00e0 10\u00a0arrestations suppl\u00e9mentaires pour des agressions contre des policiers ou pour obstruction. <\/p>\n<p class=\"paragraph textModule textModule--type-paragraph \" style=\"\">Elle pr\u00e9cise que l\u2019\u00e2ge moyen des personnes arr\u00eat\u00e9es est de 54\u00a0ans et qu\u2019il y avait autant de femmes que d\u2019hommes. <\/p>\n<p class=\"paragraph textModule textModule--type-paragraph \" style=\"\">\u00ab\u00a0Au cours des prochains jours et semaines, les agents du Commandement antiterroriste de la police m\u00e9tropolitaine travailleront \u00e0 constituer les dossiers n\u00e9cessaires pour engager des poursuites contre les personnes arr\u00eat\u00e9es\u00a0\u00bb, pr\u00e9cise le communiqu\u00e9. <\/p>\n<p class=\"paragraph textModule textModule--type-paragraph \" style=\"\">Elles encourent jusqu\u2019\u00e0 six mois de prison. <\/p>\n<p class=\"epigraph textModule textModule--type-epigraph \" style=\"\">Palestine\u00a0Action a \u00e9t\u00e9 ajout\u00e9e d\u00e9but juillet \u00e0 la liste des organisations consid\u00e9r\u00e9es comme \u00ab\u00a0terroristes\u00a0\u00bb au Royaume-Uni, apr\u00e8s des actes de vandalisme perp\u00e9tr\u00e9s par ses militants, notamment sur une base de l\u2019arm\u00e9e de l\u2019air. <\/p>\n<p class=\"paragraph textModule textModule--type-paragraph \" style=\"\">Plus de 200 de ses partisans avaient d\u00e9j\u00e0 \u00e9t\u00e9 interpell\u00e9s avant la manifestation de samedi, selon Tim Crosland, un repr\u00e9sentant de Defend Our Juries.\u00a0\u00a0<\/p>\n<p class=\"paragraph textModule textModule--type-paragraph \" style=\"\">Trois personnes ont \u00e9t\u00e9 inculp\u00e9es en vertu de la loi antiterroriste jeudi pour avoir exprim\u00e9 leur soutien \u00e0 Palestine\u00a0Action. <\/p>\n<p class=\"paragraph textModule textModule--type-paragraph \" style=\"\">La guerre dans la bande de Gaza a \u00e9t\u00e9 d\u00e9clench\u00e9e apr\u00e8s l\u2019attaque sans pr\u00e9c\u00e9dent du Hamas en Isra\u00ebl le 7\u00a0octobre\u00a02023 qui a entra\u00een\u00e9 la mort de 1219\u00a0personnes, en majorit\u00e9 des civils, selon un d\u00e9compte de l\u2019AFP r\u00e9alis\u00e9 \u00e0 partir de donn\u00e9es officielles isra\u00e9liennes.\u00a0\u00a0<\/p>\n<p class=\"paragraph textModule textModule--type-paragraph \" style=\"\">Les repr\u00e9sailles isra\u00e9liennes ont depuis fait au moins 61\u00a0430\u00a0morts dans ce territoire palestinien, majoritairement des civils, selon les chiffres du minist\u00e8re de la Sant\u00e9 du Hamas, jug\u00e9s fiables par l\u2019ONU. <\/p>\n","protected":false},"excerpt":{"rendered":"(Londres) La police de Londres a annonc\u00e9 avoir arr\u00eat\u00e9 522\u00a0partisans de l\u2019organisation interdire Palestine Action lors de la&hellip;\n","protected":false},"author":2,"featured_media":309868,"comment_status":"","ping_status":"","sticky":false,"template":"","format":"standard","meta":{"footnotes":""},"categories":[1588],"tags":[11,1777,674,12,473,1853,1851,1850,1852],"class_list":{"0":"post-309867","1":"post","2":"type-post","3":"status-publish","4":"format-standard","5":"has-post-thumbnail","7":"category-royaume-uni","8":"tag-actualites","9":"tag-eu","10":"tag-europe","11":"tag-news","12":"tag-royaume-uni","13":"tag-royaume-uni-de-grande-bretagne-et-dirlande-du-nord","14":"tag-uk","15":"tag-united-kingdom","16":"tag-united-kingdom-of-great-britain-and-northern-ireland"},"share_on_mastodon":{"url":"https:\/\/pubeurope.com\/@fr\/115005696547518225","error":""},"_links":{"self":[{"href":"https:\/\/www.europesays.com\/fr\/wp-json\/wp\/v2\/posts\/309867","targetHints":{"allow":["GET"]}}],"collection":[{"href":"https:\/\/www.europesays.com\/fr\/wp-json\/wp\/v2\/posts"}],"about":[{"href":"https:\/\/www.europesays.com\/fr\/wp-json\/wp\/v2\/types\/post"}],"author":[{"embeddable":true,"href":"https:\/\/www.europesays.com\/fr\/wp-json\/wp\/v2\/users\/2"}],"replies":[{"embeddable":true,"href":"https:\/\/www.europesays.com\/fr\/wp-json\/wp\/v2\/comments?post=309867"}],"version-history":[{"count":0,"href":"https:\/\/www.europesays.com\/fr\/wp-json\/wp\/v2\/posts\/309867\/revisions"}],"wp:featuredmedia":[{"embeddable":true,"href":"https:\/\/www.europesays.com\/fr\/wp-json\/wp\/v2\/media\/309868"}],"wp:attachment":[{"href":"https:\/\/www.europesays.com\/fr\/wp-json\/wp\/v2\/media?parent=309867"}],"wp:term":[{"taxonomy":"category","embeddable":true,"href":"https:\/\/www.europesays.com\/fr\/wp-json\/wp\/v2\/categories?post=309867"},{"taxonomy":"post_tag","embeddable":true,"href":"https:\/\/www.europesays.com\/fr\/wp-json\/wp\/v2\/tags?post=309867"}],"curies":[{"name":"wp","href":"https:\/\/api.w.org\/{rel}","templated":true}]}}