{"id":309875,"date":"2025-08-10T17:43:17","date_gmt":"2025-08-10T17:43:17","guid":{"rendered":"https:\/\/www.europesays.com\/fr\/309875\/"},"modified":"2025-08-10T17:43:17","modified_gmt":"2025-08-10T17:43:17","slug":"cette-declaration-dachraf-hakimi-ne-va-pas-rassurer-son-coequipier-ousmane-dembele","status":"publish","type":"post","link":"https:\/\/www.europesays.com\/fr\/309875\/","title":{"rendered":"cette d\u00e9claration d\u2019Achraf Hakimi ne va pas rassurer son co\u00e9quipier Ousmane Demb\u00e9l\u00e9"},"content":{"rendered":"<p>        <img decoding=\"async\" loading=\"lazy\" src=\"https:\/\/www.europesays.com\/fr\/wp-content\/uploads\/2025\/08\/a01de0d_upload-1-ygy1drccsr47-afp-20250713-2224939779-v3-highres-chelseafcvparissaintgermainfinalfif.jpeg\"  width=\"728\" height=\"409\" alt=\"Le d\u00e9fenseur marocain du PSG, Achraf Hakimi, avant la finale de Coupe du monde des clubs face \u00e0 Chelsea, le 13\u00a0juillet 2025\u00a0au MetLife Stadium, dans le New Jersey, aux Etats-Unis.\"\/>  <\/p>\n<p>BUDA MENDES \/ Getty Images via AFP<\/p>\n<p>Le d\u00e9fenseur marocain du PSG, Achraf Hakimi, avant la finale de Coupe du monde des clubs face \u00e0 Chelsea, le 13\u00a0juillet 2025\u00a0au MetLife Stadium, dans le New Jersey, aux Etats-Unis.<\/p>\n<p class=\"asset asset-text\">FOOTBALL &#8211; <a href=\"https:\/\/www.huffingtonpost.fr\/sport\/article\/espagne-france-ousmane-dembele-deja-ballon-d-or-ces-joueurs-peuvent-lui-barrer-la-route_250848.html\" target=\"_blank\" rel=\"noopener\">Ousmane Demb\u00e9l\u00e9<\/a> pourrait-il passer \u00e0 c\u00f4t\u00e9 du Ballon d\u2019Or\u2026 \u00c0 cause de l\u2019un de ses co\u00e9quipiers\u00a0? C\u2019est une possibilit\u00e9 qui pourrait bien se produire, alors que l\u2019attaquant parisien est jusqu\u2019ici le grand favori aux c\u00f4t\u00e9s du prodige espagnol du FC Barcelone, <a href=\"https:\/\/www.huffingtonpost.fr\/sport\/article\/ballon-d-or-lamine-yamal-parmi-les-favoris-propose-a-ousmane-dembele-le-match-espagne-france-pour-trancher_250844.html\" target=\"_blank\" rel=\"noopener\">Lamine Yamal<\/a>. Car un autre joueur parisien, d\u00e9cisif \u00e0 de multiples reprises, lorgne \u00e9galement le troph\u00e9e r\u00e9compensant le meilleur joueur de la saison, qui sera d\u00e9cern\u00e9 le 22\u00a0septembre prochain\u00a0: Achraf Hakimi.<\/p>\n<p class=\"asset asset-text\">Souvent cit\u00e9 parmi les pr\u00e9tendants au sacre, le d\u00e9fenseur marocain &#8211; mis en examen pour viol &#8211; s\u2019est officiellement d\u00e9clar\u00e9 candidat dans une interview \u00e0 Canal+ publi\u00e9e ce samedi. \u00ab\u00a0Quand les gens me mettent dans le d\u00e9bat du Ballon d\u2019Or, c\u2019est un r\u00eave auquel je n\u2019avais jamais pens\u00e9. Si j\u2019ai la possibilit\u00e9 de le gagner, je pense que je le m\u00e9rite aussi\u00a0\u00bb, a-t-il d\u00e9clar\u00e9, mettant en avant sa \u00ab\u00a0saison historique\u00a0\u00bb.<\/p>\n<p class=\"asset asset-text\">Il faut dire qu\u2019Achraf Hakimi s\u2019est particuli\u00e8rement distingu\u00e9 en Ligue des champions, en \u00e9tant en permanence d\u00e9cisif malgr\u00e9 son r\u00f4le de d\u00e9fenseur lat\u00e9ral. Il a termin\u00e9 la saison avec 11\u00a0buts et 14\u00a0passes d\u00e9cisives en 55\u00a0matchs, toutes comp\u00e9titions confondues. Avec sur ce total, 4\u00a0buts et 5\u00a0passes d\u00e9cisives en Ligue des champions, dont l\u2019ouverture du score lors de la finale face \u00e0 l\u2019Inter Milan. Il l\u2019a d\u2019ailleurs bien soulign\u00e9 dans cette interview.<\/p>\n<p> La lecture de ce contenu est susceptible d\u2019entra\u00eener un d\u00e9p\u00f4t de cookies de la part de l\u2019op\u00e9rateur tiers qui l\u2019h\u00e9berge. Compte-tenu des choix que vous avez exprim\u00e9s en mati\u00e8re de d\u00e9p\u00f4t de cookies, nous avons bloqu\u00e9 l\u2019affichage de ce contenu. Si vous souhaitez y acc\u00e9der, vous devez accepter la cat\u00e9gorie de cookies \u201cContenus tiers\u201d en cliquant sur le bouton ci-dessous. <\/p>\n<p> Lire la Vid\u00e9o        <\/p>\n<p class=\"asset asset-text\">\u00ab\u00a0Il n\u2019y a pas beaucoup de joueurs qui ont marqu\u00e9 en quarts de finale, en demi-finale, et en finale [de Ligue des Champions] en tant que d\u00e9fenseur, alors que c\u2019est plus difficile.\u00a0[&#8230;] Les statistiques que j\u2019ai eues cette ann\u00e9e, ce ne sont pas celles d\u2019un d\u00e9fenseur normal. Je pense que quand un d\u00e9fenseur fait \u00e7a, il m\u00e9rite plus qu\u2019un attaquant\u00a0\u00bb, a mis en avant l\u2019international marocain aupr\u00e8s de Canal+.<\/p>\n<p>                     \u00ab\u00a0Si Ousmane Demb\u00e9l\u00e9 ne gagne pas, il y a un probl\u00e8me\u00a0\u00bb    <\/p>\n<p class=\"asset asset-text\">Jusqu\u2019ici, le Paris Saint-Germain fait tr\u00e8s clairement campagne en faveur d\u2019Ousmane Demb\u00e9l\u00e9 pour le Ballon d\u2019Or, alors que les performances du prodige espagnol de tout juste 18\u00a0ans Lamine Yamal font \u00e9galement de lui un pr\u00e9tendant clair. \u00ab\u00a0Si Ousmane Demb\u00e9l\u00e9 ne gagne pas, il y a un probl\u00e8me. Vu la saison qu\u2019il a faite, une saison magnifique, aucun doute qu\u2019il doit gagner le Ballon d\u2019Or. Si ce n\u2019est pas le cas, il y a un probl\u00e8me. Il a tout fait\u00a0\u00bb, avait d\u00e9clar\u00e9 d\u00e9but juillet Nasser al-Khela\u00effi.<\/p>\n<p class=\"asset asset-text\">Mais ces d\u00e9clarations \u00e9taient assez mal pass\u00e9es dans le vestiaire parisien, rapporte L\u2019\u00c9quipe. Alors que 9\u00a0joueurs parisiens figurent parmi les 30\u00a0nomin\u00e9s au Ballon d\u2019Or, la possibilit\u00e9 de voir le jury de journalistes privil\u00e9gier d\u2019autres figures du collectif parisien (Vitinha, Jo\u00e3o Neves, Gianluigi Donnarumma, D\u00e9sir\u00e9 Dou\u00e9\u2026) n\u2019est \u00e9galement pas impossible.<\/p>\n<p class=\"asset asset-text\">Ce ph\u00e9nom\u00e8ne de \u00ab\u00a0dispersion des voix\u00a0\u00bb n\u2019est pas nouveau. Il influe parfois le r\u00e9sultat d\u2019un scrutin lorsqu\u2019une performance collective prend le dessus sur une individualit\u00e9 en particulier, comme avec ce PSG \u00e9dition 2024-2025.<\/p>\n<p class=\"asset asset-text\">Apr\u00e8s leur victoire \u00e0 la Coupe du monde 2018, Antoine Griezmann avait ainsi termin\u00e9 3e, Kylian Mbapp\u00e9 4e et Rapha\u00ebl Varane 7e du vote, tandis que le croate Luka Modric soulevait le troph\u00e9e. Et rien que l\u2019ann\u00e9e derni\u00e8re, les Madril\u00e8nes Vinicius Jr, Jude Bellingham et Dani Carvajal, vainqueurs de la Ligue des champions et respectivement 2e, 3e et 4e, avaient d\u00fb conc\u00e9der le Ballon d\u2019Or 2024\u00a0au milieu espagnol de Manchester City, Rodri.<\/p>\n<p>    Pour Hakimi, la probl\u00e9matique judiciaire    <\/p>\n<p class=\"asset asset-text\">Malgr\u00e9 sa campagne, un point non n\u00e9gligeable rend tr\u00e8s improbable le sacre d\u2019Achraf Hakimi\u00a0: <a href=\"https:\/\/www.huffingtonpost.fr\/faits-divers\/article\/psg-achraf-hakimi-accuse-de-viol-fait-connaitre-sa-ligne-de-defense_214674.html\" target=\"_blank\" rel=\"noopener\">l\u2019accusation de viol d\u2019une jeune femme \u00e0 son encontre<\/a>, pour des faits qui se seraient d\u00e9roul\u00e9s en 2023. Le 1er\u00a0ao\u00fbt, le parquet de Nanterre a requis le renvoi devant la cour criminelle des Hauts-de-Seine du joueur marocain, qui conteste les faits. Il avait \u00e9t\u00e9 mis en examen pour viol et plac\u00e9 sous contr\u00f4le judiciaire en mars\u00a02023.<\/p>\n<p> La lecture de ce contenu est susceptible d\u2019entra\u00eener un d\u00e9p\u00f4t de cookies de la part de l\u2019op\u00e9rateur tiers qui l\u2019h\u00e9berge. Compte-tenu des choix que vous avez exprim\u00e9s en mati\u00e8re de d\u00e9p\u00f4t de cookies, nous avons bloqu\u00e9 l\u2019affichage de ce contenu. Si vous souhaitez y acc\u00e9der, vous devez accepter la cat\u00e9gorie de cookies \u201cContenus tiers\u201d en cliquant sur le bouton ci-dessous. <\/p>\n<p> Lire la Vid\u00e9o        <\/p>\n<p class=\"asset asset-text\">\u00ab\u00a0Le parquet de Nanterre a saisi ce jour le juge d\u2019instruction en charge de cette information judiciaire de r\u00e9quisitions aux fins de renvoi devant la cour criminelle d\u00e9partementale des Hauts-de-Seine du chef de viol. [\u2026]\u00a0Il appartient d\u00e9sormais au magistrat instructeur de prendre sa d\u00e9cision dans le cadre de son ordonnance\u00a0\u00bb, a indiqu\u00e9 le parquet \u00e0 l\u2019AFP, le 1er\u00a0ao\u00fbt. Dans l\u2019attente de savoir si un proc\u00e8s sera ordonn\u00e9, difficile de l\u2019imaginer remporter l\u2019un des troph\u00e9es les plus m\u00e9diatis\u00e9s du monde du football.<\/p>\n","protected":false},"excerpt":{"rendered":"BUDA MENDES \/ Getty Images via AFP Le d\u00e9fenseur marocain du PSG, Achraf Hakimi, avant la finale de&hellip;\n","protected":false},"author":2,"featured_media":309876,"comment_status":"","ping_status":"","sticky":false,"template":"","format":"standard","meta":{"footnotes":""},"categories":[2],"tags":[11,27809,63,1011,27,12,2782,2332,25,517],"class_list":{"0":"post-309875","1":"post","2":"type-post","3":"status-publish","4":"format-standard","5":"has-post-thumbnail","7":"category-actualites","8":"tag-actualites","9":"tag-ballon-d-or","10":"tag-football","11":"tag-fr","12":"tag-france","13":"tag-news","14":"tag-ousmane-dembele","15":"tag-paris-saint-germain-psg","16":"tag-republique-francaise","17":"tag-sport"},"share_on_mastodon":{"url":"https:\/\/pubeurope.com\/@fr\/115005712411822069","error":""},"_links":{"self":[{"href":"https:\/\/www.europesays.com\/fr\/wp-json\/wp\/v2\/posts\/309875","targetHints":{"allow":["GET"]}}],"collection":[{"href":"https:\/\/www.europesays.com\/fr\/wp-json\/wp\/v2\/posts"}],"about":[{"href":"https:\/\/www.europesays.com\/fr\/wp-json\/wp\/v2\/types\/post"}],"author":[{"embeddable":true,"href":"https:\/\/www.europesays.com\/fr\/wp-json\/wp\/v2\/users\/2"}],"replies":[{"embeddable":true,"href":"https:\/\/www.europesays.com\/fr\/wp-json\/wp\/v2\/comments?post=309875"}],"version-history":[{"count":0,"href":"https:\/\/www.europesays.com\/fr\/wp-json\/wp\/v2\/posts\/309875\/revisions"}],"wp:featuredmedia":[{"embeddable":true,"href":"https:\/\/www.europesays.com\/fr\/wp-json\/wp\/v2\/media\/309876"}],"wp:attachment":[{"href":"https:\/\/www.europesays.com\/fr\/wp-json\/wp\/v2\/media?parent=309875"}],"wp:term":[{"taxonomy":"category","embeddable":true,"href":"https:\/\/www.europesays.com\/fr\/wp-json\/wp\/v2\/categories?post=309875"},{"taxonomy":"post_tag","embeddable":true,"href":"https:\/\/www.europesays.com\/fr\/wp-json\/wp\/v2\/tags?post=309875"}],"curies":[{"name":"wp","href":"https:\/\/api.w.org\/{rel}","templated":true}]}}