{"id":309879,"date":"2025-08-10T17:45:18","date_gmt":"2025-08-10T17:45:18","guid":{"rendered":"https:\/\/www.europesays.com\/fr\/309879\/"},"modified":"2025-08-10T17:45:18","modified_gmt":"2025-08-10T17:45:18","slug":"les-eveques-de-france-invitent-a-reconsiderer-la-promotion-dun-pretre-condamne-pour-viol","status":"publish","type":"post","link":"https:\/\/www.europesays.com\/fr\/309879\/","title":{"rendered":"Les \u00e9v\u00eaques de France invitent \u00e0 \u00ab\u00a0reconsid\u00e9rer\u00a0\u00bb la promotion d&rsquo;un pr\u00eatre condamn\u00e9 pour viol"},"content":{"rendered":"<ul class=\"jsx-862013697 ArticleChapo__List\">\n<li class=\"jsx-862013697 ArticleChapo__List_Item flex\">La Conf\u00e9rence des \u00e9v\u00eaques de France r\u00e9clame ce dimanche que l&rsquo;archev\u00eaque de Toulouse revienne sur sa d\u00e9cision de promouvoir un pr\u00eatre condamn\u00e9 pour viol.<\/li>\n<li class=\"jsx-862013697 ArticleChapo__List_Item flex\">\u00ab\u00a0Une telle nomination \u00e0 un poste aussi important (&#8230;) ne peut que raviver des blessures, r\u00e9veiller des soup\u00e7ons et d\u00e9concerter le peuple de Dieu\u00a0\u00bb, justifie l&rsquo;organisation.<\/li>\n<\/ul>\n<p data-module=\"article-paragraph\" class=\"jsx-3046738180 Paragraph\">Ils demandent \u00e0 \u00eatre entendus. Ce dimanche 10 ao\u00fbt, les \u00e9v\u00eaques de France souhaitent que l\u2019archev\u00eaque de Toulouse revienne sur sa d\u00e9cision de promouvoir un pr\u00eatre condamn\u00e9 pour viol sur mineur en 2006. D\u00e9but juin l&rsquo;archev\u00eaque a nomm\u00e9 au poste de chancelier le pr\u00eatre Dominique Spina, condamn\u00e9 en 2006 \u00e0 cinq ans de prison dont un avec sursis pour le viol d&rsquo;un lyc\u00e9en de 16 ans en 1993.\u00a0<\/p>\n<p data-module=\"article-paragraph\" class=\"jsx-3046738180 Paragraph Paragraph__End\">\u00ab\u00a0Nous avons engag\u00e9 un dialogue constructif avec Mgr Guy de Kerimel, archev\u00eaque de Toulouse, l\u2019invitant \u00e0 reconsid\u00e9rer la d\u00e9cision qu\u2019il avait prise quant \u00e0 la nomination du chancelier de son dioc\u00e8se\u00a0\u00bb, indique aujourd&rsquo;hui la pr\u00e9sidence de la Conf\u00e9rence des \u00e9v\u00eaques de France dans un communiqu\u00e9. \u00ab\u00a0En effet, une telle nomination \u00e0 un poste aussi important, canoniquement et symboliquement, ne peut que raviver des blessures, r\u00e9veiller des soup\u00e7ons et d\u00e9concerter le peuple de Dieu\u00a0\u00bb, souligne l&rsquo;organisation.<\/p>\n<p>\u00ab\u00a0Inacceptable\u00a0\u00bb pour les collectifs de victimes<\/p>\n<p data-module=\"article-paragraph\" class=\"jsx-3046738180 Paragraph\">Pour justifier cette nomination l&rsquo;archev\u00eaque a expliqu\u00e9 avoir \u00ab\u00a0pris le parti de la mis\u00e9ricorde\u00a0\u00bb pour nommer ce pr\u00eatre \u00e0 qui il n&rsquo;a \u00ab\u00a0rien \u00e0 reprocher\u00a0\u00bb dans une \u00ab\u00a0fonction administrative\u00a0\u00bb (le chancelier \u00e9tablit les actes administratifs et a un r\u00f4le de conseil, ndlr).<\/p>\n<p data-module=\"article-paragraph\" class=\"jsx-3046738180 Paragraph Paragraph__End\">Mais cette d\u00e9cision a suscit\u00e9 l&rsquo;incompr\u00e9hension. En r\u00e9action, plusieurs collectifs de victimes d&rsquo;\u00e9tablissements catholiques dont <a href=\"https:\/\/www.tf1info.fr\/actualite\/violences-et-abus-sexuels-au-college-lycee-notre-dame-de-betharram-lestelle-francois-bayrou-13879\/\" target=\"_blank\" rel=\"noopener\">Notre-Dame de B\u00e9tharram<\/a> ont fait part de leur \u00ab\u00a0col\u00e8re\u00a0\u00bb face \u00e0 une situation \u00ab\u00a0inacceptable\u00a0\u00bb.<\/p>\n<p><a href=\"https:\/\/www.tf1info.fr\/justice-faits-divers\/affaire-betharram-17-nouvelles-plaintes-vont-etre-deposees-pour-violences-physiques-violences-sexuelles-et-viols-2384596.html\" rel=\"noopener\" class=\"jsx-3308031228 Link flex\" target=\"_blank\"><img decoding=\"async\" src=\"https:\/\/www.europesays.com\/fr\/wp-content\/uploads\/2025\/08\/college-lycee-betharram-78dbed-0@1x.jpeg\" alt=\"AFP\" loading=\"lazy\" importance=\"low\" fetchpriority=\"low\" class=\"\" aria-hidden=\"true\"\/><\/p>\n<p class=\"jsx-3657663356 ReadMoreArticle__Title\">Lire aussi<\/p>\n<p class=\"jsx-3657663356\">B\u00e9tharram : 17 nouvelles plaintes vont \u00eatre d\u00e9pos\u00e9es pour \u00ab\u00a0violences physiques\u00a0\u00bb, \u00ab\u00a0violences sexuelles\u00a0\u00bb et \u00ab\u00a0viols\u00a0\u00bb<\/p>\n<p><\/a><\/p>\n<p data-module=\"article-paragraph\" class=\"jsx-3046738180 Paragraph Paragraph__End\">\u00ab\u00a0Nous avons appris \u00e0 regarder ces faits d\u2019abord du point de vue des personnes qui en ont \u00e9t\u00e9 les victimes et qui en subissent les cons\u00e9quences \u00e0 longueur de vie. Ce d\u00e9placement du regard, l\u2019\u00e9coute bouleversante de leur d\u00e9tresse et de leur douleur, l\u2019accueil de leur invitation \u00e0 poursuivre humblement avec elles un chemin de v\u00e9rit\u00e9, ont amorc\u00e9, pour notre institution eccl\u00e9siale, un long et exigeant travail de conversion, que nous sommes r\u00e9solus \u00e0 poursuivre\u00a0\u00bb, affirme la Conf\u00e9rence des \u00e9v\u00eaques de France (CEF), pr\u00e9sid\u00e9e par le cardinal Jean-Marc Aveline, archev\u00eaque de Marseille.<\/p>\n<p>J.F. avec AFP<\/p>\n","protected":false},"excerpt":{"rendered":"La Conf\u00e9rence des \u00e9v\u00eaques de France r\u00e9clame ce dimanche que l&rsquo;archev\u00eaque de Toulouse revienne sur sa d\u00e9cision de&hellip;\n","protected":false},"author":2,"featured_media":309880,"comment_status":"","ping_status":"","sticky":false,"template":"","format":"standard","meta":{"footnotes":""},"categories":[4],"tags":[1111,11,1921,1011,27,1922,12,25,2312,133,5010],"class_list":{"0":"post-309879","1":"post","2":"type-post","3":"status-publish","4":"format-standard","5":"has-post-thumbnail","7":"category-france","8":"tag-actu","9":"tag-actualites","10":"tag-article-video","11":"tag-fr","12":"tag-france","13":"tag-info","14":"tag-news","15":"tag-republique-francaise","16":"tag-toulouse","17":"tag-video","18":"tag-video-sujets-de-societe"},"share_on_mastodon":{"url":"https:\/\/pubeurope.com\/@fr\/115005720704517448","error":""},"_links":{"self":[{"href":"https:\/\/www.europesays.com\/fr\/wp-json\/wp\/v2\/posts\/309879","targetHints":{"allow":["GET"]}}],"collection":[{"href":"https:\/\/www.europesays.com\/fr\/wp-json\/wp\/v2\/posts"}],"about":[{"href":"https:\/\/www.europesays.com\/fr\/wp-json\/wp\/v2\/types\/post"}],"author":[{"embeddable":true,"href":"https:\/\/www.europesays.com\/fr\/wp-json\/wp\/v2\/users\/2"}],"replies":[{"embeddable":true,"href":"https:\/\/www.europesays.com\/fr\/wp-json\/wp\/v2\/comments?post=309879"}],"version-history":[{"count":0,"href":"https:\/\/www.europesays.com\/fr\/wp-json\/wp\/v2\/posts\/309879\/revisions"}],"wp:featuredmedia":[{"embeddable":true,"href":"https:\/\/www.europesays.com\/fr\/wp-json\/wp\/v2\/media\/309880"}],"wp:attachment":[{"href":"https:\/\/www.europesays.com\/fr\/wp-json\/wp\/v2\/media?parent=309879"}],"wp:term":[{"taxonomy":"category","embeddable":true,"href":"https:\/\/www.europesays.com\/fr\/wp-json\/wp\/v2\/categories?post=309879"},{"taxonomy":"post_tag","embeddable":true,"href":"https:\/\/www.europesays.com\/fr\/wp-json\/wp\/v2\/tags?post=309879"}],"curies":[{"name":"wp","href":"https:\/\/api.w.org\/{rel}","templated":true}]}}