{"id":30988,"date":"2025-04-17T06:15:13","date_gmt":"2025-04-17T06:15:13","guid":{"rendered":"https:\/\/www.europesays.com\/fr\/30988\/"},"modified":"2025-04-17T06:15:13","modified_gmt":"2025-04-17T06:15:13","slug":"le-mario-kart-world-direct-devoile-sa-duree-approximative-nintendo-switch-2","status":"publish","type":"post","link":"https:\/\/www.europesays.com\/fr\/30988\/","title":{"rendered":"Le Mario Kart World Direct d\u00e9voile sa dur\u00e9e approximative &#8211; Nintendo Switch 2"},"content":{"rendered":"<p>Chauffez vos pneus et affutez vos bananes, le\u00a0<strong><a href=\"https:\/\/www.nintendo-master.com\/jeux\/ns2\/mario-kart-world\" target=\"_blank\" rel=\"noopener\">Mario Kart World<\/a>\u00a0<\/strong><strong>Direct\u00a0<\/strong>approche \u00e0 pleine vitesse et\u00a0Nintendo\u00a0vient de d\u00e9voiler la dur\u00e9e approximative de cet \u00e9v\u00e9nement vid\u00e9o.\u00a0Toujours pr\u00e9vu pour demain, le jeudi 17 avril \u00e0 15 heures (heure de Paris), ce\u00a0<strong>Nintendo Direct\u00a0<\/strong>sp\u00e9cial\u00a0<strong><a href=\"https:\/\/www.nintendo-master.com\/jeux\/ns2\/mario-kart-world\" target=\"_blank\" rel=\"noopener\">Mario Kart World<\/a><\/strong>, le jeu phare de lancement de la\u00a0Nintendo Switch 2, durera environ 15 minutes. Celui-ci nous promet de nous d\u00e9voiler un aper\u00e7u d\u00e9taill\u00e9 de ce qui nous attendra lors de la sortie du titre\u00a0le 5 juin prochain.\u00a0<\/p>\n<p>Mode solo, DLC, nouveaux personnages et costumes ? Les paris sont ouverts sur ce qui nous attend dans moins de 24 heures ! Comme d&rsquo;habitude, ce\u00a0<strong><a href=\"https:\/\/www.nintendo-master.com\/jeux\/ns2\/mario-kart-world\" target=\"_blank\" rel=\"noopener\">Mario Kart World<\/a> Direct\u00a0<\/strong>sera \u00e0 suivre ici m\u00eame et sur la cha\u00eene Youtube de\u00a0Nintendo France.<\/p>\n<blockquote class=\"twitter-tweet\">\n<p lang=\"fr\" dir=\"ltr\">Pr\u00e9parez-vous \u00e0 rejoindre la ligne de d\u00e9part avec Mario et ses amis \u00e0 l&rsquo;occasion d&rsquo;un <a href=\"https:\/\/twitter.com\/hashtag\/MarioKartWorld?src=hash&amp;ref_src=twsrc%5Etfw\" target=\"_blank\" rel=\"noopener\">#MarioKartWorld<\/a> Direct qui offrira un aper\u00e7u d\u00e9taill\u00e9 de ce jeu \u00e0 venir sur <a href=\"https:\/\/twitter.com\/hashtag\/NintendoSwitch2?src=hash&amp;ref_src=twsrc%5Etfw\" target=\"_blank\" rel=\"noopener\">#NintendoSwitch2<\/a> !<\/p>\n<p>????: 17 avril<br \/>????: 15:00<br \/>\u23f3: environ 15 minutes<\/p>\n<p>Rendez-vous ici ???? : <a href=\"https:\/\/t.co\/hOKn0yYYvZ\">https:\/\/t.co\/hOKn0yYYvZ<\/a> <a href=\"https:\/\/t.co\/2aAKV2URwA\">pic.twitter.com\/2aAKV2URwA<\/a><\/p>\n<p>\u2014 Nintendo France (@NintendoFrance) <a href=\"https:\/\/twitter.com\/NintendoFrance\/status\/1912493187836375313?ref_src=twsrc%5Etfw\" target=\"_blank\" rel=\"noopener\">April 16, 2025<\/a><\/p><\/blockquote>\n<p>                            <script async src=\"https:\/\/platform.twitter.com\/widgets.js\" charset=\"utf-8\"><\/script><\/p>\n","protected":false},"excerpt":{"rendered":"Chauffez vos pneus et affutez vos bananes, le\u00a0Mario Kart World\u00a0Direct\u00a0approche \u00e0 pleine vitesse et\u00a0Nintendo\u00a0vient de d\u00e9voiler la dur\u00e9e&hellip;\n","protected":false},"author":2,"featured_media":30989,"comment_status":"","ping_status":"","sticky":false,"template":"","format":"standard","meta":{"footnotes":""},"categories":[7],"tags":[10603,851,814,2000,1011,27,10602,10601,43,40,41,39,42,44,28],"class_list":{"0":"post-30988","1":"post","2":"type-post","3":"status-publish","4":"format-standard","5":"has-post-thumbnail","7":"category-sciences-et-technologies","8":"tag-approximative","9":"tag-devoile","10":"tag-direct","11":"tag-duree","12":"tag-fr","13":"tag-france","14":"tag-kart","15":"tag-mario","16":"tag-science","17":"tag-science-and-technology","18":"tag-sciences","19":"tag-sciences-et-technologies","20":"tag-technologies","21":"tag-technology","22":"tag-world"},"share_on_mastodon":{"url":"","error":""},"_links":{"self":[{"href":"https:\/\/www.europesays.com\/fr\/wp-json\/wp\/v2\/posts\/30988","targetHints":{"allow":["GET"]}}],"collection":[{"href":"https:\/\/www.europesays.com\/fr\/wp-json\/wp\/v2\/posts"}],"about":[{"href":"https:\/\/www.europesays.com\/fr\/wp-json\/wp\/v2\/types\/post"}],"author":[{"embeddable":true,"href":"https:\/\/www.europesays.com\/fr\/wp-json\/wp\/v2\/users\/2"}],"replies":[{"embeddable":true,"href":"https:\/\/www.europesays.com\/fr\/wp-json\/wp\/v2\/comments?post=30988"}],"version-history":[{"count":0,"href":"https:\/\/www.europesays.com\/fr\/wp-json\/wp\/v2\/posts\/30988\/revisions"}],"wp:featuredmedia":[{"embeddable":true,"href":"https:\/\/www.europesays.com\/fr\/wp-json\/wp\/v2\/media\/30989"}],"wp:attachment":[{"href":"https:\/\/www.europesays.com\/fr\/wp-json\/wp\/v2\/media?parent=30988"}],"wp:term":[{"taxonomy":"category","embeddable":true,"href":"https:\/\/www.europesays.com\/fr\/wp-json\/wp\/v2\/categories?post=30988"},{"taxonomy":"post_tag","embeddable":true,"href":"https:\/\/www.europesays.com\/fr\/wp-json\/wp\/v2\/tags?post=30988"}],"curies":[{"name":"wp","href":"https:\/\/api.w.org\/{rel}","templated":true}]}}