{"id":309881,"date":"2025-08-10T17:46:27","date_gmt":"2025-08-10T17:46:27","guid":{"rendered":"https:\/\/www.europesays.com\/fr\/309881\/"},"modified":"2025-08-10T17:46:27","modified_gmt":"2025-08-10T17:46:27","slug":"premiere-victoire-sur-lhotelplanner-tour-pour-oihan-guillamoundeguy","status":"publish","type":"post","link":"https:\/\/www.europesays.com\/fr\/309881\/","title":{"rendered":"Premi\u00e8re victoire sur l&rsquo;HotelPlanner Tour pour Oihan Guillamoundeguy !"},"content":{"rendered":"<p>\t\t\t\t\t\t<img width=\"770\" height=\"556\" src=\"https:\/\/www.europesays.com\/fr\/wp-content\/uploads\/2025\/08\/oihangetty-770x556.jpeg\" class=\"img-responsive wp-post-image\" alt=\"\" decoding=\"async\" fetchpriority=\"high\"  \/>\t\t\t\t\t<\/p>\n<p>\t\t\t\t\t\t Partager cet article <\/p>\n<p class=\"screen-reader-text juiz_sps_maybe_hidden_text\">Partager la publication \u00ab\u00a0Premi\u00e8re victoire sur l\u2019HotelPlanner Tour pour Oihan Guillamoundeguy !\u00a0\u00bb<\/p>\n<p><strong>Une carte de 70 (-2) et un score final de -11 (277) auront suffi \u00e0 Oihan Guillamoundeguy pour d\u00e9crocher son premier succ\u00e8s sur l\u2019HotelPlanner Tour, un an et demi apr\u00e8s son arriv\u00e9e de l\u2019Alps Tour. Le Landais laisse \u00e0 trois coups derri\u00e8re le Suisse Ronan Kleu (72) alors que le Danois Jeppe Kristian Andersen, leader avec trois longueurs d\u2019avance au d\u00e9part de ce dernier tour de l\u2019Irish Challenge, a totalement d\u00e9viss\u00e9 avec son 77 (+5) qui lui permet toutefois de prendre seul la troisi\u00e8me place \u00e0 -7.\u00a0<\/strong><\/p>\n<p>\t\t\t\t\t<a id=\"181426\" href=\"https:\/\/leclub-golf.com\/fr\/green-fees?online=1&amp;utm_source=golf+planete&amp;utm_medium=referral&amp;utm_campaign=green+fee+en+ligne&amp;utm_id=green+fee+en+ligne_golf+planete_referral_banner\" target=\"_blank\" rel=\"sponsorised nofollow noopener\"><img decoding=\"async\" src=\"data:image\/svg+xml,%3Csvg%20xmlns=\" http:=\"\" class=\"img-responsive\" alt=\"\" data-lazy-src=\"https:\/\/www.europesays.com\/fr\/wp-content\/uploads\/2025\/08\/leclubgolf-e09-effet-classique-1170x275png.png\"\/><\/a><\/p>\n<p>Il l\u2019a fait ! <a href=\"https:\/\/www.golfplanete.com\/actualites\/oihan-guillamoundeguy-toujours-a-la-bagarre-pour-un-premier-succes-au-killeen-castle\/\" target=\"_blank\" rel=\"noopener nofollow\">Malgr\u00e9 un d\u00e9ficit de trois coups \u00e0 l\u2019entame de ce 4e et dernier tour de l\u2019Irish Challenge Tour<\/a>, <strong>Oihan Guillamoundeguy<\/strong>, alors seul deuxi\u00e8me apr\u00e8s 54 trous, est parvenu \u00e0 combler son retard sur le Danois <strong>Jeppe Kristian Andersen<\/strong>. Mieux encore, le Landais, 20 ans seulement, laisse son principal adversaire \u00e0 quatre longueurs derri\u00e8re.\u00a0<\/p>\n<p><a href=\"https:\/\/www.europeantour.com\/hotelplanner-tour\/irish-challenge-2025\/leaderboard\" target=\"_blank\" rel=\"noopener nofollow\">Retrouvez le classement complet\u00a0<\/a><\/p>\n<p>Le Scandinave, qui a f\u00eat\u00e9 ses 30 ans ce samedi en claquant le record du parcours du <strong>Killeen Castle<\/strong>, est en effet pass\u00e9 totalement \u00e0 c\u00f4t\u00e9 de son sujet, signant un terrible 77 (+5) lest\u00e9 par un double, cinq bogeys pour seulement deux birdies r\u00e9ussis. Une v\u00e9ritable aubaine pour le golfeur fran\u00e7ais qui ne s\u2019est pas fait prier pour prendre les commandes du tournoi d\u00e8s les neuf trous de l\u2019aller pass\u00e9s en 33 (-3) avec pas moins de quatre birdies entre les trous 2 et 9 (et ce malgr\u00e9 un bogey au 3).\u00a0<\/p>\n<p>\t\t\t\t\t<a id=\"174987\" href=\"https:\/\/www.sudfrancegolf.com\/fr\/\" target=\"_blank\" rel=\"sponsorised nofollow noopener\"><img decoding=\"async\" src=\"data:image\/svg+xml,%3Csvg%20xmlns=\" http:=\"\" class=\"img-responsive\" alt=\"\" data-lazy-src=\"https:\/\/www.europesays.com\/fr\/wp-content\/uploads\/2025\/06\/giesudfrancegolf-e02-egolf-pass-2025-v2-1170x275-1.gif\"\/><\/a><br \/>\nL\u2019incident de la mouche au 15<\/p>\n<p>Leader avec trois coups d\u2019avance sur la concurrence, Oihan Guillamoundeguy a parfaitement su g\u00e9rer son avance malgr\u00e9 un second bogey conc\u00e9d\u00e9 au 13 et\u2026 une mouche aval\u00e9e aux abords du green du 15. Une p\u00e9rip\u00e9tie qui a oblig\u00e9 un arr\u00eat de jeu d\u2019une dizaine de minutes afin que le Fran\u00e7ais puisse retrouver toutes ses facult\u00e9s.\u00a0<\/p>\n<p>\t\t\t\t\t<a id=\"181452\" href=\"https:\/\/www.fourseasonsmegevecollectionproam.com\/\" target=\"_blank\" rel=\"sponsorised nofollow noopener\"><img decoding=\"async\" src=\"data:image\/svg+xml,%3Csvg%20xmlns=\" http:=\"\" class=\"img-responsive\" alt=\"\" data-lazy-src=\"https:\/\/www.europesays.com\/fr\/wp-content\/uploads\/2025\/08\/swing-e05-proam-megeve25-1170x275-1.gif\"\/><\/a><\/p>\n<blockquote class=\"twitter-tweet\">\n<p dir=\"ltr\" lang=\"en\">Guillamoundeguy\u2019s approach clatters the flag \ud83d\udca5<\/p>\n<p>Still makes the birdie putt \ud83d\ude0f<a href=\"https:\/\/twitter.com\/hashtag\/IrishChallenge?src=hash&amp;ref_src=twsrc%5Etfw\" rel=\"nofollow noopener\" target=\"_blank\">#IrishChallenge<\/a> <a href=\"https:\/\/t.co\/g8colotC7w\" rel=\"nofollow\">pic.twitter.com\/g8colotC7w<\/a><\/p>\n<p>\u2014 HotelPlanner Tour (@HPlanner_Tour) <a href=\"https:\/\/twitter.com\/HPlanner_Tour\/status\/1954550112815902959?ref_src=twsrc%5Etfw\" rel=\"nofollow noopener\" target=\"_blank\">August 10, 2025<\/a><\/p>\n<\/blockquote>\n<p>\t\t\t\t<img loading=\"lazy\" decoding=\"async\" src=\"data:image\/svg+xml,%3Csvg%20xmlns=\" http:=\"\" attributionsrc=\"\" border=\"0\" height=\"1\" width=\"1\" alt=\"Advertisement\" data-lazy-src=\"https:\/\/www.europesays.com\/fr\/wp-content\/uploads\/2025\/08\/B33661776.421948095;dc_trk_aid=614321628;dc_trk_cid=235413172;ord=[timestamp];dc_lat=;dc_rdid=;tag_f.gif\"\/><\/p>\n<p>\t\t\t\t\t<a id=\"174697\" href=\"https:\/\/ad.doubleclick.net\/ddm\/trackclk\/N6600.3770024GOLFPLANATE\/B33661776.421948095;dc_trk_aid=614321628;dc_trk_cid=235413172;dc_lat=;dc_rdid=;tag_for_child_directed_treatment=;tfua=;gdpr=${GDPR};gdpr_consent=${GDPR_CONSENT_755};ltd=;dc_tdv=1\" target=\"_blank\" rel=\"sponsorised nofollow noopener\"><img decoding=\"async\" src=\"data:image\/svg+xml,%3Csvg%20xmlns=\" http:=\"\" class=\"img-responsive\" alt=\"\" data-lazy-src=\"https:\/\/www.europesays.com\/fr\/wp-content\/uploads\/2025\/06\/amundi-e01-retraite-2506-1170x275-1.jpg\"\/><\/a><\/p>\n<p>Plus de peur que de mal \u00e0 l\u2019arriv\u00e9e pour le jeune prodige du golf tricolore, deux fois victorieux sur l\u2019<strong>Alps Tour<\/strong> en 2022 (il \u00e9tait encore amateur) et 2023 et qui vient d\u2019ouvrir un nouveau chapitre dans sa vie de golfeur professionnel entam\u00e9e en 2022. Une juste r\u00e9compense aussi quand on consulte <a href=\"https:\/\/www.europeantour.com\/players\/oihan-guillamoundeguy-101450\/results?tour=hotelplanner-tour\" target=\"_blank\" rel=\"noopener nofollow\">ses r\u00e9sultats sur l\u2019HotelPlanner Tour en 2025<\/a> avec d\u00e9j\u00e0 quatre top 10 (dont une 3e place en Autriche d\u00e9but juillet) et deux top 15.\u00a0<\/p>\n<p>Cette victoire lui permet aussi et surtout d\u2019occuper maintenant la 6e place de la <strong>Road to Mallorca <\/strong>avec 824,20 points, une \u00e9tape tr\u00e8s importante dans sa qu\u00eate d\u2019un droit de jeu sur le Tour europ\u00e9en en 2026 qui devient de plus en plus r\u00e9el d\u00e9sormais !\u00a0<\/p>\n<p>Le clan tricolore toujours incisif qui parvient \u00e0 placer un autre des siens dans le top 10. <strong>Mathieu Decottignies-Lafon<\/strong>, tr\u00e8s solide avec son 69 (-3) du jour, prend ainsi la 10e place \u00e0 -4 (284) devant <strong>Julien Sale<\/strong>, 14e \u00e0 -2 (74), et <strong>F\u00e9lix Mory<\/strong>, 19e \u00e0 -1 (67).\u00a0<\/p>\n<p>\t\t\t\t\t<a id=\"179385\" href=\"https:\/\/tickets.europeantour.com\/eut\/#\/c6906933-bb43-434b-a22d-0ae172a572d4\/shop\/custom-pack?fac=EUT&amp;locale=fr&amp;skin=pgaetodf&amp;utm_campaign=ODF&amp;utm_content=Ticketing&amp;utm_medium=Web&amp;utm_source=Partner&amp;utm_term=PavonGolfPlanete\" target=\"_blank\" rel=\"sponsorised nofollow noopener\"><img decoding=\"async\" src=\"data:image\/svg+xml,%3Csvg%20xmlns=\" http:=\"\" class=\"img-responsive\" alt=\"\" data-lazy-src=\"https:\/\/www.europesays.com\/fr\/wp-content\/uploads\/2025\/07\/opendefrance-e03-plateau-1407-1170x275-1.jpg\"\/><\/a><br \/>\nLe leaderboard\u00a0<\/p>\n<p><img loading=\"lazy\" decoding=\"async\" class=\"alignnone wp-image-181962 size-large\" src=\"data:image\/svg+xml,%3Csvg%20xmlns=\" http:=\"\" alt=\"\" width=\"770\" height=\"399\" data-lazy- data-lazy- data-lazy-src=\"https:\/\/www.europesays.com\/fr\/wp-content\/uploads\/2025\/08\/capture1ch-3-770x399.jpg\"\/><\/p>\n<p><img loading=\"lazy\" decoding=\"async\" class=\"alignnone wp-image-181964 size-large\" src=\"data:image\/svg+xml,%3Csvg%20xmlns=\" http:=\"\" alt=\"\" width=\"770\" height=\"33\" data-lazy- data-lazy- data-lazy-src=\"https:\/\/www.europesays.com\/fr\/wp-content\/uploads\/2025\/08\/capture2ch-3-770x33.jpg\"\/><\/p>\n<p>Le leaderboard des autres Fran\u00e7ais<\/p>\n<p><img loading=\"lazy\" decoding=\"async\" class=\"alignnone wp-image-181965 size-large\" src=\"data:image\/svg+xml,%3Csvg%20xmlns=\" http:=\"\" alt=\"\" width=\"770\" height=\"518\" data-lazy- data-lazy- data-lazy-src=\"https:\/\/www.europesays.com\/fr\/wp-content\/uploads\/2025\/08\/capture3ch-1-770x518.jpg\"\/><\/p>\n<p>\t\t\t\t\t<a id=\"181434\" href=\"https:\/\/www.omegaeuropeanmasters.com\/fr\/tickets\/tickets\" target=\"_blank\" rel=\"sponsorised nofollow noopener\"><img decoding=\"async\" src=\"data:image\/svg+xml,%3Csvg%20xmlns=\" http:=\"\" class=\"img-responsive\" alt=\"\" data-lazy-src=\"https:\/\/www.europesays.com\/fr\/wp-content\/uploads\/2025\/08\/omegamasters-e02-billetterie-om25-1170x275-1.jpg\"\/><\/a><\/p>\n<p>Photo : Getty Images<\/p>\n<p>\t\t\t<script async src=\"https:\/\/platform.twitter.com\/widgets.js\" charset=\"utf-8\"><\/script><\/p>\n","protected":false},"excerpt":{"rendered":"Partager cet article Partager la publication \u00ab\u00a0Premi\u00e8re victoire sur l\u2019HotelPlanner Tour pour Oihan Guillamoundeguy !\u00a0\u00bb Une carte de&hellip;\n","protected":false},"author":2,"featured_media":309882,"comment_status":"","ping_status":"","sticky":false,"template":"","format":"standard","meta":{"footnotes":""},"categories":[1418],"tags":[1011,27,1472,60],"class_list":{"0":"post-309881","1":"post","2":"type-post","3":"status-publish","4":"format-standard","5":"has-post-thumbnail","7":"category-golf","8":"tag-fr","9":"tag-france","10":"tag-golf","11":"tag-sports"},"share_on_mastodon":{"url":"https:\/\/pubeurope.com\/@fr\/115005723975641482","error":""},"_links":{"self":[{"href":"https:\/\/www.europesays.com\/fr\/wp-json\/wp\/v2\/posts\/309881","targetHints":{"allow":["GET"]}}],"collection":[{"href":"https:\/\/www.europesays.com\/fr\/wp-json\/wp\/v2\/posts"}],"about":[{"href":"https:\/\/www.europesays.com\/fr\/wp-json\/wp\/v2\/types\/post"}],"author":[{"embeddable":true,"href":"https:\/\/www.europesays.com\/fr\/wp-json\/wp\/v2\/users\/2"}],"replies":[{"embeddable":true,"href":"https:\/\/www.europesays.com\/fr\/wp-json\/wp\/v2\/comments?post=309881"}],"version-history":[{"count":0,"href":"https:\/\/www.europesays.com\/fr\/wp-json\/wp\/v2\/posts\/309881\/revisions"}],"wp:featuredmedia":[{"embeddable":true,"href":"https:\/\/www.europesays.com\/fr\/wp-json\/wp\/v2\/media\/309882"}],"wp:attachment":[{"href":"https:\/\/www.europesays.com\/fr\/wp-json\/wp\/v2\/media?parent=309881"}],"wp:term":[{"taxonomy":"category","embeddable":true,"href":"https:\/\/www.europesays.com\/fr\/wp-json\/wp\/v2\/categories?post=309881"},{"taxonomy":"post_tag","embeddable":true,"href":"https:\/\/www.europesays.com\/fr\/wp-json\/wp\/v2\/tags?post=309881"}],"curies":[{"name":"wp","href":"https:\/\/api.w.org\/{rel}","templated":true}]}}