{"id":309890,"date":"2025-08-10T17:52:25","date_gmt":"2025-08-10T17:52:25","guid":{"rendered":"https:\/\/www.europesays.com\/fr\/309890\/"},"modified":"2025-08-10T17:52:25","modified_gmt":"2025-08-10T17:52:25","slug":"f1-toutes-les-news-de-la-formule-1","status":"publish","type":"post","link":"https:\/\/www.europesays.com\/fr\/309890\/","title":{"rendered":"F1 &#8211; toutes les news de la Formule 1"},"content":{"rendered":"<p>      F1<\/p>\n<p>\n        Le pilote Tha\u00eflandais maintient son engagement aupr\u00e8s de l\u2019\u00e9curie de Grove, bien que son travail depuis 2022 puisse lui ouvrir des opportunit\u00e9s au sein d\u2019\u00e9curies concurrentes.      <\/p>\n<p>      <a href=\"https:\/\/www.autohebdo.fr\/?p=626631\" rel=\"nofollow noopener\" target=\"_blank\"><br \/>\n        <img decoding=\"async\" class=\"section__video-player\" style=\"margin-top:1vw;\/*width:35vw;height:25vw;margin-left:auto;margin-right:auto;margin-top:1vw;*\/\" src=\"https:\/\/www.europesays.com\/fr\/wp-content\/uploads\/2025\/08\/DPPI_00125006_1575-753x494.jpg\"\/><br \/>\n      <\/a><\/p>\n<p>        <a href=\"https:\/\/www.autohebdo.fr\/actualites\/f1\/que-font-les-peres-des-pilotes-de-formule-1-en-2025.html\" rel=\"nofollow noopener\" target=\"_blank\"><br \/>\n            <img decoding=\"async\" alt=\"Que font les p\u00e8res des pilotes de Formule 1 en 2025 ?\" src=\"https:\/\/www.europesays.com\/fr\/wp-content\/uploads\/2025\/08\/DPPI_00124012_1416-190x127.jpg\"\/><br \/>\n        <\/a><\/p>\n<p>        <a href=\"https:\/\/www.autohebdo.fr\/actualites\/f1\/pourquoi-ayumu-iwasa-peut-devenir-une-option-pour-racing-bulls-la-saison-prochaine.html\" rel=\"nofollow noopener\" target=\"_blank\"><br \/>\n            <img decoding=\"async\" alt=\"Pourquoi Ayumu Iwasa peut devenir une option pour Racing Bulls la saison prochaine\" src=\"https:\/\/www.europesays.com\/fr\/wp-content\/uploads\/2025\/08\/DPPI_00124026_174-190x127.jpg\"\/><br \/>\n        <\/a><\/p>\n<p>        <a href=\"https:\/\/www.autohebdo.fr\/actualites\/f1\/quiz-testez-vos-connaissances-sur-la-premiere-partie-de-saison-2025-de-formule-1.html\" rel=\"nofollow noopener\" target=\"_blank\"><br \/>\n            <img decoding=\"async\" alt=\"QUIZ \u2013 Testez vos connaissances sur la premi\u00e8re partie de saison 2025 de Formule 1\" src=\"https:\/\/www.europesays.com\/fr\/wp-content\/uploads\/2025\/08\/quiz-2-190x127.jpg\"\/><br \/>\n        <\/a><\/p>\n<p>        <a href=\"https:\/\/www.autohebdo.fr\/actualites\/f1\/steiner-identifie-un-point-de-bascule-dans-la-saison-de-norris-il-menerait-le-championnat.html\" rel=\"nofollow noopener\" target=\"_blank\"><br \/>\n            <img decoding=\"async\" alt=\"Steiner identifie un point de bascule dans la saison de Norris : \u00ab Il m\u00e8nerait le championnat \u00bb\" src=\"https:\/\/www.europesays.com\/fr\/wp-content\/uploads\/2025\/08\/DPPI_00125017_2017-190x127.jpg\"\/><br \/>\n        <\/a><\/p>\n<p>        <a href=\"https:\/\/www.autohebdo.fr\/actualites\/f1\/collector-jacques-laffite-annees-ligier-bleus-de-chauffe.html\" rel=\"nofollow noopener\" target=\"_blank\"><br \/>\n            <img decoding=\"async\" alt=\"Collector Jacques Laffite \u2013 Ann\u00e9es Ligier : Bleus de chauffe\" src=\"https:\/\/www.europesays.com\/fr\/wp-content\/uploads\/2025\/08\/DPPI_09111001_043-190x127.jpg\"\/><br \/>\n        <\/a><\/p>\n<p>        <a href=\"https:\/\/www.autohebdo.fr\/actualites\/f1\/quiz-connaissez-vous-bien-la-carriere-de-lewis-hamilton.html\" rel=\"nofollow noopener\" target=\"_blank\"><br \/>\n            <img decoding=\"async\" alt=\"QUIZ \u2013 Connaissez-vous bien la carri\u00e8re de Lewis Hamilton ?\" src=\"https:\/\/www.europesays.com\/fr\/wp-content\/uploads\/2025\/08\/DPPI_00119024_636-190x127.jpg\"\/><br \/>\n        <\/a><\/p>\n<p>        <a href=\"https:\/\/www.autohebdo.fr\/actualites\/f1\/sergio-perez-a-t-il-ete-juge-trop-durement-sur-ses-dernieres-saisons-chez-red-bull.html\" rel=\"nofollow noopener\" target=\"_blank\"><br \/>\n            <img decoding=\"async\" alt=\"Sergio P\u00e9rez a-t-il \u00e9t\u00e9 jug\u00e9 trop durement sur ses derni\u00e8res saisons chez Red Bull ?\" src=\"https:\/\/www.europesays.com\/fr\/wp-content\/uploads\/2025\/08\/DPPI_00124025_1324-190x127.jpg\"\/><br \/>\n        <\/a><\/p>\n<p>        <a href=\"https:\/\/www.autohebdo.fr\/actualites\/f1\/oliver-bearman-et-ses-debuts-en-pilotage-vous-voyez-les-panneaux-stop-il-faut-sarreter-devant.html\" rel=\"nofollow noopener\" target=\"_blank\"><br \/>\n            <img decoding=\"async\" alt=\"Oliver Bearman et ses d\u00e9buts en pilotage : \u00ab Le GP d\u2019Arabie saoudite avec Ferrari est mon meilleur moment jusqu\u2019\u00e0 pr\u00e9sent \u00bb\" src=\"https:\/\/www.europesays.com\/fr\/wp-content\/uploads\/2025\/08\/DPPI_00125013_1356-1-190x127.jpg\"\/><br \/>\n        <\/a><\/p>\n<p>        <a href=\"https:\/\/www.autohebdo.fr\/actualites\/f1\/cadillac-en-passe-dopter-pour-un-pilote-de-formule-2.html\" rel=\"nofollow noopener\" target=\"_blank\"><br \/>\n            <img decoding=\"async\" alt=\"Cadillac en passe d\u2019opter pour un pilote de Formule 2 ?\" src=\"https:\/\/www.europesays.com\/fr\/wp-content\/uploads\/2025\/08\/DPPI_03325019_056-190x127.jpg\"\/><br \/>\n        <\/a><\/p>\n<p>        <a href=\"https:\/\/www.autohebdo.fr\/actualites\/f1\/collector-hamilton-toto-wolff-lewis-est-a-lecoute-il-evolue-en-permanence.html\" rel=\"nofollow noopener\" target=\"_blank\"><br \/>\n            <img decoding=\"async\" alt=\"Collector Hamilton \u2013 Toto Wolff : \u00ab Lewis est \u00e0 l\u2019\u00e9coute, il \u00e9volue en permanence !\u00a0\u00bb\" src=\"https:\/\/www.europesays.com\/fr\/wp-content\/uploads\/2025\/08\/DPPI_00124025_1882-190x127.jpg\"\/><br \/>\n        <\/a><\/p>\n<p>        <a href=\"https:\/\/www.autohebdo.fr\/actualites\/f1\/frederic-vasseur-reconnait-avoir-probablement-sous-estime-le-defi-pour-lewis-chez-ferrari.html\" rel=\"nofollow noopener\" target=\"_blank\"><br \/>\n            <img decoding=\"async\" alt=\"Fr\u00e9d\u00e9ric Vasseur reconna\u00eet avoir probablement \u00ab sous-estim\u00e9 le d\u00e9fi pour Lewis \u00bb chez Ferrari\" src=\"https:\/\/www.europesays.com\/fr\/wp-content\/uploads\/2025\/08\/vasseur-hami-190x127.jpg\"\/><br \/>\n        <\/a><\/p>\n<p>        <a href=\"https:\/\/www.autohebdo.fr\/actualites\/f1\/collector-gasly-helmut-marko-pierre-montre-quil-est-de-la-race-des-top-pilotes.html\" rel=\"nofollow noopener\" target=\"_blank\"><br \/>\n            <img decoding=\"async\" alt=\"Collector Gasly \u2013 Helmut Marko : \u00ab Pierre montre qu\u2019il est de la race des top pilotes \u00bb\" src=\"https:\/\/www.europesays.com\/fr\/wp-content\/uploads\/2025\/08\/DPPI_00114007_1053-190x127.jpg\"\/><br \/>\n        <\/a><\/p>\n<p>        <a href=\"https:\/\/www.autohebdo.fr\/actualites\/f1\/lando-norris-juge-son-debut-de-saison-plutot-moyen-et-en-veut-encore-plus.html\" rel=\"nofollow noopener\" target=\"_blank\"><br \/>\n            <img decoding=\"async\" alt=\"Lando Norris juge son d\u00e9but de saison \u00ab plut\u00f4t moyen \u00bb et en veut \u00ab encore plus \u00bb\" src=\"https:\/\/www.europesays.com\/fr\/wp-content\/uploads\/2025\/08\/DPPI_00125017_2156-190x127.jpg\"\/><br \/>\n        <\/a><\/p>\n<p>        <a href=\"https:\/\/www.autohebdo.fr\/actualites\/f1\/le-promoteur-du-grand-prix-de-singapour-plaide-coupable-pour-corruption.html\" rel=\"nofollow noopener\" target=\"_blank\"><br \/>\n            <img decoding=\"async\" alt=\"Le promoteur du Grand Prix de Singapour plaide coupable pour corruption\" src=\"https:\/\/www.europesays.com\/fr\/wp-content\/uploads\/2025\/08\/DPPI_00124019_1215-190x127.jpg\"\/><br \/>\n        <\/a><\/p>\n<p>        <a href=\"https:\/\/www.autohebdo.fr\/actualites\/f1\/en-quoi-consiste-la-treve-estivale-en-formule-1.html\" rel=\"nofollow noopener\" target=\"_blank\"><br \/>\n            <img decoding=\"async\" alt=\"En quoi consiste la tr\u00eave estivale en Formule 1 ?\" src=\"https:\/\/www.europesays.com\/fr\/wp-content\/uploads\/2025\/08\/DPPI_00125009_002-190x127.jpg\"\/><br \/>\n        <\/a><\/p>\n<p>        <a href=\"https:\/\/www.autohebdo.fr\/actualites\/f1\/georges-russell-face-a-plusieurs-defis-avec-mercedes-avant-2026.html\" rel=\"nofollow noopener\" target=\"_blank\"><br \/>\n            <img decoding=\"async\" alt=\"George Russell face \u00e0 plusieurs d\u00e9fis avec Mercedes avant 2026\" src=\"https:\/\/www.europesays.com\/fr\/wp-content\/uploads\/2025\/08\/DPPI_00125017_2220-190x127.jpg\"\/><br \/>\n        <\/a><\/p>\n<p>        <a href=\"https:\/\/www.autohebdo.fr\/actualites\/f1\/en-perdition-chez-alpine-franco-colapinto-survivra-t-il-a-la-treve-estivale.html\" rel=\"nofollow noopener\" target=\"_blank\"><br \/>\n            <img decoding=\"async\" alt=\"En perdition chez Alpine, Franco Colapinto survivra-t-il \u00e0 la tr\u00eave estivale ?\" src=\"https:\/\/www.europesays.com\/fr\/wp-content\/uploads\/2025\/08\/DPPI_00125017_1991-190x127.jpg\"\/><br \/>\n        <\/a><\/p>\n<p>        <a href=\"https:\/\/www.autohebdo.fr\/actualites\/f1\/les-victoires-de-patrick-tambay-en-f1-allemagne-1982-1-2.html\" rel=\"nofollow noopener\" target=\"_blank\"><br \/>\n            <img decoding=\"async\" alt=\"Il y a 43 ans, la premi\u00e8re victoire de Patrick Tambay au GP d\u2019Allemagne 1982\" src=\"https:\/\/www.europesays.com\/fr\/wp-content\/uploads\/2025\/08\/DPPI_00000367_003-190x127.jpg\"\/><br \/>\n        <\/a><\/p>\n<p>        <a href=\"https:\/\/www.autohebdo.fr\/actualites\/classic\/top-5-des-voitures-qui-ont-fait-la-carriere-de-nigel-mansell-196764.html\" rel=\"nofollow noopener\" target=\"_blank\"><br \/>\n            <img decoding=\"async\" alt=\"Nigel Mansell f\u00eate ses 72 ans, le Top 5 des voitures qui ont fait sa carri\u00e8re\" src=\"https:\/\/www.europesays.com\/fr\/wp-content\/uploads\/2025\/08\/00000334_026-190x127.jpg\"\/><br \/>\n        <\/a><\/p>\n<p>\t\t    <a href=\"https:\/\/www.autohebdo.fr\/?p=626631\" rel=\"nofollow noopener\" target=\"_blank\"><br \/>\n\t\t\t    <img decoding=\"async\" alt=\"Albon pr\u00e9f\u00e8rera Williams, m\u00eame s\u2019il attire d\u2019autres \u00e9curies\" src=\"https:\/\/www.europesays.com\/fr\/wp-content\/uploads\/2025\/08\/DPPI_00125006_1575-125x84.jpg\"\/><br \/>\n\t\t    <\/a><\/p>\n<p>\t\t    <a href=\"https:\/\/www.autohebdo.fr\/actualites\/f1\/que-font-les-peres-des-pilotes-de-formule-1-en-2025.html\" rel=\"nofollow noopener\" target=\"_blank\"><br \/>\n\t\t\t    <img decoding=\"async\" alt=\"Que font les p\u00e8res des pilotes de Formule 1 en 2025 ?\" src=\"https:\/\/www.europesays.com\/fr\/wp-content\/uploads\/2025\/08\/DPPI_00124012_1416-125x84.jpg\"\/><br \/>\n\t\t    <\/a><\/p>\n<p>\t\t    <a href=\"https:\/\/www.autohebdo.fr\/actualites\/f1\/pourquoi-ayumu-iwasa-peut-devenir-une-option-pour-racing-bulls-la-saison-prochaine.html\" rel=\"nofollow noopener\" target=\"_blank\"><br \/>\n\t\t\t    <img decoding=\"async\" alt=\"Pourquoi Ayumu Iwasa peut devenir une option pour Racing Bulls la saison prochaine\" src=\"https:\/\/www.europesays.com\/fr\/wp-content\/uploads\/2025\/08\/DPPI_00124026_174-125x84.jpg\"\/><br \/>\n\t\t    <\/a><\/p>\n<p>            <a class=\"btn btn-icon btn-gray-light\" href=\"https:\/\/www.autohebdo.fr\/breves\" rel=\"nofollow noopener\" target=\"_blank\">Plus d&rsquo;actus<\/a><\/p>\n<p>                <img decoding=\"async\" class=\"surload\" src=\"https:\/\/www.europesays.com\/fr\/wp-content\/uploads\/2025\/08\/HAAS.jpg\" alt=\"Esteban Ocon\"\/><\/p>\n<p>                <img decoding=\"async\" class=\"surload\" src=\"https:\/\/www.europesays.com\/fr\/wp-content\/uploads\/2025\/08\/DPPI_00123044_082.jpg\" alt=\"Pierre Gasly\"\/><\/p>\n<p>                <img decoding=\"async\" class=\"surload\" src=\"https:\/\/www.europesays.com\/fr\/wp-content\/uploads\/2025\/08\/DPPI_00124018_810-1.jpg\" alt=\"Charles Leclerc\"\/><\/p>\n<p>                <img decoding=\"async\" class=\"surload\" src=\"https:\/\/www.europesays.com\/fr\/wp-content\/uploads\/2025\/08\/00119026_782-scaled.jpg\" alt=\"Max Verstappen\"\/><\/p>\n<p>                <img decoding=\"async\" class=\"surload\" src=\"https:\/\/www.europesays.com\/fr\/wp-content\/uploads\/2025\/08\/00119026_507-scaled.jpg\" alt=\"Lewis Hamilton\"\/><\/p>\n<p style=\"margin-top:1vw;\" class=\"section-banner__description\">Cr\u00e9\u00e9e en 1950, la F1 f\u00eate son 75e anniversaire et n&rsquo;a jamais \u00e9t\u00e9 dans une aussi grande forme. En 2022, la discipline reine de la monoplace a en effet connu son plus grand bouleversement technique depuis pr\u00e8s de 40 ans. D\u00e9sormais, les voitures sont \u00e0 effet de sol, et dot\u00e9es de pneus 18 pouces (au lieu de 13 auparavant). Le but de la man\u0153uvre ? Am\u00e9liorer la qualit\u00e9 des courses en permettant aux pilotes de se suivre de plus pr\u00e8s et donc de se battre les uns contre les autres. Apr\u00e8s la p\u00e9riode de domination de Mercedes et de Lewis Hamilton entre 2014 et 2020, Max Verstappen et Red Bull r\u00e8gnent sans partage sur la discipline depuis 2021. Mais depuis 2024, nous avons assist\u00e9 \u00e0 un resserrement de la comp\u00e9titivit\u00e9, avec l&rsquo;av\u00e8nement de McLaren et de Ferrari, notamment. <\/p>\n<p style=\"margin-top:1vw;\" class=\"section-banner__description\">En 2025, Max Verstappen remet en jeu sa quadruple couronne, mais difficile d&rsquo;affirmer avec certitude qu&rsquo;il est le grand favori \u00e0 sa propre succession. Le pilote Red Bull sera dans le coup, assur\u00e9ment, mais sa capacit\u00e9 \u00e0 aller chercher un 5e titre mondial va d\u00e9pendre de la qualit\u00e9 de la monoplace que Red Bull mettra \u00e0 sa disposition. Car derri\u00e8re, Ferrari monte en puissance avec Charles Leclerc, en plus d&rsquo;avoir recrut\u00e9 Lewis Hamilton ! McLaren est \u00e9galement en pleine confiance avec son duo Lando Norris-Oscar Piastri. Le cru 2025 sera aussi celui de la jeunesse avec les premi\u00e8res titularisations de Gabriel Bortoleto, Liam Lawson, Oliver Bearman, Andrea Kimi Antonelli, Jack Doohan et Isack Hadjar. Le clan fran\u00e7ais sera \u00e9galement repr\u00e9sent\u00e9 par Pierre Gasly et Esteban Ocon, qui tenteront de briller avec leurs \u00e9quipes respectives.<\/p>\n<tr wp_automatic_readability=\"7.5\">\n<p>          Quelle est la vitesse maximale d&rsquo;une Formule 1 ? <\/p>\n<p style=\"margin-bottom: 1vw;padding-top:1vw;\" class=\"qback\">Le record de vitesse d&rsquo;une Formule 1 reconnu par la FIA est d\u00e9tenu par Alan van der Merwe avec une marque de 397,481 km\/h sign\u00e9e sur le lac sal\u00e9 de Bonneville Salt Flats dans une Honda F1. En Grand Prix, le record en course est \u00e0 mettre \u00e0 l&rsquo;actif de Kimi R\u00e4ikk\u00f6nen avec 370,1 km\/h lors du Grand Prix d&rsquo;Italie en 2005. En qualification, c&rsquo;est Valtteri Bottas, aujourd&rsquo;hui chez Alfa Romeo, qui domine avec 378 km\/h \u00e0 Bakou.<\/p>\n<p>          Quel est le prix d&rsquo;une Formule 1 ?<\/p>\n<p style=\"margin-bottom: 1vw;padding-top:1vw;\" class=\"qback\">D&rsquo;abord, une F1 ne s&rsquo;ach\u00e8te pas ou n&rsquo;est en tout cas pas mise en vente dans le commerce. On parlera donc davantage de valeur. On estime la valeur globale d&rsquo;une Formule 1 \u00e0 environ 1 000 000 euros.<\/p>\n<\/tr>\n<tr wp_automatic_readability=\"4.5\">\n<p>          Qui d\u00e9tient les records en F1 ? <\/p>\n<p style=\"margin-bottom: 1vw;padding-top:1vw;\" class=\"qback\">Michael Schumacher et Lewis Hamilton co-d\u00e9tiennent le record du nombre de championnats du monde pilotes avec 7 titres chacun. Hamilton est en revanche seul recordman au nombre de victoires (103), pole positions (104), et de podiums. C\u00f4t\u00e9 Constructeurs, c&rsquo;est Ferrari qui a le plus de troph\u00e9es avec 16 titres de champion du monde. La F1 est actuellement d\u00e9tenue par Liberty Media, une compagnie am\u00e9ricaine sp\u00e9cialis\u00e9e dans les m\u00e9dias.<\/p>\n<\/tr>\n<tr wp_automatic_readability=\"5\">\n<p>          O\u00f9 regarder les Grands Prix de F1 ? <\/p>\n<p style=\"margin-bottom: 1vw;padding-top:1vw;\" class=\"qback\">D\u00e9tenteur des droits de la Formule 1 en France depuis 2013, le groupe Canal + diffuse occasionnellement les courses en clair sur C8, l&rsquo;une de ses cha\u00eenes gratuites,. Pour le reste, elles sont diffus\u00e9es sur les cha\u00eenes payantes du groupe Canal + (Canal +, Canal + Sport, Canal + D\u00e9cal\u00e9)<\/p>\n<\/tr>\n<p>  Autohebdo &#8211; Frequently Asked Questions(FAQ)<\/p>\n","protected":false},"excerpt":{"rendered":"F1 Le pilote Tha\u00eflandais maintient son engagement aupr\u00e8s de l\u2019\u00e9curie de Grove, bien que son travail depuis 2022&hellip;\n","protected":false},"author":2,"featured_media":309891,"comment_status":"","ping_status":"","sticky":false,"template":"","format":"standard","meta":{"footnotes":""},"categories":[1412],"tags":[1451,1452,1453,1454,1455,1011,27,60],"class_list":{"0":"post-309890","1":"post","2":"type-post","3":"status-publish","4":"format-standard","5":"has-post-thumbnail","7":"category-f1","8":"tag-f1","9":"tag-formula-1","10":"tag-formula1","11":"tag-formule-1","12":"tag-formule1","13":"tag-fr","14":"tag-france","15":"tag-sports"},"share_on_mastodon":{"url":"https:\/\/pubeurope.com\/@fr\/115005748615657851","error":""},"_links":{"self":[{"href":"https:\/\/www.europesays.com\/fr\/wp-json\/wp\/v2\/posts\/309890","targetHints":{"allow":["GET"]}}],"collection":[{"href":"https:\/\/www.europesays.com\/fr\/wp-json\/wp\/v2\/posts"}],"about":[{"href":"https:\/\/www.europesays.com\/fr\/wp-json\/wp\/v2\/types\/post"}],"author":[{"embeddable":true,"href":"https:\/\/www.europesays.com\/fr\/wp-json\/wp\/v2\/users\/2"}],"replies":[{"embeddable":true,"href":"https:\/\/www.europesays.com\/fr\/wp-json\/wp\/v2\/comments?post=309890"}],"version-history":[{"count":0,"href":"https:\/\/www.europesays.com\/fr\/wp-json\/wp\/v2\/posts\/309890\/revisions"}],"wp:featuredmedia":[{"embeddable":true,"href":"https:\/\/www.europesays.com\/fr\/wp-json\/wp\/v2\/media\/309891"}],"wp:attachment":[{"href":"https:\/\/www.europesays.com\/fr\/wp-json\/wp\/v2\/media?parent=309890"}],"wp:term":[{"taxonomy":"category","embeddable":true,"href":"https:\/\/www.europesays.com\/fr\/wp-json\/wp\/v2\/categories?post=309890"},{"taxonomy":"post_tag","embeddable":true,"href":"https:\/\/www.europesays.com\/fr\/wp-json\/wp\/v2\/tags?post=309890"}],"curies":[{"name":"wp","href":"https:\/\/api.w.org\/{rel}","templated":true}]}}