{"id":309892,"date":"2025-08-10T17:53:07","date_gmt":"2025-08-10T17:53:07","guid":{"rendered":"https:\/\/www.europesays.com\/fr\/309892\/"},"modified":"2025-08-10T17:53:07","modified_gmt":"2025-08-10T17:53:07","slug":"direct-tour-cycliste-de-guadeloupe-2025-suivez-letape-9-entre-pointe-a-pitre-et-baie-mahault-depart-des-13-heures-outre-mer-la-1ere","status":"publish","type":"post","link":"https:\/\/www.europesays.com\/fr\/309892\/","title":{"rendered":"DIRECT. Tour cycliste de Guadeloupe 2025 : suivez l\u2019\u00e9tape 9 entre Pointe-\u00e0-Pitre et Baie-Mahault, d\u00e9part d\u00e8s 13 heures &#8211; Outre-mer la 1\u00e8re"},"content":{"rendered":"<ol>\n<li><a href=\"https:\/\/news.google.com\/rss\/articles\/CBMi-wFBVV95cUxPYTJMMEtZOTJiVng0XzNWYWtZNHltdjk4M25DaElMckU4LUhXWkJ5RktZM3NTU3FpemZQWFFrMUlVNThFTk5aQUhmQ01yQm5BSWhsaGo1T0V5YlRXdFlHeDRqTkR3VjNXRU5uSTBpRF90N0I5R3l2ZndPd3pKd2NRUjZwTDdIWVc3Y19jRG5Fc093eExiZ05rY0FIRDQwclBQSDNkeU82LVFvcGJhSS1HYXJLUWJZRmx3WEpvNnBHeEpwS2x1VmpEMFBJSU1xSUpzZ05RMzBBLUdZMUVDdnZCTG5kOGt4LUVCR25RMWVTMDZJd1c5RlJxU0hVTQ?oc=5\" target=\"_blank\" rel=\"nofollow noopener\">DIRECT. Tour cycliste de Guadeloupe 2025 : suivez l\u2019\u00e9tape 9 entre Pointe-\u00e0-Pitre et Baie-Mahault, d\u00e9part d\u00e8s 13 heures<\/a>&nbsp;&nbsp;Outre-mer la 1\u00e8re<\/li>\n<li><a href=\"https:\/\/news.google.com\/rss\/articles\/CBMimgJBVV95cUxQWXlxOFhpS2R6c3NYM2dmeDV4NTlmWFVwVjdlNGJmZFItdWl2X2xkUmJWQkp6YmxkVng1YWtaZEtTbzNna1d3bzdKOXRuRzJfOXIzWGdyTzhRVGRIY0Y4RTFCaFZKejR3Ul9fSTJPTGZXNE1KeFBibVZwblpJcWJWQzVtck1zdXZXRC1JLTBTYVdlaUF3WkxfZU04SlNpX2kzQUtzdWxtVFdUNEZtYkk2N3VraDBZQmNzcmJVYU5FY05xVktEcHZtTWFTVTZGUWU1SHdTcjhoMFN1Rnl3TFU4RlpHdUlOTENZQXM0RXgwbVJ3dFA0N3FYMjREeVNqVHBEMEZjQVQySzNCVV9Lcjg5R0FZVDVsckFUM3c?oc=5\" target=\"_blank\" rel=\"nofollow noopener\">CARTE. \u00c9tape 9 Tour de Guadeloupe 2025 Pointe-\u00e0-Pitre &#8211; Baie-Mahault : parcours, horaires, perturbations et zones de ravitaillement des coureurs<\/a>&nbsp;&nbsp;Outre-mer la 1\u00e8re<\/li>\n<li><a href=\"https:\/\/news.google.com\/rss\/articles\/CBMikgFBVV95cUxNMm8xZ05USHA3ZHJncGRnOG5ja1pyT25tdWtpTDZYdjg3M1VWWFpBR0Y0dkJmc0NLMHdtc2dpQXloNDBFZHVsdU5RX1N2eXdEYTFQZGtvS3ZXelNzSC1HVVI0YXFHMG9kRjlwRW1OeVlSUktrb0ZlVUlHZmlCVEZqcjRxcG1EeUlWek5UODZqZ0FhUQ?oc=5\" target=\"_blank\" rel=\"nofollow noopener\">Un ancien co\u00e9quipier de Tadej Pogacar vers la victoire du Tour de la Guadeloupe<\/a>&nbsp;&nbsp;DirectVelo<\/li>\n<li><a href=\"https:\/\/news.google.com\/rss\/articles\/CBMiqAFBVV95cUxNUFFabXhEM2Jfc25yeElQUVQxbkJxdUlDNWw4V3l1Q3dyVDVLTE5Lb04yTVRrbm5fR0U1QVJzNmJsN2R3RjBDaUVvaWxUeS1jOXdwOXlvWVpQbGxsNVpsb1EwMW9uYnJSczJZbDhSa1V1Mk9hOWJCQ3ZzX2xsNnFBLWlUOE55Mk8tUmVPYlhETDgwSlRtS2p3WFBVaDJMWmttUVhDYnVTcUM?oc=5\" target=\"_blank\" rel=\"nofollow noopener\">[\u2b55\ufe0fDirect\ud83d\udeb4] Tour cycliste de Guadeloupe 2025 : Ardila Ordonez en d\u00e9monstration de force \u00e0 Baillif<\/a>&nbsp;&nbsp;rci.fm<\/li>\n<li><a href=\"https:\/\/news.google.com\/rss\/articles\/CBMi6AFBVV95cUxOUUEzT3FQMnF1NnVTX2NsM3NXLTFkSVhjTnR0UDNSa1FZbXp3ckRUUDBKamZrVExVSGFNYXg5a1VvLWEteEFKNEFuWFlValVvbE5WTXRaMFJJaUk1b21pb1VuMC0tb2drUU5Lb3RsYXRxYnVSUUpWS1g0ekdRRHNVX3NFdzAwWEdsaV9wSDhXLTBDQ2ROU193R0o0RE13TXRFRWl3d1lXZXJKZVRJSTFkd1RHSjVrUjlDRlJXWmpSRVoyanZWeTY2QnR5ZklhMzY3MERHNWFIbXpHQjlsQjFSc1lrRkRYYnBL?oc=5\" target=\"_blank\" rel=\"nofollow noopener\">Cyclisme. Tour de Guadeloupe : Dorian Lagrave, jeune prince \u00e0 la 3e place de l\u2019\u00e9tape reine<\/a>&nbsp;&nbsp;MaVille.com &#8211; Rennes<\/li>\n<\/ol>\n","protected":false},"excerpt":{"rendered":"DIRECT. Tour cycliste de Guadeloupe 2025 : suivez l\u2019\u00e9tape 9 entre Pointe-\u00e0-Pitre et Baie-Mahault, d\u00e9part d\u00e8s 13 heures&nbsp;&nbsp;Outre-mer&hellip;\n","protected":false},"author":2,"featured_media":1445,"comment_status":"","ping_status":"","sticky":false,"template":"","format":"standard","meta":{"footnotes":""},"categories":[1411],"tags":[1154,207,1011,27,60],"class_list":{"0":"post-309892","1":"post","2":"type-post","3":"status-publish","4":"format-standard","5":"has-post-thumbnail","7":"category-cyclisme","8":"tag-cycling","9":"tag-cyclisme","10":"tag-fr","11":"tag-france","12":"tag-sports"},"share_on_mastodon":{"url":"","error":""},"_links":{"self":[{"href":"https:\/\/www.europesays.com\/fr\/wp-json\/wp\/v2\/posts\/309892","targetHints":{"allow":["GET"]}}],"collection":[{"href":"https:\/\/www.europesays.com\/fr\/wp-json\/wp\/v2\/posts"}],"about":[{"href":"https:\/\/www.europesays.com\/fr\/wp-json\/wp\/v2\/types\/post"}],"author":[{"embeddable":true,"href":"https:\/\/www.europesays.com\/fr\/wp-json\/wp\/v2\/users\/2"}],"replies":[{"embeddable":true,"href":"https:\/\/www.europesays.com\/fr\/wp-json\/wp\/v2\/comments?post=309892"}],"version-history":[{"count":0,"href":"https:\/\/www.europesays.com\/fr\/wp-json\/wp\/v2\/posts\/309892\/revisions"}],"wp:featuredmedia":[{"embeddable":true,"href":"https:\/\/www.europesays.com\/fr\/wp-json\/wp\/v2\/media\/1445"}],"wp:attachment":[{"href":"https:\/\/www.europesays.com\/fr\/wp-json\/wp\/v2\/media?parent=309892"}],"wp:term":[{"taxonomy":"category","embeddable":true,"href":"https:\/\/www.europesays.com\/fr\/wp-json\/wp\/v2\/categories?post=309892"},{"taxonomy":"post_tag","embeddable":true,"href":"https:\/\/www.europesays.com\/fr\/wp-json\/wp\/v2\/tags?post=309892"}],"curies":[{"name":"wp","href":"https:\/\/api.w.org\/{rel}","templated":true}]}}