{"id":309893,"date":"2025-08-10T17:54:12","date_gmt":"2025-08-10T17:54:12","guid":{"rendered":"https:\/\/www.europesays.com\/fr\/309893\/"},"modified":"2025-08-10T17:54:12","modified_gmt":"2025-08-10T17:54:12","slug":"yassine-benzia-ex-ol-se-dirige-vers-al-fayha","status":"publish","type":"post","link":"https:\/\/www.europesays.com\/fr\/309893\/","title":{"rendered":"Yassine Benzia (ex-OL) se dirige vers Al-Fayha"},"content":{"rendered":"<p>                            <img width=\"770\" height=\"433\" src=\"https:\/\/www.europesays.com\/fr\/wp-content\/uploads\/2025\/08\/GdT-IoPWIAAWSyV-770x433.jpeg\" class=\"attachment-article size-article wp-post-image\" alt=\"Yassine Benzia, attaquant de Qarabag\" decoding=\"async\" fetchpriority=\"high\"  \/><\/p>\n<p>Yassine Benzia, attaquant de Qarabag<\/p>\n<p>Pass\u00e9 par le centre de formation de l&rsquo;OL, Yassine Benzia se lance en Arabie Saoudite pour une saison.<\/p>\n<p>Partir de l&rsquo;Europe pour se refaire la cerise ? C&rsquo;\u00e9tait d\u00e9j\u00e0 le quotidien de Yassine <strong>Benzia <\/strong>depuis 2022 et ses trois derni\u00e8res ann\u00e9es \u00e0 <strong>Qarabag SK<\/strong> (Azerba\u00efdjan). L&rsquo;international alg\u00e9rien oscillait entre la France, la Gr\u00e8ce, la Turquie et l&rsquo;Azerba\u00efdjan. S&rsquo;il esp\u00e9rait de la stabilit\u00e9, l&rsquo;ancien Lyonnais<strong> <\/strong>vise une carri\u00e8re pour le moins erratique.<\/p>\n<p>Transfert libre avec Al-Fayha<\/p>\n<p>Le milieu offensif aura disput\u00e9 62 rencontres pour 19 buts inscrits et 15 passes d\u00e9cisives d\u00e9livr\u00e9es avec le <strong>Qarabag SK<\/strong>. Mais \u00e0 la recherche de renouveau, Yassine <strong>Benzia <\/strong>cherche \u00e0 se mesurer dans un autre pays. Se pr\u00e9parer peut-\u00eatre aussi pour les futures \u00e9ch\u00e9ances internationales en d\u00e9cembre (Coupe d&rsquo;Afrique). En tout cas, c&rsquo;est une nouvelle aventure. Lui qui rejoint la Saudi Pro League, destination d&rsquo;une kyrielle de joueurs \u00e0 l&rsquo;\u00e8re du football moderne. Un transfert libre sur une dur\u00e9e d&rsquo;un an avec l&rsquo;ancien treizi\u00e8me du championnat saoudien.<\/p>\n<p>Yassine <strong>Benzia <\/strong>avait notamment jou\u00e9 38 matchs avec le groupe professionnel de <strong>l&rsquo;OL <\/strong>(2012-2015). Trois ann\u00e9es avant de rallier le Nord de la France, \u00e0 Lille pour cinq saisons. C&rsquo;est ici qu&rsquo;il a amorc\u00e9 ses nombreux voyages. Pr\u00eat\u00e9 \u00e0 de multiples reprises, au <strong>Fenerbah\u00e7e <\/strong>(Turquie), \u00e0 <strong>l&rsquo;Olympiakos <\/strong>(Gr\u00e8ce). Avant de retourner en France \u00e0 <strong>Dijon <\/strong>en 2020&#8230; puis pr\u00eat\u00e9 \u00e0 nouveau \u00e0 <strong>Hatayspor <\/strong>(Turquie) jusqu&rsquo;\u00e0 son transfert en Azerba\u00efdjan, en 2022. En qu\u00eate d&rsquo;un nouveau d\u00e9fi, le joueur de 30 ans<strong> <\/strong>tourne la page en rejoignant l&rsquo;Arabie saoudite.<\/p>\n<p>\t\t\t\t\t<a href=\"https:\/\/www.olympique-et-lyonnais.com\/mercato-un-nouveau-tcheque-a-lol,375165.html\" title=\"Mercato : un nouveau Tch\u00e8que \u00e0 l\u2019OL ?\" target=\"_blank\" rel=\"noopener\"><img loading=\"lazy\" width=\"580\" height=\"326\" src=\"https:\/\/www.europesays.com\/fr\/wp-content\/uploads\/2025\/08\/IMG_1043-580x326.jpg\" class=\"attachment-actularge size-actularge wp-post-image\" alt=\"\" decoding=\"async\"  \/>\t\t\t\t\t<\/a><\/p>\n","protected":false},"excerpt":{"rendered":"Yassine Benzia, attaquant de Qarabag Pass\u00e9 par le centre de formation de l&rsquo;OL, Yassine Benzia se lance en&hellip;\n","protected":false},"author":2,"featured_media":309894,"comment_status":"","ping_status":"","sticky":false,"template":"","format":"standard","meta":{"footnotes":""},"categories":[1410],"tags":[63,1011,27,1434,241,60,27056],"class_list":{"0":"post-309893","1":"post","2":"type-post","3":"status-publish","4":"format-standard","5":"has-post-thumbnail","7":"category-football","8":"tag-football","9":"tag-fr","10":"tag-france","11":"tag-mercato","12":"tag-ol","13":"tag-sports","14":"tag-yassine-benzia"},"share_on_mastodon":{"url":"https:\/\/pubeurope.com\/@fr\/115005755642895395","error":""},"_links":{"self":[{"href":"https:\/\/www.europesays.com\/fr\/wp-json\/wp\/v2\/posts\/309893","targetHints":{"allow":["GET"]}}],"collection":[{"href":"https:\/\/www.europesays.com\/fr\/wp-json\/wp\/v2\/posts"}],"about":[{"href":"https:\/\/www.europesays.com\/fr\/wp-json\/wp\/v2\/types\/post"}],"author":[{"embeddable":true,"href":"https:\/\/www.europesays.com\/fr\/wp-json\/wp\/v2\/users\/2"}],"replies":[{"embeddable":true,"href":"https:\/\/www.europesays.com\/fr\/wp-json\/wp\/v2\/comments?post=309893"}],"version-history":[{"count":0,"href":"https:\/\/www.europesays.com\/fr\/wp-json\/wp\/v2\/posts\/309893\/revisions"}],"wp:featuredmedia":[{"embeddable":true,"href":"https:\/\/www.europesays.com\/fr\/wp-json\/wp\/v2\/media\/309894"}],"wp:attachment":[{"href":"https:\/\/www.europesays.com\/fr\/wp-json\/wp\/v2\/media?parent=309893"}],"wp:term":[{"taxonomy":"category","embeddable":true,"href":"https:\/\/www.europesays.com\/fr\/wp-json\/wp\/v2\/categories?post=309893"},{"taxonomy":"post_tag","embeddable":true,"href":"https:\/\/www.europesays.com\/fr\/wp-json\/wp\/v2\/tags?post=309893"}],"curies":[{"name":"wp","href":"https:\/\/api.w.org\/{rel}","templated":true}]}}