{"id":309895,"date":"2025-08-10T17:55:15","date_gmt":"2025-08-10T17:55:15","guid":{"rendered":"https:\/\/www.europesays.com\/fr\/309895\/"},"modified":"2025-08-10T17:55:15","modified_gmt":"2025-08-10T17:55:15","slug":"sonia-chironi-combien-a-t-elle-denfants","status":"publish","type":"post","link":"https:\/\/www.europesays.com\/fr\/309895\/","title":{"rendered":"Sonia Chironi : combien a-t-elle d\u2019enfants ?"},"content":{"rendered":"<p>EN BREF<\/p>\n<ul class=\"bloc_resume_post_list\">\n<li>Sonia Chironi, ex-journaliste d\u00a0\u00bbi-T\u00e9l\u00e9, a quitt\u00e9 la<br \/>\ncha\u00eene en 2016 et est devenue joker de Laurent Delahousse au JT de<br \/>\n20h de France 2 depuis 2024.<\/li>\n<li>Elle a exprim\u00e9 son admiration pour Laurent Delahousse,<br \/>\nsoulignant son accessibilit\u00e9 et son influence sur le journal<br \/>\nt\u00e9l\u00e9vis\u00e9.<\/li>\n<li>Son parcours, marqu\u00e9 par une enfance inspir\u00e9e par Anne<br \/>\nSinclair, l&rsquo;a men\u00e9e \u00e0 une carri\u00e8re o\u00f9 elle remplace aussi Julian<br \/>\nBugier au JT de 13h.<\/li>\n<\/ul>\n<p>Apr\u00e8s avoir \u00e9t\u00e9 <strong>l&rsquo;un des visages embl\u00e9matiques<br \/>\nd&rsquo;i-T\u00e9l\u00e9<\/strong> durant de nombreuses ann\u00e9es. <a href=\"https:\/\/www.telestar.fr\/actu-tv\/interview-sonia-chironi-temoins-d-outre-mer-noel-aux-antilles-c-est-formidable-397429\" rel=\"nofollow noopener\" target=\"_blank\"><br \/>\nSonia Chironi<\/a> a quitt\u00e9 la cha\u00eene info en 2016 lorsque celle-ci<br \/>\nfut rebaptis\u00e9e CNews. Par la suite, elle a int\u00e9gr\u00e9 la r\u00e9daction de<br \/>\nFrance T\u00e9l\u00e9visions. Depuis 2024, la journaliste occupe le poste de<br \/>\njoker de <a href=\"https:\/\/www.telestar.fr\/people\/laurent-delahousse-son-mea-culpa-pour-une-grossiere-erreur-qui-se-glisse-tous-les-jours-dans-le-jt-de-20h-1729329\" rel=\"nofollow noopener\" target=\"_blank\"><br \/>\nLaurent Delahousse<\/a> a la pr\u00e9sentation du JT de 20h de France 2<br \/>\nle week-end. Une position qui a \u00ab\u00a0intimid\u00e9e\u00a0\u00bb cette m\u00e8re de deux<br \/>\nenfants (Andrea 12 ans et Nino 6 ans, ndlr).<\/p>\n<p>\u00ab\u00a0Quand on m&rsquo;a dit que j&rsquo;allais le remplacer, j&rsquo;ai \u00e9t\u00e9<br \/>\nintimid\u00e9e. \u00c7a va mieux aujourd&rsquo;hui ! <strong>Il est tellement<br \/>\naccessible et chaleureux<\/strong>. C&rsquo;est une figure tellement<br \/>\nimportante de France 2, \u00e7a fait presque vingt ans, il a invent\u00e9 un<br \/>\nstyle, il a fa\u00e7onn\u00e9 ce journal de &rsquo;20 Heures&rsquo;. Il est toujours l\u00e0,<br \/>\ntoujours aussi exigeant et toujours aussi sympa. Il en<br \/>\nimpose\u00a0\u00bb, avait notamment d\u00e9clar\u00e9 Sonia Chironi \u00e0<br \/>\nT\u00e9l\u00e9-Loisirs. La journaliste s&rsquo;\u00e9tait \u00e9galement confi\u00e9e sur<br \/>\nson parcours dans les colonnes du magazine.<\/p>\n<p>Sonia Chironi : \u00ab\u00a0Petite, je regardais Anne Sinclair et le JT de<br \/>\nFrance 2\u00a0\u00bb<\/p>\n<p>\u00ab\u00a0J&rsquo;ai grandi en banlieue parisienne \u00e0 Rueil-Malmaison. Au<br \/>\nmilieu d&rsquo;un p\u00e8re italien, une m\u00e8re fran\u00e7aise et un grand fr\u00e8re.<br \/>\nJ&rsquo;\u00e9tais une petite fille assez active, <strong>plut\u00f4t gar\u00e7on<br \/>\nmanqu\u00e9.<\/strong> J&rsquo;adorais faire du roller, du judo, mais aussi du<br \/>\nth\u00e9\u00e2tre et de la danse. Apr\u00e8s un Bac ES, j&rsquo;ai pass\u00e9 une licence de<br \/>\ndroit \u00e0 la facult\u00e9 de Nanterre\u00a0\u00bb, avait tout d&rsquo;abord soulign\u00e9<br \/>\nla journaliste. Encore ind\u00e9cise sur son avenir professionnel \u00e0<br \/>\nl&rsquo;\u00e9poque.<\/p>\n<p>\u00ab\u00a0J&rsquo;envisageais de peut-\u00eatre devenir avocate pour les grandes<br \/>\norganisations internationales. Puis rapidement, j&rsquo;ai commenc\u00e9 \u00e0<br \/>\npenser au journalisme. <strong>Je suis une enfant de la<br \/>\nt\u00e9l\u00e9<\/strong>. Petite, je regardais\u00a0<a href=\"https:\/\/www.telestar.fr\/people\/anne-sinclair-a-eu-70-ans-retour-en-images-sur-sa-carriere-363952\" rel=\"nofollow noopener\" target=\"_blank\">Anne<br \/>\nSinclair<\/a>. Qui a \u00e9t\u00e9 un mod\u00e8le dans le m\u00e9tier, comme <a href=\"https:\/\/www.telestar.fr\/people\/instant-vintage-quand-christine-ockrent-participait-au-gala-de-la-presse-du-cirque-dhiver-bouglione-le-20-janvier-1984-1668155\" rel=\"nofollow noopener\" target=\"_blank\"><br \/>\nChristine Ockrent<\/a>. Et le JT de France 2. Tout \u00e7a m&rsquo;a beaucoup<br \/>\nconstruite. Je me suis rendu compte que le journalisme \u00e9tait un<br \/>\nm\u00e9tier fabuleux car il permettait de continuer d&rsquo;apprendre toute sa<br \/>\nvie\u00a0\u00bb, avait ensuite ajout\u00e9 Sonia Chironi.<\/p>\n<p>La journaliste a d\u00e9j\u00e0 remplac\u00e9 Julian<br \/>\nBugier \u00e0 la t\u00eate du JT de 13h de France 2<\/p>\n<p>La journaliste avait par la suite \u00e9voqu\u00e9 ses ann\u00e9es pass\u00e9es au<br \/>\nsein de la r\u00e9daction d&rsquo;i-T\u00e9l\u00e9. \u00ab\u00a0C&rsquo;\u00e9tait vraiment une famille.<br \/>\nUne cha\u00eene d&rsquo;info, c&rsquo;est tr\u00e8s particulier. <strong>On \u00e9tait tous<br \/>\naccroch\u00e9s \u00e0 cette cha\u00eene<\/strong>. On a notamment v\u00e9cu les<br \/>\nattentats&#8230; \u00c0 chaque \u00e9v\u00e9nement de ce type, tout le monde arrivait<br \/>\n\u00e0 la r\u00e9daction. Et personne ne comptait ses heures. Il y avait une<br \/>\nambiance exceptionnelle\u00a0\u00bb, avait notamment r\u00e9v\u00e9l\u00e9 Sonia<br \/>\nChironi.<\/p>\n<p>Par le pass\u00e9, la journaliste a \u00e9galement remplac\u00e9 <a href=\"https:\/\/www.closermag.fr\/people\/julian-bugier-et-sa-femme-ont-une-vie-ennuyeuse-et-ca-leur-va-tres-bien-3558550\" rel=\"nofollow noopener\" target=\"_blank\"><br \/>\nJulian Bugier<\/a> \u00e0 la pr\u00e9sentation du JT de 13h sur France 2.<br \/>\n\u00ab\u00a0Avant l&rsquo;antenne, j&rsquo;aime bien \u00e9crire mes textes \u00e0 la derni\u00e8re<br \/>\nminute. Je travaille mieux dans l&rsquo;urgence et je voulais jouer sur<br \/>\nla spontan\u00e9it\u00e9. Julian, pas du tout ! Il \u00e9tait hyper s\u00e9rieux. Donc,<br \/>\nd&rsquo;une certaine mani\u00e8re, <strong>o n \u00e9tait compl\u00e9mentaires et on<br \/>\ns&rsquo;entendait tr\u00e8s bien<\/strong>. C&rsquo;\u00e9tait vraiment hyper agr\u00e9able de<br \/>\ntravailler avec lui, c&rsquo;est un tr\u00e8s grand professionnel, tr\u00e8s<br \/>\nsympa\u00a0\u00bb, avait-elle ainsi affirm\u00e9.<\/p>\n","protected":false},"excerpt":{"rendered":"EN BREF Sonia Chironi, ex-journaliste d\u00a0\u00bbi-T\u00e9l\u00e9, a quitt\u00e9 la cha\u00eene en 2016 et est devenue joker de Laurent&hellip;\n","protected":false},"author":2,"featured_media":309896,"comment_status":"","ping_status":"","sticky":false,"template":"","format":"standard","meta":{"footnotes":""},"categories":[1359],"tags":[548,58,59,1011,27,594,973],"class_list":{"0":"post-309895","1":"post","2":"type-post","3":"status-publish","4":"format-standard","5":"has-post-thumbnail","7":"category-people","8":"tag-article-simple","9":"tag-divertissement","10":"tag-entertainment","11":"tag-fr","12":"tag-france","13":"tag-france-2","14":"tag-people"},"share_on_mastodon":{"url":"https:\/\/pubeurope.com\/@fr\/115005759401835148","error":""},"_links":{"self":[{"href":"https:\/\/www.europesays.com\/fr\/wp-json\/wp\/v2\/posts\/309895","targetHints":{"allow":["GET"]}}],"collection":[{"href":"https:\/\/www.europesays.com\/fr\/wp-json\/wp\/v2\/posts"}],"about":[{"href":"https:\/\/www.europesays.com\/fr\/wp-json\/wp\/v2\/types\/post"}],"author":[{"embeddable":true,"href":"https:\/\/www.europesays.com\/fr\/wp-json\/wp\/v2\/users\/2"}],"replies":[{"embeddable":true,"href":"https:\/\/www.europesays.com\/fr\/wp-json\/wp\/v2\/comments?post=309895"}],"version-history":[{"count":0,"href":"https:\/\/www.europesays.com\/fr\/wp-json\/wp\/v2\/posts\/309895\/revisions"}],"wp:featuredmedia":[{"embeddable":true,"href":"https:\/\/www.europesays.com\/fr\/wp-json\/wp\/v2\/media\/309896"}],"wp:attachment":[{"href":"https:\/\/www.europesays.com\/fr\/wp-json\/wp\/v2\/media?parent=309895"}],"wp:term":[{"taxonomy":"category","embeddable":true,"href":"https:\/\/www.europesays.com\/fr\/wp-json\/wp\/v2\/categories?post=309895"},{"taxonomy":"post_tag","embeddable":true,"href":"https:\/\/www.europesays.com\/fr\/wp-json\/wp\/v2\/tags?post=309895"}],"curies":[{"name":"wp","href":"https:\/\/api.w.org\/{rel}","templated":true}]}}