{"id":309897,"date":"2025-08-10T17:56:09","date_gmt":"2025-08-10T17:56:09","guid":{"rendered":"https:\/\/www.europesays.com\/fr\/309897\/"},"modified":"2025-08-10T17:56:09","modified_gmt":"2025-08-10T17:56:09","slug":"une-exposition-de-photographies-et-de-vinyles-decores-a-cherbourg-en-cotentin","status":"publish","type":"post","link":"https:\/\/www.europesays.com\/fr\/309897\/","title":{"rendered":"Une exposition de photographies et de vinyles d\u00e9cor\u00e9s \u00e0 Cherbourg-en-Cotentin"},"content":{"rendered":"<p>            Par<br \/>\n        <strong><br \/>\n            <a href=\"https:\/\/actu.fr\/auteur\/redaction-pressemanche\" title=\"Consulter tous les articles de R\u00e9daction La Presse de la Manche\" target=\"_blank\" rel=\"noopener\">R\u00e9daction La Presse de la Manche<\/a><br \/>\n        <\/strong><\/p>\n<p>        Publi\u00e9 le<\/p>\n<p>            10 ao\u00fbt 2025 \u00e0 15h42        <\/p>\n<p>Comme chaque mois, la bouquinerie<b> Le Vent des livres, <\/b>\u00e0 <a href=\"https:\/\/actu.fr\/normandie\/cherbourg-en-cotentin_50129\" target=\"_blank\" rel=\"noopener\">Tourlaville<\/a> (<a href=\"https:\/\/actu.fr\/normandie\/manche_50\" target=\"_blank\" rel=\"noopener\">Manche<\/a>), accueille une exposition. En ao\u00fbt\u00a02025, c\u2019est<b> St\u00e9phanie Fleury <\/b>qui y pr\u00e9sente une cinquantaine de ses<b> photographies et de ses vinyles d\u00e9cor\u00e9s.<\/b><\/p>\n<p class=\" wall-content\">\u00ab\u2009Mon id\u00e9al, c\u2019est de rendre la culture <b>accessible \u00e0 tous.\u2009<\/b>\u00bb St\u00e9phanie Fleury est une cr\u00e9atrice aux<b> multiples talents\u2009<\/b>: elle s\u2019adonne avec une \u00e9nergie d\u00e9bordante et une bonne humeur communicative \u00e0 l\u2019art de la po\u00e9sie, mais aussi \u00e0 celui de la photographie et des d\u00e9corations r\u00e9alis\u00e9es \u00e0 partir de certains de ses clich\u00e9s, comme des vinyles orn\u00e9s de superbes fleurs.<\/p>\n<p>L\u2019omnipr\u00e9sence de couleurs vives<\/p>\n<p class=\" wall-content\">Si l\u2019on devait trouver un point commun entre ses diff\u00e9rentes r\u00e9alisations, ce serait sans nul doute <b>l\u2019omnipr\u00e9sence de couleurs vives, chaudes et relev\u00e9es.<\/b><\/p>\n<p class=\" wall-content\">\u00ab\u2009Mes sujets de pr\u00e9dilection sont <b>les objets, les brocantes, les instruments de musique, et surtout la nature\u2026<\/b> si l\u2019on s\u2019y int\u00e9resse de tr\u00e8s pr\u00e8s, il y a toujours quelque chose de magnifique \u00e0 saisir.\u2009\u00bb<\/p>\n<p class=\" wall-content\">C\u2019est certainement pour cela qu\u2019elle utilise \u00e9norm\u00e9ment la <b>macrophotographie<\/b>, technique permettant de r\u00e9v\u00e9ler et magnifier les moindres d\u00e9tails, notamment de la faune et de la flore.<\/p>\n<p>\u00ab\u2009Cette pratique\u00a0a redonn\u00e9 du sens \u00e0 ma vie\u2009\u00bb<\/p>\n<p class=\" wall-content\">Diagnostiqu\u00e9e atteinte de<b> fibromyalgie,<\/b> elle a fait de cet art qu\u2019elle pratique depuis une trentaine d\u2019ann\u00e9es une <b>v\u00e9ritable th\u00e9rapie<\/b>, au point d\u2019obtenir un <b>dipl\u00f4me de photographe<\/b> par le biais du<b> compte personnel de formation. <\/b><\/p>\n<p>Vid\u00e9os : en ce moment sur Actu<\/p>\n<p class=\" wall-content\">\u00ab\u2009Cette pratique artistique a<b> redonn\u00e9 du sens \u00e0 ma vie.<\/b> J\u2019ai appris \u00e0 prendre le temps d\u2019observer, d\u2019imager, de profiter de l\u2019instant pr\u00e9sent\u2026 Je peux m\u2019oxyg\u00e9ner tout en regardant toute la beaut\u00e9 de la nature, ce monde que nous ne regardons pas assez souvent.\u2009\u00bb<\/p>\n<p>Un atelier Tricot Th\u00e9 le 28 ao\u00fbt<\/p>\n<p class=\" wall-content\">En parall\u00e8le de ses cr\u00e9ations, elle est <b>depuis 2024<\/b> engag\u00e9e dans l\u2019association Copains du Monde, qui regroupe les enfants b\u00e9n\u00e9voles du Secours Populaire, \u00ab\u2009avec deux r\u00e9unions par mois \u00e0 Valognes o\u00f9 l\u2019on partage sur la solidarit\u00e9 et l\u2019environnement\u2009\u00bb.<\/p>\n<p class=\" wall-content\">\u00c0 noter que Le Vent des livres proposera un atelier Tricot Th\u00e9 <b>le 28 ao\u00fbt,<\/b> un caf\u00e9 Philo<b> le 12 septembre<\/b> et reprendra ses ateliers d\u2019\u00e9criture \u00e0 partir de <b>fin septembre.<\/b><\/p>\n<p class=\" wall-content\"><b>De notre correspondant Jean-Christophe BEAUCH\u00c9<\/b><\/p>\n<p>Le Vent des livres, 120 rue G\u00e9n\u00e9ral-Leclerc. Ouvert du mardi au samedi de 11\u2009h \u00e0 18\u2009h\u200930, entr\u00e9e libre.<\/p>\n<p class=\" wall-content\">Suivez toute l\u2019actualit\u00e9 de vos villes et m\u00e9dias favoris en vous inscrivant \u00e0 <a href=\"https:\/\/moncompte.actu.fr\" title=\"D\u00e9couvez Mon Actu\" rel=\"nofollow noopener\" data-trk=\"{&quot;cta&quot;:{&quot;action&quot;:&quot;https:\\\/\\\/moncompte.actu.fr&quot;,&quot;category&quot;:&quot;mon compte&quot;,&quot;from&quot;:&quot;article footer&quot;,&quot;name&quot;:&quot;Mon actu&quot;,&quot;type&quot;:&quot;cta&quot;}}\" target=\"_blank\">Mon Actu<\/a>.<\/p>\n","protected":false},"excerpt":{"rendered":"Par R\u00e9daction La Presse de la Manche Publi\u00e9 le 10 ao\u00fbt 2025 \u00e0 15h42 Comme chaque mois, la&hellip;\n","protected":false},"author":2,"featured_media":309898,"comment_status":"","ping_status":"","sticky":false,"template":"","format":"standard","meta":{"footnotes":""},"categories":[1358],"tags":[1348,1384,1385,3168,1386,58,59,1011,27,1652,1756,44968],"class_list":{"0":"post-309897","1":"post","2":"type-post","3":"status-publish","4":"format-standard","5":"has-post-thumbnail","7":"category-arts-et-design","8":"tag-arts","9":"tag-arts-and-design","10":"tag-arts-et-design","11":"tag-cotentin","12":"tag-design","13":"tag-divertissement","14":"tag-entertainment","15":"tag-fr","16":"tag-france","17":"tag-loisirs-culture","18":"tag-photographie","19":"tag-sortir-a-cherbourg"},"share_on_mastodon":{"url":"https:\/\/pubeurope.com\/@fr\/115005763313148909","error":""},"_links":{"self":[{"href":"https:\/\/www.europesays.com\/fr\/wp-json\/wp\/v2\/posts\/309897","targetHints":{"allow":["GET"]}}],"collection":[{"href":"https:\/\/www.europesays.com\/fr\/wp-json\/wp\/v2\/posts"}],"about":[{"href":"https:\/\/www.europesays.com\/fr\/wp-json\/wp\/v2\/types\/post"}],"author":[{"embeddable":true,"href":"https:\/\/www.europesays.com\/fr\/wp-json\/wp\/v2\/users\/2"}],"replies":[{"embeddable":true,"href":"https:\/\/www.europesays.com\/fr\/wp-json\/wp\/v2\/comments?post=309897"}],"version-history":[{"count":0,"href":"https:\/\/www.europesays.com\/fr\/wp-json\/wp\/v2\/posts\/309897\/revisions"}],"wp:featuredmedia":[{"embeddable":true,"href":"https:\/\/www.europesays.com\/fr\/wp-json\/wp\/v2\/media\/309898"}],"wp:attachment":[{"href":"https:\/\/www.europesays.com\/fr\/wp-json\/wp\/v2\/media?parent=309897"}],"wp:term":[{"taxonomy":"category","embeddable":true,"href":"https:\/\/www.europesays.com\/fr\/wp-json\/wp\/v2\/categories?post=309897"},{"taxonomy":"post_tag","embeddable":true,"href":"https:\/\/www.europesays.com\/fr\/wp-json\/wp\/v2\/tags?post=309897"}],"curies":[{"name":"wp","href":"https:\/\/api.w.org\/{rel}","templated":true}]}}