{"id":309905,"date":"2025-08-10T18:00:38","date_gmt":"2025-08-10T18:00:38","guid":{"rendered":"https:\/\/www.europesays.com\/fr\/309905\/"},"modified":"2025-08-10T18:00:38","modified_gmt":"2025-08-10T18:00:38","slug":"mon-argent-je-ne-lai-pas-vole","status":"publish","type":"post","link":"https:\/\/www.europesays.com\/fr\/309905\/","title":{"rendered":"\u00ab\u00a0Mon argent, je ne l\u2019ai pas vol\u00e9\u00a0\u00bb"},"content":{"rendered":"<p>Ce soir, Franck Dubosc revient sur W9 dans la com\u00e9die 10<br \/>\njours sans maman, diffus\u00e9e \u00e0 20h50. L\u2019occasion de retrouver<br \/>\nl\u2019acteur dans <strong>un r\u00f4le qui m\u00eale humour et tendresse<br \/>\n:<\/strong> celui d\u2019Antoine Mercier, directeur des ressources<br \/>\nhumaines d\u2019une grande enseigne de bricolage, Briconautes. Alors<br \/>\nqu\u2019il s\u2019appr\u00eate \u00e0 d\u00e9crocher une belle promotion, sa femme Isabelle<br \/>\n(Aure Atika) d\u00e9cide de s\u2019offrir quelques jours de vacances, le<br \/>\nlaissant seul avec leurs enfants. R\u00e9sultat, Antoine se retrouve \u00e0<br \/>\njongler entre son boulot et la gestion du quotidien familial\u2026<br \/>\n<strong>un vrai marathon parental,<\/strong> source de gags \u00e0 la<br \/>\ncha\u00eene et de moments \u00e9mouvants.<\/p>\n<p>Depuis son r\u00f4le culte de Patrick Chirac dans la trilogie<br \/>\nCamping, Franck Dubosc est devenu un visage incontournable de la<br \/>\ncom\u00e9die fran\u00e7aise. <a href=\"https:\/\/www.melty.fr\/people\/franck-dubosc-60-ans-a-cede-a-la-chirurgie-il-avoue-tout-je-suis-alle-2185195.html\" rel=\"nofollow noopener\" target=\"_blank\"><br \/>\nCelui qui a succomb\u00e9 \u00e0 la chirurgie esth\u00e9tique<\/a> encha\u00eene les<br \/>\nfilms, les tourn\u00e9es et les projets, tout en restant fid\u00e8le \u00e0 son<br \/>\nstyle : dr\u00f4le, accessible, et <strong>toujours un brin<br \/>\nattendrissant.<\/strong><\/p>\n<p>Entre com\u00e9die et culture : Franck Dubosc \u00e0 Ramatuelle pour une<br \/>\npause bien m\u00e9rit\u00e9e<\/p>\n<p>R\u00e9cemment, l\u2019acteur a boucl\u00e9 le tournage de Les caprices de<br \/>\nl\u2019enfant roi, une com\u00e9die historique qui raconte<br \/>\n<strong>l\u2019adolescence du futur Louis XIV,<\/strong> cach\u00e9 dans une<br \/>\ntroupe de th\u00e9\u00e2tre par Cyrano de Bergerac lui-m\u00eame. Tourn\u00e9 notamment<br \/>\npr\u00e8s de la cath\u00e9drale du Mans, le film devrait offrir un m\u00e9lange<br \/>\noriginal entre Histoire et fantaisie. Apr\u00e8s ce tournage, Franck<br \/>\nDubosc a <strong>pris quelques jours de repos<\/strong> dans le Sud<br \/>\navec Dani\u00e8le, sa compagne depuis de longues ann\u00e9es.<\/p>\n<p>Mari\u00e9s depuis 2009, les deux tourtereaux ont deux fils :<br \/>\nRapha\u00ebl, 15 ans, et Milhan, 12 ans. Leur escapade les a men\u00e9s<br \/>\njusqu\u2019\u00e0 Ramatuelle, o\u00f9 se tient chaque \u00e9t\u00e9 le c\u00e9l\u00e8bre Festival de<br \/>\nRamatuelle, fond\u00e9 en 1985 en hommage \u00e0 G\u00e9rard Philipe. Cette<br \/>\ninstitution culturelle, dirig\u00e9e par Michel Boujenah depuis 2007,<br \/>\n<strong>attire chaque ann\u00e9e de nombreux artistes.<\/strong><\/p>\n<p>L\u2019acteur se livre sur ses origines modestes et la place de<br \/>\nl\u2019argent dans sa vie<\/p>\n<p>Cette fois, le couple a assist\u00e9 au spectacle Stand<br \/>\nAlone de Philippe Lellouche, un one man show intime,<br \/>\n<strong>entre humour et confidences.<\/strong> Avant lui, Luc<br \/>\nMontigaud avait mis le public en jambes. \u00ab Mon pote a enflamm\u00e9<br \/>\nRamatuelle hier ! Tellement dr\u00f4le ! \u00bb, a \u00e9crit Franck Dubosc<br \/>\nen story Instagram apr\u00e8s <strong>avoir pos\u00e9 avec Philippe<br \/>\nLellouche<\/strong> dans les coulisses. L\u2019acteur savoure sa vie et<br \/>\nil a bien raison. Toujours tr\u00e8s franc, il s\u2019\u00e9tait confi\u00e9 \u00e0 La<br \/>\nTribune Dimanche au sujet d\u2019un th\u00e8me parfois tabou : l\u2019argent.<br \/>\nIssu d\u2019un milieu modeste, il n\u2019a <strong>jamais eu de piston pour<br \/>\npercer dans le m\u00e9tier.<\/strong><\/p>\n<p>\u00ab Je ne viens pas d\u2019un milieu tr\u00e8s friqu\u00e9. J\u2019aurais pr\u00e9f\u00e9r\u00e9<br \/>\nfaire partie de ceux qui partent en vacances au ski et qui montent<br \/>\n\u00e0 cheval\u2026 \u00bb, admet-il. Enfant, depuis les fen\u00eatres de son HLM<br \/>\nau Grand-Quevilly, il regardait passer les camionneurs et enviait<br \/>\nleur libert\u00e9 : \u00ab Je me disais : qu\u2019est-ce qu\u2019ils ont de la<br \/>\nchance de parcourir la France avec <strong>cette libert\u00e9 de laisser<br \/>\nleur imagination vagabonder. \u00bb.<\/strong><\/p>\n<p>\u00ab Depuis qu\u2019ils sont morts, j\u2019assume<br \/>\ndavantage \u00bb : Franck Dubosc raconte comment la perte de ses parents<br \/>\nl\u2019a lib\u00e9r\u00e9 face \u00e0 l\u2019argent<\/p>\n<p>Aujourd\u2019hui, le petit gar\u00e7on de Normandie est devenu une star du<br \/>\ncin\u00e9ma fran\u00e7ais, et il <strong>assume pleinement ce qu\u2019il a gagn\u00e9<br \/>\n:<\/strong> \u00ab Mon argent, je ne l\u2019ai pas vol\u00e9. Je paie mes<br \/>\nimp\u00f4ts, qui sont le fruit de beaucoup de travail. \u00bb. Comme<br \/>\nbeaucoup de \u00ab transfuges de classe \u00bb, Franck Dubosc explique avoir<br \/>\nlongtemps ressenti <strong>un malaise vis-\u00e0-vis de sa r\u00e9ussite<br \/>\nfinanci\u00e8re.<\/strong> \u00ab J\u2019ai eu longtemps l\u2019impression de trahir<br \/>\nles miens \u00bb, confie-t-il. Sa m\u00e8re a bien accueilli sa<br \/>\nc\u00e9l\u00e9brit\u00e9, \u00ab directement senti que je n\u2019oublierai jamais d\u2019o\u00f9<br \/>\nje viens \u00bb, mais son p\u00e8re, lui, a v\u00e9cu un profond complexe, au<br \/>\npoint d\u2019installer une distance entre eux.<\/p>\n<p>\u00ab C\u2019est seulement quand ils sont partis que je me suis<br \/>\nsenti, <strong>tristement, libre d\u2019\u00eatre celui que j\u2019\u00e9tais.<\/strong><br \/>\nDepuis qu\u2019ils sont morts, j\u2019assume davantage \u00bb, avoue-t-il.<br \/>\nAujourd\u2019hui, il se sent aussi d\u00e9livr\u00e9 d\u2019un autre poids : \u00ab Mon<br \/>\ncomplexe de l\u2019acteur de com\u00e9die. \u00bb. Des paroles qui <a href=\"https:\/\/www.melty.fr\/people\/kev-adams-tres-cash-face-au-dernier-gros-succes-de-pierre-niney-ce-qui-me-gene-2250080.html\" rel=\"nofollow noopener\" target=\"_blank\"><br \/>\nrappellent les confessions r\u00e9centes de Kev Adams.<\/a> Dans un<br \/>\nmilieu o\u00f9 beaucoup pr\u00e9f\u00e8rent \u00e9viter les sujets d\u2019argent, Franck<br \/>\nDubosc a <strong>choisi la franchise.<\/strong> Et \u00e7a fait du bien<br \/>\n!<\/p>\n","protected":false},"excerpt":{"rendered":"Ce soir, Franck Dubosc revient sur W9 dans la com\u00e9die 10 jours sans maman, diffus\u00e9e \u00e0 20h50. L\u2019occasion&hellip;\n","protected":false},"author":2,"featured_media":309906,"comment_status":"","ping_status":"","sticky":false,"template":"","format":"standard","meta":{"footnotes":""},"categories":[1354],"tags":[58,59,1346,1011,27,7187,1360],"class_list":{"0":"post-309905","1":"post","2":"type-post","3":"status-publish","4":"format-standard","5":"has-post-thumbnail","7":"category-films","8":"tag-divertissement","9":"tag-entertainment","10":"tag-films","11":"tag-fr","12":"tag-france","13":"tag-franck-dubosc","14":"tag-movies"},"share_on_mastodon":{"url":"https:\/\/pubeurope.com\/@fr\/115005779157123751","error":""},"_links":{"self":[{"href":"https:\/\/www.europesays.com\/fr\/wp-json\/wp\/v2\/posts\/309905","targetHints":{"allow":["GET"]}}],"collection":[{"href":"https:\/\/www.europesays.com\/fr\/wp-json\/wp\/v2\/posts"}],"about":[{"href":"https:\/\/www.europesays.com\/fr\/wp-json\/wp\/v2\/types\/post"}],"author":[{"embeddable":true,"href":"https:\/\/www.europesays.com\/fr\/wp-json\/wp\/v2\/users\/2"}],"replies":[{"embeddable":true,"href":"https:\/\/www.europesays.com\/fr\/wp-json\/wp\/v2\/comments?post=309905"}],"version-history":[{"count":0,"href":"https:\/\/www.europesays.com\/fr\/wp-json\/wp\/v2\/posts\/309905\/revisions"}],"wp:featuredmedia":[{"embeddable":true,"href":"https:\/\/www.europesays.com\/fr\/wp-json\/wp\/v2\/media\/309906"}],"wp:attachment":[{"href":"https:\/\/www.europesays.com\/fr\/wp-json\/wp\/v2\/media?parent=309905"}],"wp:term":[{"taxonomy":"category","embeddable":true,"href":"https:\/\/www.europesays.com\/fr\/wp-json\/wp\/v2\/categories?post=309905"},{"taxonomy":"post_tag","embeddable":true,"href":"https:\/\/www.europesays.com\/fr\/wp-json\/wp\/v2\/tags?post=309905"}],"curies":[{"name":"wp","href":"https:\/\/api.w.org\/{rel}","templated":true}]}}