{"id":309907,"date":"2025-08-10T18:01:11","date_gmt":"2025-08-10T18:01:11","guid":{"rendered":"https:\/\/www.europesays.com\/fr\/309907\/"},"modified":"2025-08-10T18:01:11","modified_gmt":"2025-08-10T18:01:11","slug":"pour-le-cancer-cette-boisson-est-un-facteur-de-risque-des-le-premier-verre","status":"publish","type":"post","link":"https:\/\/www.europesays.com\/fr\/309907\/","title":{"rendered":"Pour le cancer, cette boisson est un facteur de risque d\u00e8s le premier verre"},"content":{"rendered":"<p>Deux femmes sur trois ignorent que l\u2019alcool repr\u00e9sente un facteur de risque majeur du cancer du sein : 8000 cas seraient li\u00e9s \u00e0 la consommation d\u2019alcool d\u2019apr\u00e8s des estimations faites par des \u00e9pid\u00e9miologistes (chiffre Inca). \u00ab Il peut y avoir des synergies avec d\u2019autres polluants, et notamment le tabac \u00bb souligne le Dr Emmanuel Ricard, d\u00e9l\u00e9gu\u00e9 au service de pr\u00e9vention et promotion du d\u00e9pistage de la Ligue nationale contre le cancer. Contrairement \u00e0 ce qui se passe avec d\u2019autres cancers comme le cancer du foie (avec un risque augment\u00e9 de cancer du foie avec une consommation sup\u00e9rieure \u00e0 3 verres par jour), il n\u2019existe pas de consommation en-dessous de laquelle il n\u2019y a pas de risque et au-dessus de laquelle il y a un risque. \u00ab Pour le cancer du sein, l\u2019alcool est un facteur de risque d\u00e8s le premier verre, voire en-dessous \u00bb indique le Dr Ricard. Plus la consommation d\u2019alcool est importante et plus le risque augmente.<\/p>\n<p>Alcool, facteur de risque du cancer du sein<\/p>\n<p>Il existe diff\u00e9rents m\u00e9canismes qui sous-tendent le lien entre consommation d\u2019alcool et risque de cancer du sein. \u00ab Un des m\u00e9canismes est d\u00fb directement \u00e0 l\u2019\u00e9thanol, mol\u00e9cule de l\u2019alcool pr\u00e9sente dans les boissons alcoolis\u00e9es, qui est mutag\u00e8ne, c\u2019est-\u00e0-dire capable de provoquer des d\u00e9r\u00e8glements des cellules qui sont \u00e0 l\u2019origine des cancers \u00bb, informe le Dr Ricard. Cet \u00e9thanol se transforme au niveau du foie en ac\u00e9tald\u00e9hyde qui est une mol\u00e9cule extr\u00eamement (&#8230;)<\/p>\n<p><a href=\"https:\/\/www.topsante.com\/medecine\/cancers\/cancer_du_sein\/un-oncologue-alerte-pour-le-cancer-du-sein-cette-boisson-est-un-facteur-de-risque-des-le-premier-verre-894502?utm_campaign=partenariat&amp;utm_source=yahoo-articles&amp;utm_medium=flux\" rel=\"nofollow noopener\" target=\"_blank\" data-ylk=\"slk:Lire la suite sur Top Sant\u00e9;elm:context_link;itc:0;sec:content-canvas\" class=\"link \">Lire la suite sur Top Sant\u00e9<\/a><\/p>\n<p><a href=\"https:\/\/www.topsante.com\/medecine\/medicaments\/des-chercheurs-alertent-ce-somnifere-frequemment-utilise-pourrait-favoriser-alzheimer-905147?utm_campaign=partenariat&amp;utm_source=yahoo-articles&amp;utm_medium=flux\" rel=\"nofollow noopener\" target=\"_blank\" data-ylk=\"slk:Des chercheurs alertent : ce somnif\u00e8re fr\u00e9quemment utilis\u00e9 pourrait favoriser Alzheimer;elm:context_link;itc:0;sec:content-canvas\" class=\"link \">Des chercheurs alertent : ce somnif\u00e8re fr\u00e9quemment utilis\u00e9 pourrait favoriser Alzheimer<\/a><br \/><a href=\"https:\/\/www.topsante.com\/nutrition_et_recettes\/manger_equilibre\/cette-boisson-3-fois-plus-riche-en-antioxydants-que-le-the-vert-permet-aussi-de-lutter-contre-alzheimer-890891?utm_campaign=partenariat&amp;utm_source=yahoo-articles&amp;utm_medium=flux\" rel=\"nofollow noopener\" target=\"_blank\" data-ylk=\"slk:Cette boisson 3 fois plus riche en antioxydants que le th\u00e9 vert permet aussi de lutter contre Alzheimer;elm:context_link;itc:0;sec:content-canvas\" class=\"link \">Cette boisson 3 fois plus riche en antioxydants que le th\u00e9 vert permet aussi de lutter contre Alzheimer<\/a><br \/><a href=\"https:\/\/www.topsante.com\/medecine\/troubles_du_sommeil\/sommeil_difficile\/si-vous-avez-du-mal-a-bien-dormir-privilegiez-cet-aliment-le-matin-recommande-une-naturopathe-898554?utm_campaign=partenariat&amp;utm_source=yahoo-articles&amp;utm_medium=flux\" rel=\"nofollow noopener\" target=\"_blank\" data-ylk=\"slk:Si vous avez du mal \u00e0 bien dormir, privil\u00e9giez cet aliment le matin, recommande une naturopathe;elm:context_link;itc:0;sec:content-canvas\" class=\"link \">Si vous avez du mal \u00e0 bien dormir, privil\u00e9giez cet aliment le matin, recommande une naturopathe<\/a><br \/><a href=\"https:\/\/www.topsante.com\/nutrition_et_recettes\/cuisiner-sainement\/frites-pommes-rissolees-pommes-dauphines-une-etude-tranche-sur-les-plus-mauvaises-pour-la-sante-923660?utm_campaign=partenariat&amp;utm_source=yahoo-articles&amp;utm_medium=flux\" rel=\"nofollow noopener\" target=\"_blank\" data-ylk=\"slk:Frites, pommes rissol\u00e9es, pommes dauphines... Une \u00e9tude tranche sur les plus mauvaises pour la sant\u00e9;elm:context_link;itc:0;sec:content-canvas\" class=\"link \">Frites, pommes rissol\u00e9es, pommes dauphines&#8230; Une \u00e9tude tranche sur les plus mauvaises pour la sant\u00e9<\/a><br \/><a href=\"https:\/\/www.topsante.com\/medecine\/troubles_cardiovasculaires\/ce-regime-est-le-meilleur-pour-baisser-son-cholesterol-selon-3-cardiologues-896685?utm_campaign=partenariat&amp;utm_source=yahoo-articles&amp;utm_medium=flux\" rel=\"nofollow noopener\" target=\"_blank\" data-ylk=\"slk:&quot;Ce r\u00e9gime est le meilleur pour baisser son cholest\u00e9rol&quot;, selon 3 cardiologues;elm:context_link;itc:0;sec:content-canvas\" class=\"link \">\u00ab\u00a0Ce r\u00e9gime est le meilleur pour baisser son cholest\u00e9rol\u00a0\u00bb, selon 3 cardiologues<\/a><\/p>\n","protected":false},"excerpt":{"rendered":"Deux femmes sur trois ignorent que l\u2019alcool repr\u00e9sente un facteur de risque majeur du cancer du sein :&hellip;\n","protected":false},"author":2,"featured_media":309908,"comment_status":"","ping_status":"","sticky":false,"template":"","format":"standard","meta":{"footnotes":""},"categories":[10],"tags":[40720,2776,488,27077,1011,27,72,44970,71],"class_list":{"0":"post-309907","1":"post","2":"type-post","3":"status-publish","4":"format-standard","5":"has-post-thumbnail","7":"category-sante","8":"tag-cancer-du-foie","9":"tag-cancer-du-sein","10":"tag-consommation-dalcool","11":"tag-facteur-de-risque","12":"tag-fr","13":"tag-france","14":"tag-health","15":"tag-risque-majeur","16":"tag-sante"},"share_on_mastodon":{"url":"https:\/\/pubeurope.com\/@fr\/115005783002979847","error":""},"_links":{"self":[{"href":"https:\/\/www.europesays.com\/fr\/wp-json\/wp\/v2\/posts\/309907","targetHints":{"allow":["GET"]}}],"collection":[{"href":"https:\/\/www.europesays.com\/fr\/wp-json\/wp\/v2\/posts"}],"about":[{"href":"https:\/\/www.europesays.com\/fr\/wp-json\/wp\/v2\/types\/post"}],"author":[{"embeddable":true,"href":"https:\/\/www.europesays.com\/fr\/wp-json\/wp\/v2\/users\/2"}],"replies":[{"embeddable":true,"href":"https:\/\/www.europesays.com\/fr\/wp-json\/wp\/v2\/comments?post=309907"}],"version-history":[{"count":0,"href":"https:\/\/www.europesays.com\/fr\/wp-json\/wp\/v2\/posts\/309907\/revisions"}],"wp:featuredmedia":[{"embeddable":true,"href":"https:\/\/www.europesays.com\/fr\/wp-json\/wp\/v2\/media\/309908"}],"wp:attachment":[{"href":"https:\/\/www.europesays.com\/fr\/wp-json\/wp\/v2\/media?parent=309907"}],"wp:term":[{"taxonomy":"category","embeddable":true,"href":"https:\/\/www.europesays.com\/fr\/wp-json\/wp\/v2\/categories?post=309907"},{"taxonomy":"post_tag","embeddable":true,"href":"https:\/\/www.europesays.com\/fr\/wp-json\/wp\/v2\/tags?post=309907"}],"curies":[{"name":"wp","href":"https:\/\/api.w.org\/{rel}","templated":true}]}}