{"id":309913,"date":"2025-08-10T18:04:10","date_gmt":"2025-08-10T18:04:10","guid":{"rendered":"https:\/\/www.europesays.com\/fr\/309913\/"},"modified":"2025-08-10T18:04:10","modified_gmt":"2025-08-10T18:04:10","slug":"on-nest-pas-un-grand-reseau-de-cybercriminels-juste-deux-collegiens-qui-font-un-truc-pour-samuser","status":"publish","type":"post","link":"https:\/\/www.europesays.com\/fr\/309913\/","title":{"rendered":"\u00ab\u00a0On n\u2019est pas un grand r\u00e9seau de cybercriminels, juste deux coll\u00e9giens qui font un truc pour s\u2019amuser\u00a0\u00bb"},"content":{"rendered":"<p>                         <img loading=\"lazy\" decoding=\"async\" src=\"https:\/\/www.europesays.com\/fr\/wp-content\/uploads\/2025\/08\/c0ebad7_upload-1-tjxwsuxsvhvb-lmstreaming1-1.jpg\" alt=\"\"   width=\"664\" height=\"443\"\/>      JEAN-LUC NAVETTE                 <\/p>\n<p class=\"article__paragraph  \">Dans son coll\u00e8ge de Saint-Etienne, @Fidel \u2013\u00a0c\u2019est l\u2019un de ses pseudonymes en ligne\u00a0\u2013 a les pr\u00e9occupations classiques d\u2019un \u00e9l\u00e8ve de 3e. En cette fin d\u2019ann\u00e9e scolaire, il pr\u00e9pare son brevet et se rassure en repensant \u00e0 l\u2019excellente note (90\/100) obtenue en maths \u00e0 l\u2019examen blanc. Pour d\u00e9compresser, cet adolescent de 15\u00a0ans est l\u2019un des rares de sa bande \u00e0 faire du badminton sur son temps libre. Ses amis, au coll\u00e8ge, s\u2019adonnent plut\u00f4t au jeu vid\u00e9o Roblox. Et, s\u2019il arrive que @Fidel reste lui aussi riv\u00e9 plusieurs heures par jour devant l\u2019\u00e9cran de son ordinateur portable, ce n\u2019est pas pour jouer\u00a0: de sa chambre, qu\u2019il occupe seul dans l\u2019appartement familial, il g\u00e8re un site de streaming ill\u00e9gal.<\/p>\n<p class=\"article__paragraph  \">Sur ce site \u2013\u00a0appelons-le \u00ab\u00a0Vizix\u00a0\u00bb (le nom a \u00e9t\u00e9 modifi\u00e9)\u00a0\u2013, les internautes fran\u00e7ais peuvent consulter des milliers de films et de s\u00e9ries pirat\u00e9s, sans avoir besoin de les t\u00e9l\u00e9charger. Dans un lecteur qui ressemble \u00e0 ceux de YouTube ou de Dailymotion, les vid\u00e9os s\u2019y chargent en langue fran\u00e7aise ou en VO sous-titr\u00e9e, souvent en tr\u00e8s bonne qualit\u00e9. L\u2019essentiel provient de plateformes payantes (Netflix, Prime Video ou Disney+), mais on y trouve quelques films encore \u00e0 l\u2019affiche\u00a0: Minecraft, Mission\u00a0: Impossible et Lilo et\u00a0Stitch comptaient dans les \u00ab\u00a0tendances\u00a0\u00bb du mois de mai. Seule contrainte\u00a0: chaque vid\u00e9o est pr\u00e9c\u00e9d\u00e9e d\u2019une pub. Des \u00ab\u00a0r\u00e9clames\u00a0\u00bb qui peuvent se d\u00e9sactiver gr\u00e2ce \u00e0 un abonnement de 2\u00a0euros par mois.<\/p>\n<p class=\"reading-mode-only \"><strong>Il vous reste 82% de cet article \u00e0 lire. La suite est r\u00e9serv\u00e9e aux abonn\u00e9s.<\/strong><\/p>\n","protected":false},"excerpt":{"rendered":"JEAN-LUC NAVETTE Dans son coll\u00e8ge de Saint-Etienne, @Fidel \u2013\u00a0c\u2019est l\u2019un de ses pseudonymes en ligne\u00a0\u2013 a les pr\u00e9occupations&hellip;\n","protected":false},"author":2,"featured_media":309914,"comment_status":"","ping_status":"","sticky":false,"template":"","format":"standard","meta":{"footnotes":""},"categories":[7],"tags":[1011,27,43,40,41,39,42,44],"class_list":{"0":"post-309913","1":"post","2":"type-post","3":"status-publish","4":"format-standard","5":"has-post-thumbnail","7":"category-sciences-et-technologies","8":"tag-fr","9":"tag-france","10":"tag-science","11":"tag-science-and-technology","12":"tag-sciences","13":"tag-sciences-et-technologies","14":"tag-technologies","15":"tag-technology"},"share_on_mastodon":{"url":"https:\/\/pubeurope.com\/@fr\/115005794858909084","error":""},"_links":{"self":[{"href":"https:\/\/www.europesays.com\/fr\/wp-json\/wp\/v2\/posts\/309913","targetHints":{"allow":["GET"]}}],"collection":[{"href":"https:\/\/www.europesays.com\/fr\/wp-json\/wp\/v2\/posts"}],"about":[{"href":"https:\/\/www.europesays.com\/fr\/wp-json\/wp\/v2\/types\/post"}],"author":[{"embeddable":true,"href":"https:\/\/www.europesays.com\/fr\/wp-json\/wp\/v2\/users\/2"}],"replies":[{"embeddable":true,"href":"https:\/\/www.europesays.com\/fr\/wp-json\/wp\/v2\/comments?post=309913"}],"version-history":[{"count":0,"href":"https:\/\/www.europesays.com\/fr\/wp-json\/wp\/v2\/posts\/309913\/revisions"}],"wp:featuredmedia":[{"embeddable":true,"href":"https:\/\/www.europesays.com\/fr\/wp-json\/wp\/v2\/media\/309914"}],"wp:attachment":[{"href":"https:\/\/www.europesays.com\/fr\/wp-json\/wp\/v2\/media?parent=309913"}],"wp:term":[{"taxonomy":"category","embeddable":true,"href":"https:\/\/www.europesays.com\/fr\/wp-json\/wp\/v2\/categories?post=309913"},{"taxonomy":"post_tag","embeddable":true,"href":"https:\/\/www.europesays.com\/fr\/wp-json\/wp\/v2\/tags?post=309913"}],"curies":[{"name":"wp","href":"https:\/\/api.w.org\/{rel}","templated":true}]}}