{"id":309917,"date":"2025-08-10T18:06:12","date_gmt":"2025-08-10T18:06:12","guid":{"rendered":"https:\/\/www.europesays.com\/fr\/309917\/"},"modified":"2025-08-10T18:06:12","modified_gmt":"2025-08-10T18:06:12","slug":"donald-trump-somme-les-sans-abri-de-partir-loin-de-washington","status":"publish","type":"post","link":"https:\/\/www.europesays.com\/fr\/309917\/","title":{"rendered":"Donald Trump somme les sans-abri de partir \u00ab\u00a0loin\u00a0\u00bb de Washington"},"content":{"rendered":"<p>                          <img loading=\"lazy\" decoding=\"async\" src=\"https:\/\/www.europesays.com\/fr\/wp-content\/uploads\/2025\/08\/8b26786_ftp-import-images-1-8fq4mezhsijd-2025-08-10t170851z-487782238-rc2ecca3up06-rtrmadp-3-usa-tru.jpeg\" alt=\"Une personne sans-abri sur un banc \u00e0 Washington, le 18\u00a0janvier 2025. \"   width=\"664\" height=\"443\"\/>    Une personne sans-abri sur un banc \u00e0 Washington, le 18\u00a0janvier 2025.  MARKO DJURICA \/ REUTERS                   <\/p>\n<p class=\"article__paragraph  \">Donald Trump a exhort\u00e9, dimanche 10\u00a0ao\u00fbt, les sans-abri \u00e0 partir\u00a0\u00ab\u00a0imm\u00e9diatement\u00a0\u00bb\u00a0de Washington, assurant que le gouvernement leur fournirait un h\u00e9bergement mais que celui-ci serait\u00a0\u00ab\u00a0loin\u00a0\u00bb\u00a0de la capitale am\u00e9ricaine.<\/p>\n<p class=\"article__paragraph  \">Le pr\u00e9sident am\u00e9ricain doit donner une conf\u00e9rence de presse lundi sur son projet pour rendre la ville\u00a0\u00ab\u00a0plus s\u00fbre et plus belle qu\u2019elle ne l\u2019a jamais \u00e9t\u00e9\u00a0\u00bb.<\/p>\n<p class=\"article__paragraph  \">\u00ab\u00a0Les sans-abri doivent partir, IMMEDIATEMENT. Nous vous donnerons des endroits o\u00f9 dormir, mais LOIN de la capitale\u00a0\u00bb, a-t-il \u00e9crit sur sa plateforme Truth Social, avant de s\u2019adresser aux\u00a0\u00ab\u00a0criminels\u00a0\u00bb. \u00ab\u00a0Vous, vous n\u2019avez pas besoin de partir. Nous allons vous mettre en prison, l\u00e0 o\u00f9 vous devriez vous trouver\u00a0\u00bb, a lanc\u00e9 le pr\u00e9sident r\u00e9publicain.<\/p>\n<p class=\"article__paragraph  \">Selon le rapport annuel du minist\u00e8re du logement, Washington se classait en 2024 au 15e rang des villes am\u00e9ricaines comptant le plus de sans-abri, avec plus de 5\u00a0600 personnes recens\u00e9es.<\/p>\n<p>                                Lire aussi |  Article r\u00e9serv\u00e9 \u00e0 nos abonn\u00e9s  <a href=\"https:\/\/www.lemonde.fr\/international\/article\/2019\/09\/20\/donald-trump-a-l-offensive-contre-la-californie-democrate-et-ses-sans-abri_6012329_3210.html\" class=\"js-article-read-also catcher--favoris__link\" data-premium=\"1\" id=\"article-title-3136927\" rel=\"nofollow noopener\" target=\"_blank\">Donald Trump \u00e0 l\u2019offensive contre la Californie d\u00e9mocrate et ses sans-abri<\/a>    <\/p>\n<p>   Lire plus tard  <\/p>\n<p>                   Une ville historiquement d\u00e9mocrate             <\/p>\n<p class=\"article__paragraph  \">Depuis son retour \u00e0 la Maison Blanche, Donald Trump a menac\u00e9 \u00e0 plusieurs reprises de replacer Washington sous le contr\u00f4le des autorit\u00e9s f\u00e9d\u00e9rales. La ville poss\u00e8de en effet un statut particulier aux Etats-Unis. Etablie apr\u00e8s la guerre d\u2019Ind\u00e9pendance pour servir de capitale, elle n\u2019est rattach\u00e9e \u00e0 aucun Etat am\u00e9ricain, et la Constitution pr\u00e9voit que le Congr\u00e8s ait comp\u00e9tence sur ses affaires. Depuis une loi de 1973, les habitants peuvent cependant \u00e9lire un conseil municipal, m\u00eame si ses d\u00e9cisions sont toujours contr\u00f4l\u00e9es par le Congr\u00e8s.<\/p>\n<p class=\"article__paragraph  \">Fin f\u00e9vrier, le pr\u00e9sident am\u00e9ricain avait assur\u00e9 qu\u2019il soutenait un projet l\u00e9gislatif visant \u00e0 revenir sur cette loi, notamment pour am\u00e9liorer la lutte contre la criminalit\u00e9. \u00ab\u00a0Il y a trop de crime, de graffitis, trop de tentes [de sans-abri] sur les pelouses, ces magnifiques pelouses\u00a0\u00bb, avait-il alors d\u00e9clar\u00e9 \u00e0 la presse, en insistant sur l\u2019importance de l\u2019apparence de la capitale am\u00e9ricaine o\u00f9 viennent r\u00e9guli\u00e8rement de hauts dignitaires \u00e9trangers.<\/p>\n<p>                                Lire aussi |  Article r\u00e9serv\u00e9 \u00e0 nos abonn\u00e9s  <a href=\"https:\/\/www.lemonde.fr\/economie\/article\/2025\/08\/04\/richesse-monopoles-corruption-l-amerique-de-donald-trump-est-elle-revenue-en-1890_6626445_3234.html\" class=\"js-article-read-also catcher--favoris__link\" data-premium=\"1\" id=\"article-title-3429879\" rel=\"nofollow noopener\" target=\"_blank\">Les nombreuses analogies entre les Etats-Unis de Trump et ceux des \u00ab\u00a0barons voleurs\u00a0\u00bb de 1890<\/a>    <\/p>\n<p>   Lire plus tard  <\/p>\n<p class=\"article__paragraph  \">Et fin mars, il avait sign\u00e9 un d\u00e9cret pour accro\u00eetre la supervision de son gouvernement sur la municipalit\u00e9, notamment en mati\u00e8re de lutte contre l\u2019immigration clandestine.<\/p>\n<p class=\"article__paragraph  \">Washington vote historiquement d\u00e9mocrate, et la rivale de Donald Trump lors de l\u2019\u00e9lection de novembre, Kamala Harris, y avait r\u00e9colt\u00e9 plus de 90\u00a0% des voix.<\/p>\n<p>             Washington,\u00a0\u00ab\u00a0plus violente que Bagdad\u00a0\u00bb             <\/p>\n<p class=\"article__paragraph  \">La maire de Washington, Muriel Bowser, a adopt\u00e9 une strat\u00e9gie de conciliation avec le pr\u00e9sident r\u00e9publicain. L\u2019\u00e9dile d\u00e9mocrate a notamment d\u00e9cid\u00e9 en mars <a href=\"https:\/\/www.lemonde.fr\/international\/article\/2025\/03\/11\/a-washington-une-fresque-black-lives-matter-peinte-en-2020-effacee-sous-la-pression-des-republicains_6578381_3210.html\" rel=\"nofollow noopener\" target=\"_blank\">d\u2019effacer une fresque peinte en 2020 aux couleurs du mouvement antiraciste\u00a0\u00ab\u00a0Black Lives Matter\u00a0\u00bb<\/a>, et qui se trouvait dans le viseur des r\u00e9publicains depuis.<\/p>\n<p> Newsletter  <\/p>\n<p> <a href=\"https:\/\/www.lemonde.fr\/newsletters\/a-la-une\/\" class=\"inread__link js-services-inread-link\" target=\"_blank\" rel=\"nofollow noopener\">  <\/p>\n<p>\u00ab A la une \u00bb<\/p>\n<p>Chaque matin, parcourez l&rsquo;essentiel de l&rsquo;actualit\u00e9 du jour avec les derniers titres du \u00ab Monde \u00bb<\/p>\n<p>S&rsquo;inscrire<\/p>\n<p> <\/a>         <\/p>\n<p class=\"article__paragraph  \">Interview\u00e9e sur la cha\u00eene MSNBC, avant les d\u00e9clarations de Donald Trump, la maire a affirm\u00e9 dimanche que la conf\u00e9rence de presse du pr\u00e9sident le lendemain porterait probablement sur\u00a0\u00ab\u00a0un afflux des forces de l\u2019ordre f\u00e9d\u00e9rales\u00a0\u00bb\u00a0dans la ville. Muriel Bowser a \u00e9galement d\u00e9menti une hausse de la criminalit\u00e9 \u00e0 Washington, soulignant que les statistiques montraient\u00a0\u00ab\u00a0des tendances dans la bonne direction pour chaque cat\u00e9gorie.\u00a0\u00bb<\/p>\n<p class=\"article__paragraph  \">Le minist\u00e8re de la justice avait annonc\u00e9 d\u00e9but janvier que les faits de criminalit\u00e9 violente \u00e0 Washington avaient atteint en 2024 leur niveau le plus bas en plus de 30 ans. \u00ab\u00a0Toute comparaison avec un pays ravag\u00e9 par la guerre est exag\u00e9r\u00e9e et erron\u00e9e\u00a0\u00bb, a-t-elle ajout\u00e9, r\u00e9pondant \u00e0 Stephen Miller, proche conseiller de Donald Trump \u00e0 la Maison Blanche, qui avait affirm\u00e9 jeudi que Washington \u00e9tait\u00a0\u00ab\u00a0plus violente que Bagdad\u00a0\u00bb.<\/p>\n<p class=\"author__detail\">  Le Monde avec AFP  <\/p>\n","protected":false},"excerpt":{"rendered":"Une personne sans-abri sur un banc \u00e0 Washington, le 18\u00a0janvier 2025. MARKO DJURICA \/ REUTERS Donald Trump a&hellip;\n","protected":false},"author":2,"featured_media":309918,"comment_status":"","ping_status":"","sticky":false,"template":"","format":"standard","meta":{"footnotes":""},"categories":[5],"tags":[11,1011,27,14,12,28],"class_list":{"0":"post-309917","1":"post","2":"type-post","3":"status-publish","4":"format-standard","5":"has-post-thumbnail","7":"category-international","8":"tag-actualites","9":"tag-fr","10":"tag-france","11":"tag-international","12":"tag-news","13":"tag-world"},"share_on_mastodon":{"url":"https:\/\/pubeurope.com\/@fr\/115005802681533386","error":""},"_links":{"self":[{"href":"https:\/\/www.europesays.com\/fr\/wp-json\/wp\/v2\/posts\/309917","targetHints":{"allow":["GET"]}}],"collection":[{"href":"https:\/\/www.europesays.com\/fr\/wp-json\/wp\/v2\/posts"}],"about":[{"href":"https:\/\/www.europesays.com\/fr\/wp-json\/wp\/v2\/types\/post"}],"author":[{"embeddable":true,"href":"https:\/\/www.europesays.com\/fr\/wp-json\/wp\/v2\/users\/2"}],"replies":[{"embeddable":true,"href":"https:\/\/www.europesays.com\/fr\/wp-json\/wp\/v2\/comments?post=309917"}],"version-history":[{"count":0,"href":"https:\/\/www.europesays.com\/fr\/wp-json\/wp\/v2\/posts\/309917\/revisions"}],"wp:featuredmedia":[{"embeddable":true,"href":"https:\/\/www.europesays.com\/fr\/wp-json\/wp\/v2\/media\/309918"}],"wp:attachment":[{"href":"https:\/\/www.europesays.com\/fr\/wp-json\/wp\/v2\/media?parent=309917"}],"wp:term":[{"taxonomy":"category","embeddable":true,"href":"https:\/\/www.europesays.com\/fr\/wp-json\/wp\/v2\/categories?post=309917"},{"taxonomy":"post_tag","embeddable":true,"href":"https:\/\/www.europesays.com\/fr\/wp-json\/wp\/v2\/tags?post=309917"}],"curies":[{"name":"wp","href":"https:\/\/api.w.org\/{rel}","templated":true}]}}