{"id":309923,"date":"2025-08-10T18:09:21","date_gmt":"2025-08-10T18:09:21","guid":{"rendered":"https:\/\/www.europesays.com\/fr\/309923\/"},"modified":"2025-08-10T18:09:21","modified_gmt":"2025-08-10T18:09:21","slug":"la-fin-de-lusine-dequarrissage-cest-ma-plus-belle-victoire","status":"publish","type":"post","link":"https:\/\/www.europesays.com\/fr\/309923\/","title":{"rendered":"\u00ab\u00a0La fin de l\u2019usine d\u2019\u00e9quarrissage, c\u2019est ma plus belle victoire\u00a0\u00bb"},"content":{"rendered":"<p>                            Les raisons de son engagement<\/p>\n<p>\u00ab\u00a0J\u2019ai toujours \u00e9t\u00e9 attir\u00e9 par la vie politique, je suis un enfant de la R\u00e9publique. Pour moi, l\u2019engagement citoyen est tr\u00e8s important c\u2019est m\u00eame un devoir. Je voulais cr\u00e9er de nouvelles choses. J\u2019\u00e9tais convaincu qu\u2019il fallait un changement politique, apr\u00e8s trente ans de droite au pouvoir. C\u2019est d\u2019ailleurs pour \u00e7a que j\u2019ai soutenu Fran\u00e7ois Mitterrand au d\u00e9part.<\/p>\n<p>\u00ab\u00a0Je suis arriv\u00e9 \u00e0 une p\u00e9riode o\u00f9 on a profond\u00e9ment modifi\u00e9 la commune\u00a0\u00bb<\/p>\n<p>Je suis n\u00e9 \u00e0 Saint-\u00c9tienne et mes grands-parents avaient une ferme ici, \u00e0 Saint-Jean-Bonnefonds, donc je me suis rapidement attach\u00e9 \u00e0 la commune. Jean Damien avait cr\u00e9\u00e9 la liste d\u2019entente r\u00e9publicaine, au sein de laquelle on essayait de r\u00e9unir des sensibilit\u00e9s politiques&#8230;<\/p>\n","protected":false},"excerpt":{"rendered":"Les raisons de son engagement \u00ab\u00a0J\u2019ai toujours \u00e9t\u00e9 attir\u00e9 par la vie politique, je suis un enfant de&hellip;\n","protected":false},"author":2,"featured_media":309924,"comment_status":"","ping_status":"","sticky":false,"template":"","format":"standard","meta":{"footnotes":""},"categories":[9653],"tags":[1111,11,2430,1984,7539,1777,674,1011,27,12,316,25,4001,9664,9663],"class_list":{"0":"post-309923","1":"post","2":"type-post","3":"status-publish","4":"format-standard","5":"has-post-thumbnail","7":"category-saint-etienne","8":"tag-actu","9":"tag-actualites","10":"tag-auvergne-rhone-alpes","11":"tag-conseil-municipal","12":"tag-edition-loire-sud","13":"tag-eu","14":"tag-europe","15":"tag-fr","16":"tag-france","17":"tag-news","18":"tag-politique","19":"tag-republique-francaise","20":"tag-saint-etienne","21":"tag-saint-etienne-bassin","22":"tag-saint-jean-bonnefonds"},"share_on_mastodon":{"url":"https:\/\/pubeurope.com\/@fr\/115005814505136752","error":""},"_links":{"self":[{"href":"https:\/\/www.europesays.com\/fr\/wp-json\/wp\/v2\/posts\/309923","targetHints":{"allow":["GET"]}}],"collection":[{"href":"https:\/\/www.europesays.com\/fr\/wp-json\/wp\/v2\/posts"}],"about":[{"href":"https:\/\/www.europesays.com\/fr\/wp-json\/wp\/v2\/types\/post"}],"author":[{"embeddable":true,"href":"https:\/\/www.europesays.com\/fr\/wp-json\/wp\/v2\/users\/2"}],"replies":[{"embeddable":true,"href":"https:\/\/www.europesays.com\/fr\/wp-json\/wp\/v2\/comments?post=309923"}],"version-history":[{"count":0,"href":"https:\/\/www.europesays.com\/fr\/wp-json\/wp\/v2\/posts\/309923\/revisions"}],"wp:featuredmedia":[{"embeddable":true,"href":"https:\/\/www.europesays.com\/fr\/wp-json\/wp\/v2\/media\/309924"}],"wp:attachment":[{"href":"https:\/\/www.europesays.com\/fr\/wp-json\/wp\/v2\/media?parent=309923"}],"wp:term":[{"taxonomy":"category","embeddable":true,"href":"https:\/\/www.europesays.com\/fr\/wp-json\/wp\/v2\/categories?post=309923"},{"taxonomy":"post_tag","embeddable":true,"href":"https:\/\/www.europesays.com\/fr\/wp-json\/wp\/v2\/tags?post=309923"}],"curies":[{"name":"wp","href":"https:\/\/api.w.org\/{rel}","templated":true}]}}