{"id":309932,"date":"2025-08-10T18:14:14","date_gmt":"2025-08-10T18:14:14","guid":{"rendered":"https:\/\/www.europesays.com\/fr\/309932\/"},"modified":"2025-08-10T18:14:14","modified_gmt":"2025-08-10T18:14:14","slug":"travaux-de-nuit-fermetures-dautoroutes-du-11-au-15-aout-en-provence","status":"publish","type":"post","link":"https:\/\/www.europesays.com\/fr\/309932\/","title":{"rendered":"Travaux de nuit\u00a0: fermetures d&rsquo;autoroutes du 11 au 15 ao\u00fbt en Provence"},"content":{"rendered":"<p> <img decoding=\"async\" src=\"https:\/\/www.europesays.com\/fr\/wp-content\/uploads\/2025\/04\/1200x680_sc_698578-uje3r0kyso-whr.jpg\" alt=\"illustration agrandir l'image\" style=\"--_image-preview:url('data:image\/jpeg;base64,\/9j\/2wBDACgcHiMeGSgjISMtKygwPGRBPDc3PHtYXUlkkYCZlo+AjIqgtObDoKrarYqMyP\/L2u71\/\/\/\/m8H\/\/\/\/6\/+b9\/\/j\/2wBDASstLTw1PHZBQXb4pYyl+Pj4+Pj4+Pj4+Pj4+Pj4+Pj4+Pj4+Pj4+Pj4+Pj4+Pj4+Pj4+Pj4+Pj4+Pj4+Pj4+Pj\/wAARCAAXACoDASIAAhEBAxEB\/8QAGAAAAwEBAAAAAAAAAAAAAAAAAAIDBAH\/xAAXEAEBAQEAAAAAAAAAAAAAAAAAAgER\/8QAFgEBAQEAAAAAAAAAAAAAAAAAAwIB\/8QAFREBAQAAAAAAAAAAAAAAAAAAAAH\/2gAMAwEAAhEDEQA\/AM06tOs8avI6SK9JTvSVqY2p2meiEiKIXkBNVDErQGRtSrSgEg6\/\/9k=');\" loading=\"eager\" fetchpriority=\"high\" aria-hidden=\"true\" class=\"svelte-1pnmlwx rounded\" onload=\"this.__e=event\" onerror=\"this.__e=event\"\/> Panneau travaux \u00a9 Radio France &#8211; C\u00e9dric Fr\u00e9mi     <\/p>\n<p class=\"g-ici-body-regular-3 info svelte-1c4u67c\">Publi\u00e9 le dimanche 10 ao\u00fbt 2025 \u00e0 19:58 <\/p>\n<ul class=\"SocialNetworks svelte-bt5901\">\n<li class=\"svelte-bt5901\"><\/li>\n<li class=\"svelte-bt5901\"><\/li>\n<li class=\"svelte-bt5901\"><\/li>\n<li class=\"svelte-bt5901\"><\/li>\n<li class=\"svelte-bt5901\"><\/li>\n<\/ul>\n<p class=\"standfirst g-ici-body-bold-1 svelte-983d72\">ICI Provence (ex-France Bleu) est la seule radio \u00e0 vous proposer la liste compl\u00e8te des chantiers de nuit sur nos autoroutes. En plus des points chaque quart d&rsquo;heure de 16h \u00e0 19h, consultez le planning pr\u00e9visionnel des travaux \u00e0 Marseille, \u00e0 Toulon et en Provence, pour la semaine du 11 ao\u00fbt.<\/p>\n<p> Nuit du lundi 11 au mardi 12 ao\u00fbt 2025<\/p>\n<ul>\n<li><strong>A Marseille<\/strong>\u00a0: fermeture de l&rsquo;<strong>A507\/L2<\/strong> sens Aubagne\/Aix, de 21h \u00e0 6h.<\/li>\n<li><strong>A Toulon dans les 2 sens<\/strong>\u00a0: fermeture du <strong>tunnel<\/strong> de 21h \u00e0 6h.<\/li>\n<li><strong>Sur l&rsquo;A57 en provenance de Nice<\/strong>\u00a0: fermeture des bretelles de sortie <strong>A570-Hy\u00e8res<\/strong> et <strong>La Valette-Nord<\/strong> et des bretelles d&rsquo;entr\u00e9e en direction de Toulon depuis <strong>La Valette-Sud<\/strong> et <strong>La Palasse<\/strong> de 21h \u00e0 6h.<\/li>\n<\/ul>\n<p>Nuit du mardi 12 au mercredi 13 ao\u00fbt 2025<\/p>\n<ul>\n<li><strong>A Marseille<\/strong>\u00a0: fermeture de l&rsquo;<strong>A507\/L2<\/strong> sens Aubagne\/Aix, de 21h \u00e0 6h.<\/li>\n<li><strong>Sur l&rsquo;A57<\/strong> : fermeture de la bretelle de sortie <strong>La Valette-Nord<\/strong> en provenance de Nice, de 21h \u00e0 6h.<\/li>\n<\/ul>\n<p>Nuit du mercredi 13 au jeudi 14 ao\u00fbt 2025<\/p>\n<ul>\n<li><strong>Sur l&rsquo;A57<\/strong> : fermeture de la bretelle de sortie <strong>La Valette-Nord<\/strong> en provenance de Nice, de 21h \u00e0 6h.<\/li>\n<\/ul>\n<p>Nuit du jeudi 14 au vendredi 15 ao\u00fbt 2025<\/p>\n<ul>\n<li>Pas de fermeture en raison du jour f\u00e9ri\u00e9.<\/li>\n<\/ul>\n<ul class=\"SocialNetworks svelte-bt5901\">\n<li class=\"svelte-bt5901\"><\/li>\n<li class=\"svelte-bt5901\"><\/li>\n<li class=\"svelte-bt5901\"><\/li>\n<li class=\"svelte-bt5901\"><\/li>\n<li class=\"svelte-bt5901\"><\/li>\n<\/ul>\n","protected":false},"excerpt":{"rendered":"Panneau travaux \u00a9 Radio France &#8211; C\u00e9dric Fr\u00e9mi Publi\u00e9 le dimanche 10 ao\u00fbt 2025 \u00e0 19:58 ICI Provence&hellip;\n","protected":false},"author":2,"featured_media":18035,"comment_status":"","ping_status":"","sticky":false,"template":"","format":"standard","meta":{"footnotes":""},"categories":[9619],"tags":[1111,11,1777,674,1011,27,12,882,25,2310],"class_list":{"0":"post-309932","1":"post","2":"type-post","3":"status-publish","4":"format-standard","5":"has-post-thumbnail","7":"category-toulon","8":"tag-actu","9":"tag-actualites","10":"tag-eu","11":"tag-europe","12":"tag-fr","13":"tag-france","14":"tag-news","15":"tag-provence-alpes-cote-dazur","16":"tag-republique-francaise","17":"tag-toulon"},"share_on_mastodon":{"url":"https:\/\/pubeurope.com\/@fr\/115005834118568981","error":""},"_links":{"self":[{"href":"https:\/\/www.europesays.com\/fr\/wp-json\/wp\/v2\/posts\/309932","targetHints":{"allow":["GET"]}}],"collection":[{"href":"https:\/\/www.europesays.com\/fr\/wp-json\/wp\/v2\/posts"}],"about":[{"href":"https:\/\/www.europesays.com\/fr\/wp-json\/wp\/v2\/types\/post"}],"author":[{"embeddable":true,"href":"https:\/\/www.europesays.com\/fr\/wp-json\/wp\/v2\/users\/2"}],"replies":[{"embeddable":true,"href":"https:\/\/www.europesays.com\/fr\/wp-json\/wp\/v2\/comments?post=309932"}],"version-history":[{"count":0,"href":"https:\/\/www.europesays.com\/fr\/wp-json\/wp\/v2\/posts\/309932\/revisions"}],"wp:featuredmedia":[{"embeddable":true,"href":"https:\/\/www.europesays.com\/fr\/wp-json\/wp\/v2\/media\/18035"}],"wp:attachment":[{"href":"https:\/\/www.europesays.com\/fr\/wp-json\/wp\/v2\/media?parent=309932"}],"wp:term":[{"taxonomy":"category","embeddable":true,"href":"https:\/\/www.europesays.com\/fr\/wp-json\/wp\/v2\/categories?post=309932"},{"taxonomy":"post_tag","embeddable":true,"href":"https:\/\/www.europesays.com\/fr\/wp-json\/wp\/v2\/tags?post=309932"}],"curies":[{"name":"wp","href":"https:\/\/api.w.org\/{rel}","templated":true}]}}