{"id":309937,"date":"2025-08-10T18:19:25","date_gmt":"2025-08-10T18:19:25","guid":{"rendered":"https:\/\/www.europesays.com\/fr\/309937\/"},"modified":"2025-08-10T18:19:25","modified_gmt":"2025-08-10T18:19:25","slug":"carte-interactive-entre-beton-et-bitume-vivez-vous-au-milieu-dun-ilot-de-chaleur","status":"publish","type":"post","link":"https:\/\/www.europesays.com\/fr\/309937\/","title":{"rendered":"Carte interactive. Entre b\u00e9ton et bitume, vivez-vous au milieu d&rsquo;un \u00eelot de chaleur ?"},"content":{"rendered":"<p>Malgr\u00e9 les fen\u00eatres ouvertes aux moustiques, <a href=\"https:\/\/www.ledauphine.com\/environnement\/2025\/08\/09\/la-vague-de-chaleur-s-etend-a-28-departements-en-france-ce-samedi\" target=\"_blank\" rel=\"noopener\">certaines nuits d&rsquo;\u00e9t\u00e9<\/a>, il peut sembler impossible de rafra\u00eechir l&rsquo;appartement. Vous \u00eates peut-\u00eatre victime d&rsquo;un \u00eelot de chaleur. B\u00e9ton, pierres, parkings, absence de v\u00e9g\u00e9talisation et d&rsquo;eau : la chaleur caniculaire est pi\u00e9g\u00e9e par les mat\u00e9riaux en journ\u00e9e et se restitue lentement pendant la nuit, cr\u00e9ant une sorte de microclimat p\u00e9nible en \u00e9t\u00e9, avec une grosse diff\u00e9rence de temp\u00e9rature entre les centres urbains et les zones rurales autour.\u00a0<\/p>\n<p>481 communes cartographi\u00e9es chez nous<\/p>\n<p>Alors, vivez-vous entour\u00e9 de quartiers qui favorisent cet effet ou qui le diminuent ? Pour r\u00e9pondre \u00e0 cette question, un \u00e9tablissement public a fourni un gros travail cartographique. En croisant plusieurs donn\u00e9es, notamment satellitaires \u00e0 tr\u00e8s haute r\u00e9solution, le\u00a0Cerema\u00a0(Centre d&rsquo;\u00e9tudes et d&rsquo;expertise sur les risques, l&rsquo;environnement, la mobilit\u00e9 et l&rsquo;am\u00e9nagement) a soigneusement report\u00e9 les LCZ ou \u00ab\u00a0Local climate zones\u00a0\u00bb du territoire. De petites zones\u00a0qui agissent toutes \u00e0 la leur mani\u00e8re sur les temp\u00e9ratures, et qui peuvent par exemple repr\u00e9senter les contours d&rsquo;un parking, un p\u00e2t\u00e9 de maison, un petit bois, une plage de sable, un parc municipal&#8230;<\/p>\n<p>En France, l&rsquo;organisme distingue 16 types de LCZ. Sept d&rsquo;entre eux concernent des zones naturelles (for\u00eats denses, sols nus, plans d&rsquo;eau, etc.), et 9 des zones b\u00e2ties, plus ou moins hautes, plus ou moins denses. Chez nous, ce sont les r\u00e9gions de Grenoble, Annecy, Annemasse, Chamb\u00e9ry, Valence et Avignon qui ont \u00e9t\u00e9 cibl\u00e9es. Un travail qui repr\u00e9sente\u00a0un peu moins de 500 communes.<\/p>\n<p>Et vous, dans quel type de zone habitez-vous\u00a0? Et comment sont classifi\u00e9s les quartiers qui vous entourent\u00a0? Quel effet sont-ils susceptibles d&rsquo;avoir sur la temp\u00e9rature en p\u00e9riode caniculaire ? Si votre commune a \u00e9t\u00e9 cartographi\u00e9e par le Cerema, d\u00e9couvrez tout \u00e7a\u00a0ci-dessous dans notre module interactif. Il suffit de s\u00e9lectionner une zone puis d&rsquo;entrer votre adresse.<\/p>\n<p class=\"componentDescription\">Quel impact a l&rsquo;urbanisme de votre quartier sur la chaleur caniculaire ? S\u00e9lectionnez une zone dans le module ci-dessous, puis entrez votre adresse.<\/p>\n<p>Habiter dans une zone color\u00e9e d&rsquo;une nuance de rouge inqui\u00e9tante signifie-t-il forc\u00e9ment que vous vivez dans une fournaise irrespirable\u00a0? Attention : \u00e7a d\u00e9pend. \u00ab\u00a0Une petite zone rouge perdue au milieu d&rsquo;une grande zone de verdure n&rsquo;agira pas du tout de la m\u00eame mani\u00e8re qu&rsquo;une gigantesque ville tout en rouge sans espace vert\u00a0\u00bb, d\u00e9crypte Lo\u00ebna Trouv\u00e9, de la direction technique du Cerema. \u00ab\u00a0Malgr\u00e9 le fait qu&rsquo;entre les deux zones le comportement thermique des mat\u00e9riaux est identique, et que la chaleur est stock\u00e9e, une petite zone isol\u00e9e pourra \u00eatre rafra\u00eechie plus rapidement par son environnement v\u00e9g\u00e9tal, et ne cr\u00e9era pas forc\u00e9ment un \u00ab\u00a0grand d\u00f4me de chaleur\u00a0\u00bb \u00e0 elle toute seule\u00a0\u00bb.<\/p>\n<p>Jusqu&rsquo;\u00e0 +5 \u00b0C au centre de Grenoble<\/p>\n<p>Si une petite commune, malgr\u00e9 quelques immeubles compacts, n&rsquo;est pas toujours victime d&rsquo;un tel \u00ab\u00a0d\u00f4me de chaleur\u00a0\u00bb, d&rsquo;autres villes ne peuvent pas en dire autant. C&rsquo;est notoirement le cas de Grenoble, bien consciente du probl\u00e8me et \u00ab\u00a0en avance sur la probl\u00e9matique\u00a0\u00bb d&rsquo;apr\u00e8s le Cerema.<\/p>\n<p>Pour mesurer l&rsquo;impact de chaque quartier sur la chaleur ambiante, la municipalit\u00e9 a relev\u00e9 la temp\u00e9rature avec plus de 30 capteurs diss\u00e9min\u00e9s dans toute la commune (visualis\u00e9s\u00a0avec des cercles\u00a0gris sur la carte ci-dessous). Objectif \u00a0: comparer la chaleur des rues avec une temp\u00e9rature de r\u00e9f\u00e9rence, mesur\u00e9e par la station m\u00e9t\u00e9o du Versoud, dans la campagne \u00e0 quelques kilom\u00e8tres de l\u00e0.\u00a0Et le r\u00e9sultat est \u00e9difiant. Les diff\u00e9rences de temp\u00e9ratures maximales (la nuit) peuvent d\u00e9passer les 5 \u00b0C. Sans toutefois qu&rsquo;elles d\u00e9passent le degr\u00e9 Celsius en journ\u00e9e.<\/p>\n<p>Avec cet exemple de Grenoble, on serait tent\u00e9 d&rsquo;adh\u00e9rer \u00e0 l&rsquo;id\u00e9e\u00a0d&rsquo;un urbanisme moins dense, plus pavillonnaire. Erreur, selon Lo\u00ebna Trouv\u00e9 ! \u00ab Attention \u00e0 l&rsquo;\u00e9talement urbain ! Plus on \u00e9tale les constructions, plus on \u00e9largit l&rsquo;\u00eelot de chaleur\u00a0\u00bb, pr\u00e9cise-t-elle, car les pavillons et leurs petits jardins posent aussi leurs probl\u00e8mes, par exemple d&rsquo;\u00e9coulement des vents. \u00ab\u00a0Il vaut mieux adapter\u00a0finement la zone dense en y rajoutant de la v\u00e9g\u00e9tation et des espaces verts plut\u00f4t que de b\u00e9tonner plus de campagne aux alentours\u00a0\u00bb.\u00a0<\/p>\n","protected":false},"excerpt":{"rendered":"Malgr\u00e9 les fen\u00eatres ouvertes aux moustiques, certaines nuits d&rsquo;\u00e9t\u00e9, il peut sembler impossible de rafra\u00eechir l&rsquo;appartement. Vous \u00eates&hellip;\n","protected":false},"author":2,"featured_media":309938,"comment_status":"","ping_status":"","sticky":false,"template":"","format":"standard","meta":{"footnotes":""},"categories":[9566],"tags":[1111,11,2738,4646,2430,6698,12163,2730,3856,3827,7001,4637,112,113,3859,2737,2735,114,436,1777,674,107,1011,27,329,2731,4522,4638,881,108,12,25,5508,273,4520],"class_list":{"0":"post-309937","1":"post","2":"type-post","3":"status-publish","4":"format-standard","5":"has-post-thumbnail","7":"category-grenoble","8":"tag-actu","9":"tag-actualites","10":"tag-ain","11":"tag-ardeche","12":"tag-auvergne-rhone-alpes","13":"tag-canicule","14":"tag-data","15":"tag-drome","16":"tag-edition-annecy-rumilly-les-aravis","17":"tag-edition-annonay-nord-ardeche","18":"tag-edition-chambery-aix-les-bains","19":"tag-edition-grand-geneve-chablais-ain","20":"tag-edition-grenoble-agglomeration","21":"tag-edition-gresivaudan-oisans","22":"tag-edition-provencale","23":"tag-edition-romans-nord-drome","24":"tag-edition-valence-rhone-crussol-vallee-de-la-drome","25":"tag-edition-voiron-saint-marcellin","26":"tag-environnement","27":"tag-eu","28":"tag-europe","29":"tag-fil-info","30":"tag-fr","31":"tag-france","32":"tag-france-monde","33":"tag-grenoble","34":"tag-haute-provence","35":"tag-haute-savoie","36":"tag-hautes-alpes","37":"tag-isere","38":"tag-news","39":"tag-republique-francaise","40":"tag-savoie","41":"tag-selection-de-la-redaction","42":"tag-vaucluse"},"share_on_mastodon":{"url":"","error":"Validation failed: Text character limit of 500 exceeded"},"_links":{"self":[{"href":"https:\/\/www.europesays.com\/fr\/wp-json\/wp\/v2\/posts\/309937","targetHints":{"allow":["GET"]}}],"collection":[{"href":"https:\/\/www.europesays.com\/fr\/wp-json\/wp\/v2\/posts"}],"about":[{"href":"https:\/\/www.europesays.com\/fr\/wp-json\/wp\/v2\/types\/post"}],"author":[{"embeddable":true,"href":"https:\/\/www.europesays.com\/fr\/wp-json\/wp\/v2\/users\/2"}],"replies":[{"embeddable":true,"href":"https:\/\/www.europesays.com\/fr\/wp-json\/wp\/v2\/comments?post=309937"}],"version-history":[{"count":0,"href":"https:\/\/www.europesays.com\/fr\/wp-json\/wp\/v2\/posts\/309937\/revisions"}],"wp:featuredmedia":[{"embeddable":true,"href":"https:\/\/www.europesays.com\/fr\/wp-json\/wp\/v2\/media\/309938"}],"wp:attachment":[{"href":"https:\/\/www.europesays.com\/fr\/wp-json\/wp\/v2\/media?parent=309937"}],"wp:term":[{"taxonomy":"category","embeddable":true,"href":"https:\/\/www.europesays.com\/fr\/wp-json\/wp\/v2\/categories?post=309937"},{"taxonomy":"post_tag","embeddable":true,"href":"https:\/\/www.europesays.com\/fr\/wp-json\/wp\/v2\/tags?post=309937"}],"curies":[{"name":"wp","href":"https:\/\/api.w.org\/{rel}","templated":true}]}}