{"id":309947,"date":"2025-08-10T18:24:18","date_gmt":"2025-08-10T18:24:18","guid":{"rendered":"https:\/\/www.europesays.com\/fr\/309947\/"},"modified":"2025-08-10T18:24:18","modified_gmt":"2025-08-10T18:24:18","slug":"rc-strasbourg-combien-vaut-le-11-type-de-la-saison-2025-26","status":"publish","type":"post","link":"https:\/\/www.europesays.com\/fr\/309947\/","title":{"rendered":"RC Strasbourg. Combien vaut le 11 type de la saison 2025-26 ?"},"content":{"rendered":"<p><img fetchpriority=\"high\" decoding=\"async\" width=\"620\" height=\"413\" src=\"https:\/\/www.europesays.com\/fr\/wp-content\/uploads\/2025\/07\/Maillot-strasbourg-620x413.jpeg\" alt=\"RC Strasbourg. Combien vaut le 11 type de la saison 2025-26 ?\" class=\"wp-image-374643\"  \/>Valentin Barco est l\u2019une des nombreuses recrues de l\u2019\u00e9t\u00e9 du RC Strasbourg.<\/p>\n<p>Restons fid\u00e8les \u00e0 l\u2019adage \u2013 \u00ab\u00a0C\u2019est \u00e0 la fin du bal que l\u2019on paie les musiciens\u00a0\u00bb \u2013 avant d\u2019\u00eatre trop affirmatif, mais \u00e0 ce stade tr\u00e8s avanc\u00e9 du mercato estival, le <a href=\"https:\/\/sportune.20minutes.fr\/rc-strasbourg-rcsa\" target=\"_blank\" rel=\"noopener\">RC Strasbourg<\/a> r\u00e9ussit la campagne de recrutement la plus ronflante du football fran\u00e7ais. Pour la premi\u00e8re fois dans son histoire, le club alsacien a franchi le seuil des 100 millions d\u2019euros d\u2019indemnit\u00e9s investies sur une m\u00eame saison.<\/p>\n<p>Cela traduit les hautes ambitions de l\u2019\u00e9quipe que coache Liam Rosenior et son gros potentiel. Avec peut-\u00eatre le b\u00e9mol de l\u2019exp\u00e9rience, car tous les transferts enregistr\u00e9s dans le sens des arriv\u00e9es sont des joueurs de 22 ans et moins. C\u2019est aussi, \u00e0 l\u2019inverse, l\u2019occasion pour le club de r\u00e9aliser de tr\u00e8s grosses plus-values si les prospects cibl\u00e9s sont \u00e0 la hauteur des attentes.<\/p>\n<p>Un onze type valoris\u00e9 \u00e0 174 millions d\u2019euros<\/p>\n<p>Le onze type du <a href=\"https:\/\/sportune.20minutes.fr\/rc-strasbourg-rcsa\" target=\"_blank\" rel=\"noopener\">RC Strasbourg<\/a> tel que le donne L\u2019Equipe vaut 174 millions d\u2019euros au cumul, d\u2019apr\u00e8s les estimations de Transfermarkt. Soit un joueur valoris\u00e9 \u00e0 la moyenne de 15,8 millions d\u2019euros. Gu\u00e9la Dou\u00e9, Isma\u00ebl Doukour\u00e9 et Sebastian Nanasi s\u2019en approchent le plus. Ce collectif est compact, il n\u2019y a pas de joueur ultra-dominant comme pour d\u2019autres en <a href=\"https:\/\/sportune.20minutes.fr\/ligue-1-l1\" target=\"_blank\" rel=\"noopener\">Ligue 1<\/a>.<\/p>\n<p>Aux extr\u00eames, Dilane Bakwa et le capitaine Emanuel Emegha ont les estimations les plus fortes \u00e0 25 millions d\u2019euros et Andrew Omobamidele la plus modeste, \u00e0 8 millions d\u2019euros.<\/p>\n<p>Combien vaut le 11 type de la saison 2025-26 du RC Strasbourg ?<\/p>\n<p><img loading=\"lazy\" decoding=\"async\" class=\"aligncenter size-full wp-image-375860 lazyload\" src=\"https:\/\/www.europesays.com\/fr\/wp-content\/uploads\/2025\/08\/11-type-RC-Strasbourg.png\" alt=\"\" width=\"480\" height=\"600\"  data- style=\"--smush-placeholder-width: 480px; --smush-placeholder-aspect-ratio: 480\/600;\"\/><\/p>\n<p>Mike Penders = 12 M\u20ac<br \/>Gu\u00e9la Dou\u00e9 = 18 M\u20ac<br \/>Andrew Omobamidele = 8 M\u20ac<br \/>Isma\u00ebl Doukour\u00e9 = 18 M\u20ac<br \/>Dilane Bakwa = 25 M\u20ac<br \/>Mathis Amougou = 10 M\u20ac<br \/>Valentin Barco = 12 M\u20ac<br \/>Diego Moreira = 18 M\u20ac<br \/>F\u00e9lix Lemar\u00e9chal = 10 M\u20ac<br \/>Sebastian Nanasi = 18 M\u20ac<br \/>Emanuel Emegha = 25 M\u20ac<\/p>\n<p>Total = 174 M\u20ac<\/p>\n","protected":false},"excerpt":{"rendered":"Valentin Barco est l\u2019une des nombreuses recrues de l\u2019\u00e9t\u00e9 du RC Strasbourg. Restons fid\u00e8les \u00e0 l\u2019adage \u2013 \u00ab\u00a0C\u2019est&hellip;\n","protected":false},"author":2,"featured_media":275147,"comment_status":"","ping_status":"","sticky":false,"template":"","format":"standard","meta":{"footnotes":""},"categories":[2820],"tags":[1111,11,1777,674,1011,27,775,12,4448,25,640],"class_list":{"0":"post-309947","1":"post","2":"type-post","3":"status-publish","4":"format-standard","5":"has-post-thumbnail","7":"category-strasbourg","8":"tag-actu","9":"tag-actualites","10":"tag-eu","11":"tag-europe","12":"tag-fr","13":"tag-france","14":"tag-grand-est","15":"tag-news","16":"tag-rc-strasbourg","17":"tag-republique-francaise","18":"tag-strasbourg"},"share_on_mastodon":{"url":"https:\/\/pubeurope.com\/@fr\/115005873443233665","error":""},"_links":{"self":[{"href":"https:\/\/www.europesays.com\/fr\/wp-json\/wp\/v2\/posts\/309947","targetHints":{"allow":["GET"]}}],"collection":[{"href":"https:\/\/www.europesays.com\/fr\/wp-json\/wp\/v2\/posts"}],"about":[{"href":"https:\/\/www.europesays.com\/fr\/wp-json\/wp\/v2\/types\/post"}],"author":[{"embeddable":true,"href":"https:\/\/www.europesays.com\/fr\/wp-json\/wp\/v2\/users\/2"}],"replies":[{"embeddable":true,"href":"https:\/\/www.europesays.com\/fr\/wp-json\/wp\/v2\/comments?post=309947"}],"version-history":[{"count":0,"href":"https:\/\/www.europesays.com\/fr\/wp-json\/wp\/v2\/posts\/309947\/revisions"}],"wp:featuredmedia":[{"embeddable":true,"href":"https:\/\/www.europesays.com\/fr\/wp-json\/wp\/v2\/media\/275147"}],"wp:attachment":[{"href":"https:\/\/www.europesays.com\/fr\/wp-json\/wp\/v2\/media?parent=309947"}],"wp:term":[{"taxonomy":"category","embeddable":true,"href":"https:\/\/www.europesays.com\/fr\/wp-json\/wp\/v2\/categories?post=309947"},{"taxonomy":"post_tag","embeddable":true,"href":"https:\/\/www.europesays.com\/fr\/wp-json\/wp\/v2\/tags?post=309947"}],"curies":[{"name":"wp","href":"https:\/\/api.w.org\/{rel}","templated":true}]}}