{"id":309955,"date":"2025-08-10T18:33:09","date_gmt":"2025-08-10T18:33:09","guid":{"rendered":"https:\/\/www.europesays.com\/fr\/309955\/"},"modified":"2025-08-10T18:33:09","modified_gmt":"2025-08-10T18:33:09","slug":"en-voulant-echapper-aux-policiers-qui-ne-les-poursuivaient-pas-deux-ados-ont-un-grave-accident-a-toulouse","status":"publish","type":"post","link":"https:\/\/www.europesays.com\/fr\/309955\/","title":{"rendered":"En voulant \u00e9chapper aux policiers (qui ne les poursuivaient pas), deux ados ont un grave accident \u00e0 Toulouse"},"content":{"rendered":"<p>            Par<br \/>\n        <strong><br \/>\n            <a href=\"https:\/\/actu.fr\/auteur\/anaelle-montagne\" title=\"Consulter tous les articles de Anaelle Montagne\" rel=\"nofollow noopener\" target=\"_blank\">Anaelle Montagne<\/a><br \/>\n        <\/strong><\/p>\n<p>        Publi\u00e9 le<\/p>\n<p>            10 ao\u00fbt 2025 \u00e0 17h02        <\/p>\n<p>Ils ont voulu \u00e9chapper \u00e0 un potentiel contr\u00f4le de police, mais l\u2019un d\u2019eux a fini <strong>gravement bless\u00e9<\/strong>. Deux adolescents de 17 ans ont eu un grave<strong> accident de scooter<\/strong>, en fin de soir\u00e9e ce samedi 9 ao\u00fbt 2025 \u00e0 Toulouse.<\/p>\n<p class=\" wall-content\">Les deux jeunes circulaient dans le secteur de <a href=\"https:\/\/actu.fr\/occitanie\/toulouse_31555\/toulouse-des-bouchons-intenses-en-vue-ce-quartier-en-mutation-s-inquiete-d-une-nouvelle-route_63003253.html\" rel=\"nofollow noopener\" target=\"_blank\">Bellefontaine<\/a> <strong>sans casque<\/strong>, avec une <strong>plaque d\u2019immatriculation dissimul\u00e9e<\/strong>, quand ils ont crois\u00e9 un \u00e9quipage de la Brigade sp\u00e9cialis\u00e9e de terrain (la BST).\u00a0<\/p>\n<p>    <a href=\"https:\/\/www.google.com\/maps\/embed?pb=!1m18!1m12!1m3!1d16354.140245632594!2d1.386969837992611!3d43.56423991433907!2m3!1f0!2f0!3f0!3m2!1i1024!2i768!4f13.1!3m3!1m2!1s0x12aeba31eb1a6b05%3A0x91c6efa73f691aa8!2sBellefontaine%2C%2031100%20Toulouse!5e0!3m2!1sen!2sfr!4v1754835270647!5m2!1sen!2sfr\" title=\"Ouvrie le lien\" rel=\"nofollow noopener\" target=\"_blank\">Cliquez ici pour visualiser le contenu<\/a><\/p>\n<p>Pas de refus d\u2019obtemp\u00e9rer<\/p>\n<p class=\" wall-content\">\u00ab\u00a0J\u2019imagine qu\u2019ils ont d\u00fb vouloir esquiver un <strong>potentiel contr\u00f4le<\/strong> alors ils se sont imm\u00e9diatement engag\u00e9s dans une voie habituellement r\u00e9serv\u00e9e aux pi\u00e9tons\u00a0\u00bb, indique la police \u00e0 <a href=\"https:\/\/actu.fr\/toulouse\/\" rel=\"nofollow noopener\" target=\"_blank\">Actu Toulouse<\/a>.<\/p>\n<p class=\" wall-content\">Pourtant, les agents de la BST s\u2019\u00e9taient certes approch\u00e9s, mais <strong>n\u2019\u00e9taient pas \u00e0 leurs trousses<\/strong>, ajoute la police. \u00ab\u00a0Ce n\u2019est donc pas un refus d\u2019obtemp\u00e9rer, puisqu\u2019il n\u2019y a pas eu de contr\u00f4le en premier lieu.\u00a0\u00bb<\/p>\n<p>Vid\u00e9os : en ce moment sur ActuGravement bless\u00e9 \u00e0 la t\u00eate<\/p>\n<p class=\" wall-content\">Sur ce petit chemin dangereux plein de graviers, le scooter vacille. Jusqu\u2019\u00e0 ce que le pilote <strong>perde l\u2019\u00e9quilibre et chute<\/strong>, avec son passager.\u00a0<\/p>\n<p class=\" wall-content\">Imm\u00e9diatement, les agents de la BST (qui ont assist\u00e9 \u00e0 la sc\u00e8ne de loin) se pr\u00e9cipitent pour leur porter secours. Le passager n\u2019a que de l\u00e9g\u00e8res blessures mais le pilote, lui, est <strong>gravement bless\u00e9 \u00e0 la t\u00eate<\/strong> \u2013 rappelons qu\u2019il ne portait pas de casque.<\/p>\n<p class=\" wall-content\">L\u2019adolescent, transport\u00e9 \u00e0 l\u2019h\u00f4pital, \u00e9tait toujours sous surveillance m\u00e9dicale ce dimanche 10 ao\u00fbt.<\/p>\n<p class=\" wall-content\">Suivez toute l\u2019actualit\u00e9 de vos villes et m\u00e9dias favoris en vous inscrivant \u00e0 <a href=\"https:\/\/moncompte.actu.fr\" title=\"D\u00e9couvez Mon Actu\" rel=\"nofollow noopener\" data-trk=\"{&quot;cta&quot;:{&quot;action&quot;:&quot;https:\\\/\\\/moncompte.actu.fr&quot;,&quot;category&quot;:&quot;mon compte&quot;,&quot;from&quot;:&quot;article footer&quot;,&quot;name&quot;:&quot;Mon actu&quot;,&quot;type&quot;:&quot;cta&quot;}}\" target=\"_blank\">Mon Actu<\/a>.<\/p>\n","protected":false},"excerpt":{"rendered":"Par Anaelle Montagne Publi\u00e9 le 10 ao\u00fbt 2025 \u00e0 17h02 Ils ont voulu \u00e9chapper \u00e0 un potentiel contr\u00f4le&hellip;\n","protected":false},"author":2,"featured_media":69551,"comment_status":"","ping_status":"","sticky":false,"template":"","format":"standard","meta":{"footnotes":""},"categories":[2816],"tags":[1111,11,1777,674,118,1011,27,12,2680,1072,25,2312],"class_list":{"0":"post-309955","1":"post","2":"type-post","3":"status-publish","4":"format-standard","5":"has-post-thumbnail","7":"category-toulouse","8":"tag-actu","9":"tag-actualites","10":"tag-eu","11":"tag-europe","12":"tag-faits-divers","13":"tag-fr","14":"tag-france","15":"tag-news","16":"tag-occitanie","17":"tag-police","18":"tag-republique-francaise","19":"tag-toulouse"},"share_on_mastodon":{"url":"https:\/\/pubeurope.com\/@fr\/115005908933343452","error":""},"_links":{"self":[{"href":"https:\/\/www.europesays.com\/fr\/wp-json\/wp\/v2\/posts\/309955","targetHints":{"allow":["GET"]}}],"collection":[{"href":"https:\/\/www.europesays.com\/fr\/wp-json\/wp\/v2\/posts"}],"about":[{"href":"https:\/\/www.europesays.com\/fr\/wp-json\/wp\/v2\/types\/post"}],"author":[{"embeddable":true,"href":"https:\/\/www.europesays.com\/fr\/wp-json\/wp\/v2\/users\/2"}],"replies":[{"embeddable":true,"href":"https:\/\/www.europesays.com\/fr\/wp-json\/wp\/v2\/comments?post=309955"}],"version-history":[{"count":0,"href":"https:\/\/www.europesays.com\/fr\/wp-json\/wp\/v2\/posts\/309955\/revisions"}],"wp:featuredmedia":[{"embeddable":true,"href":"https:\/\/www.europesays.com\/fr\/wp-json\/wp\/v2\/media\/69551"}],"wp:attachment":[{"href":"https:\/\/www.europesays.com\/fr\/wp-json\/wp\/v2\/media?parent=309955"}],"wp:term":[{"taxonomy":"category","embeddable":true,"href":"https:\/\/www.europesays.com\/fr\/wp-json\/wp\/v2\/categories?post=309955"},{"taxonomy":"post_tag","embeddable":true,"href":"https:\/\/www.europesays.com\/fr\/wp-json\/wp\/v2\/tags?post=309955"}],"curies":[{"name":"wp","href":"https:\/\/api.w.org\/{rel}","templated":true}]}}