{"id":30996,"date":"2025-04-17T06:19:10","date_gmt":"2025-04-17T06:19:10","guid":{"rendered":"https:\/\/www.europesays.com\/fr\/30996\/"},"modified":"2025-04-17T06:19:10","modified_gmt":"2025-04-17T06:19:10","slug":"malick-fofana-est-bien-dans-le-groupe","status":"publish","type":"post","link":"https:\/\/www.europesays.com\/fr\/30996\/","title":{"rendered":"Malick Fofana est bien dans le groupe"},"content":{"rendered":"<p>                            <img width=\"770\" height=\"433\" src=\"https:\/\/www.europesays.com\/fr\/wp-content\/uploads\/2025\/04\/AFP__20241025__HL_MGRUSS_2554747__v2__HighRes__FblEurC3LyonBesiktas-770x433.jpg\" class=\"attachment-article size-article wp-post-image\" alt=\"Malick Fofana lors d'OL - Besiktas\" decoding=\"async\" fetchpriority=\"high\"  \/><\/p>\n<p>Malick Fofana lors d\u2019OL \u2013 Besiktas (Photo by Maxime Gruss \/ Hans Lucas \/ Hans Lucas via AFP)<\/p>\n<p>Ce jeudi, l\u2019OL affronte Manchester United en quart de finale retour de Ligue Europa. Le groupe lyonnais s\u2019est envol\u00e9 pour l\u2019Angleterre en d\u00e9but d\u2019apr\u00e8s-midi. Malick Fofana en fait bien partie.<\/p>\n<p>Apr\u00e8s une blessure survenue durant la derni\u00e8re tr\u00eave internationale, <a href=\"https:\/\/www.olympique-et-lyonnais.com\/malick-fofana-ol-de-retour-a-lentrainement-collectif,359121.html\" target=\"_blank\" rel=\"noopener\"><strong>Malick Fofana<\/strong> <\/a>\u00e9tait de retour \u00e0 l\u2019entra\u00eenement collectif ce mardi. Le Belge fait bien partie du groupe de lyonnais qui voyage cette apr\u00e8s-midi vers l\u2019<strong>Angleterre<\/strong>. Il devrait \u00eatre trop juste pour d\u00e9marrer face \u00e0 <strong>Manchester United<\/strong> jeudi (17\/04, 21 heures), mais repr\u00e9sentera sans aucun doute une alternative cr\u00e9dible pour apporter de la profondeur en cours de rencontre. <strong>Paulo Fonseca<\/strong> devrait donc le faire entrer durant la seconde p\u00e9riode.<\/p>\n<p><strong>Tanner Tessmann<\/strong> sera \u00e9galement disponible et postule lui pour une place de titulaire. Absent lors du match aller, l\u2019Am\u00e9ricain avait fait l\u2019aller-retour aux<strong> Etats-Unis<\/strong> pour l\u2019accouchement de sa compagne. Il \u00e9tait d\u00e9j\u00e0 du voyage \u00e0<a href=\"https:\/\/www.olympique-et-lyonnais.com\/tessmann-de-retour-molebe-blesse-pour-auxerre-ol,358752.html\" target=\"_blank\" rel=\"noopener\"> <strong>Auxerre<\/strong><\/a> ce dimanche (1 \u2013 3) et encha\u00eene donc logiquement. \u00c0 l&rsquo;inverse du jeune <strong>Alejandro Gomes Rodriguez<\/strong>, pourtant retenu lors des deux derni\u00e8res rencontres. Le jeune attaquant anglais n&rsquo;a en effet pas \u00e9t\u00e9 convoqu\u00e9 par Paulo Fonseca et devrait redescendre avec la r\u00e9serve de <strong>Gue\u00efda Fofana.<\/strong><\/p>\n<p>Enzo Molebe toujours bless\u00e9 et absent<\/p>\n<p>Comme face \u00e0 Auxerre, l\u2019international fran\u00e7ais U18 est de nouveau indisponible. Annonc\u00e9 bless\u00e9 musculairement par <strong>Paulo Fonseca<\/strong> \u00e0 la veille de la rencontre dans l\u2019Yonne, le jeune attaquant lyonnais manque l\u2019occasion de gratter des minutes et de compl\u00e9ter une liste d&rsquo;attaquants peu \u00e9toff\u00e9e.<\/p>\n","protected":false},"excerpt":{"rendered":"Malick Fofana lors d\u2019OL \u2013 Besiktas (Photo by Maxime Gruss \/ Hans Lucas \/ Hans Lucas via AFP)&hellip;\n","protected":false},"author":2,"featured_media":30997,"comment_status":"","ping_status":"","sticky":false,"template":"","format":"standard","meta":{"footnotes":""},"categories":[2],"tags":[11,449,1011,27,12,241,978],"class_list":{"0":"post-30996","1":"post","2":"type-post","3":"status-publish","4":"format-standard","5":"has-post-thumbnail","7":"category-actualites","8":"tag-actualites","9":"tag-europa-league","10":"tag-fr","11":"tag-france","12":"tag-news","13":"tag-ol","14":"tag-olympique-lyonnais"},"share_on_mastodon":{"url":"https:\/\/pubeurope.com\/@fr\/114351856980989775","error":""},"_links":{"self":[{"href":"https:\/\/www.europesays.com\/fr\/wp-json\/wp\/v2\/posts\/30996","targetHints":{"allow":["GET"]}}],"collection":[{"href":"https:\/\/www.europesays.com\/fr\/wp-json\/wp\/v2\/posts"}],"about":[{"href":"https:\/\/www.europesays.com\/fr\/wp-json\/wp\/v2\/types\/post"}],"author":[{"embeddable":true,"href":"https:\/\/www.europesays.com\/fr\/wp-json\/wp\/v2\/users\/2"}],"replies":[{"embeddable":true,"href":"https:\/\/www.europesays.com\/fr\/wp-json\/wp\/v2\/comments?post=30996"}],"version-history":[{"count":0,"href":"https:\/\/www.europesays.com\/fr\/wp-json\/wp\/v2\/posts\/30996\/revisions"}],"wp:featuredmedia":[{"embeddable":true,"href":"https:\/\/www.europesays.com\/fr\/wp-json\/wp\/v2\/media\/30997"}],"wp:attachment":[{"href":"https:\/\/www.europesays.com\/fr\/wp-json\/wp\/v2\/media?parent=30996"}],"wp:term":[{"taxonomy":"category","embeddable":true,"href":"https:\/\/www.europesays.com\/fr\/wp-json\/wp\/v2\/categories?post=30996"},{"taxonomy":"post_tag","embeddable":true,"href":"https:\/\/www.europesays.com\/fr\/wp-json\/wp\/v2\/tags?post=30996"}],"curies":[{"name":"wp","href":"https:\/\/api.w.org\/{rel}","templated":true}]}}