{"id":309961,"date":"2025-08-10T18:39:11","date_gmt":"2025-08-10T18:39:11","guid":{"rendered":"https:\/\/www.europesays.com\/fr\/309961\/"},"modified":"2025-08-10T18:39:11","modified_gmt":"2025-08-10T18:39:11","slug":"un-homme-meurt-brule-dans-le-centre-ville-de-marseille","status":"publish","type":"post","link":"https:\/\/www.europesays.com\/fr\/309961\/","title":{"rendered":"Un homme meurt br\u00fbl\u00e9 dans le centre-ville de Marseille"},"content":{"rendered":"<p>Un homme a perdu la vie dans un incendie aux circonstances encore troubles, ce dimanche apr\u00e8s-midi du 10\u00a0ao\u00fbt\u00a02025 dans le 1er arrondissement de Marseille. Le sinistre s\u2019est d\u00e9clar\u00e9 vers 15h<a href=\"https:\/\/www.laprovence.com\/article\/faits-divers-justice\/3936024197636714\/un-nouvel-incendie-ravage-un-immeuble-de-noailles-a-marseille-13-personnes-evacuees\" target=\"_blank\" rel=\"noopener\"> dans les \u00e9tages d\u2019un immeuble ancien<\/a> de la rue du mus\u00e9e, dans le quartier de Noailles.<\/p>\n<p>\u00c0 l\u2019arriv\u00e9e des marins-pompiers, d\u00e9ploy\u00e9s en nombre dans les ruelles \u00e9troites, un appartement semblait touch\u00e9, il s\u2019agissait en fait d\u2019un feu de matelas sur lequel se trouvait un homme, d\u00e9couvert gri\u00e8vement br\u00fbl\u00e9.<\/p>\n<p><a href=\"https:\/\/www.laprovence.com\/article\/region\/1046000008318815\/un-important-incendie-se-declare-a-proximite-de-la-rue-daubagne-a-marseille\" target=\"_blank\" rel=\"noopener\">Les flammes ont \u00e9t\u00e9 rapidement ma\u00eetris\u00e9es<\/a> sans qu\u2019il n\u2019ait \u00e9t\u00e9 n\u00e9cessaire d\u2019\u00e9vacuer l\u2019immeuble d\u2019une demi-douzaine d\u2019\u00e9tages. La victime a \u00e9t\u00e9 prise en charge par une \u00e9quipe du Smur, mais apr\u00e8s des efforts de r\u00e9animation, son d\u00e9c\u00e8s a \u00e9t\u00e9 d\u00e9clar\u00e9 peu avant 16h.<\/p>\n<p>Une enqu\u00eate a \u00e9t\u00e9 ouverte par la police afin d\u2019\u00e9clairer les circonstances de sa mort et l\u2019origine du feu. L\u2019identit\u00e9 de la victime n\u2019\u00e9tait d\u2019ailleurs pas encore pr\u00e9cis\u00e9e ce dimanche soir.<\/p>\n","protected":false},"excerpt":{"rendered":"Un homme a perdu la vie dans un incendie aux circonstances encore troubles, ce dimanche apr\u00e8s-midi du 10\u00a0ao\u00fbt\u00a02025&hellip;\n","protected":false},"author":2,"featured_media":309962,"comment_status":"","ping_status":"","sticky":false,"template":"","format":"standard","meta":{"footnotes":""},"categories":[2814],"tags":[17,1111,11,11227,11898,1446,1777,674,274,1011,27,4933,884,5479,12,882,25],"class_list":{"0":"post-309961","1":"post","2":"type-post","3":"status-publish","4":"format-standard","5":"has-post-thumbnail","7":"category-marseille","8":"tag-17","9":"tag-actu","10":"tag-actualites","11":"tag-brule","12":"tag-centre-ville","13":"tag-dans","14":"tag-eu","15":"tag-europe","16":"tag-faits-divers-justice","17":"tag-fr","18":"tag-france","19":"tag-homme","20":"tag-marseille","21":"tag-meurt","22":"tag-news","23":"tag-provence-alpes-cote-dazur","24":"tag-republique-francaise"},"share_on_mastodon":{"url":"https:\/\/pubeurope.com\/@fr\/115005932379588786","error":""},"_links":{"self":[{"href":"https:\/\/www.europesays.com\/fr\/wp-json\/wp\/v2\/posts\/309961","targetHints":{"allow":["GET"]}}],"collection":[{"href":"https:\/\/www.europesays.com\/fr\/wp-json\/wp\/v2\/posts"}],"about":[{"href":"https:\/\/www.europesays.com\/fr\/wp-json\/wp\/v2\/types\/post"}],"author":[{"embeddable":true,"href":"https:\/\/www.europesays.com\/fr\/wp-json\/wp\/v2\/users\/2"}],"replies":[{"embeddable":true,"href":"https:\/\/www.europesays.com\/fr\/wp-json\/wp\/v2\/comments?post=309961"}],"version-history":[{"count":0,"href":"https:\/\/www.europesays.com\/fr\/wp-json\/wp\/v2\/posts\/309961\/revisions"}],"wp:featuredmedia":[{"embeddable":true,"href":"https:\/\/www.europesays.com\/fr\/wp-json\/wp\/v2\/media\/309962"}],"wp:attachment":[{"href":"https:\/\/www.europesays.com\/fr\/wp-json\/wp\/v2\/media?parent=309961"}],"wp:term":[{"taxonomy":"category","embeddable":true,"href":"https:\/\/www.europesays.com\/fr\/wp-json\/wp\/v2\/categories?post=309961"},{"taxonomy":"post_tag","embeddable":true,"href":"https:\/\/www.europesays.com\/fr\/wp-json\/wp\/v2\/tags?post=309961"}],"curies":[{"name":"wp","href":"https:\/\/api.w.org\/{rel}","templated":true}]}}