{"id":31000,"date":"2025-04-17T06:21:14","date_gmt":"2025-04-17T06:21:14","guid":{"rendered":"https:\/\/www.europesays.com\/fr\/31000\/"},"modified":"2025-04-17T06:21:14","modified_gmt":"2025-04-17T06:21:14","slug":"7-000-supporters-stephanois-seront-presents-a-lentrainement-des-verts-avant-le-derby-ligue-1-j30-saint-etienne-lyon","status":"publish","type":"post","link":"https:\/\/www.europesays.com\/fr\/31000\/","title":{"rendered":"7 000 supporters st\u00e9phanois seront pr\u00e9sents \u00e0 l\u2019entra\u00eenement des Verts avant le derby &#8211; Ligue 1 &#8211; J30 &#8211; Saint-\u00c9tienne-Lyon"},"content":{"rendered":"<p class=\"\" data-start=\"150\" data-end=\"189\">Qu\u2019ils prennent un short et des crampons, on ne sait jamais.<\/p>\n<p class=\"\" data-start=\"191\" data-end=\"766\">L\u2019AS Saint-\u00c9tienne tente le tout pour le tout en vue du derby face \u00e0 l\u2019Olympique lyonnais dimanche soir : <strong>le club a ouvert l\u2019entra\u00eenement de samedi \u00e0 Geoffroy-Guichard au public<\/strong>. <a target=\"_blank\" href=\"https:\/\/www.envertetcontretous.fr\/articles\/-l-entrainement-de-samedi-deja-complet-7000-supporters-attendus-68264-1.html?utm_campaign=post-auto&amp;utm_medium=twitter\" rel=\"nofollow noopener\">En moins de quatre jours, les 7 000 billets sont partis<\/a> pour la modique somme de\u2026 <strong>z\u00e9ro euro<\/strong>. Pas un centime, pas un kopeck, rien ! Un<strong> beau geste de la part du club du Forez pour remercier ses supporters les plus fid\u00e8les<\/strong>, ceux qui sont rest\u00e9s toute la saison malgr\u00e9 les contre-performances sportives.<\/p>\n<p>Objectif maintien<\/p>\n<p class=\"\" data-start=\"791\" data-end=\"1224\">L\u2019ouverture de cette s\u00e9ance normalement \u00e0 huis clos est la cons\u00e9quence de <strong>l\u2019engouement montr\u00e9 par les supporters de l\u2019ASSE pour les entra\u00eenements de mercredi et vendredi<\/strong>. \u00ab\u202fLes dirigeants souhaitent cr\u00e9er <strong>une v\u00e9ritable communion entre joueurs et supporters<\/strong>. [\u2026] L\u2019ASSE esp\u00e8re renforcer l\u2019unit\u00e9 du groupe et offrir \u00e0 ses joueurs un suppl\u00e9ment de motivation avant cette <strong>rencontre capitale<\/strong>\u202f\u00bb, affirme le m\u00e9dia st\u00e9phanois <a target=\"_blank\" href=\"https:\/\/peuple-vert.fr\/a-la-une\/entrainement-public-asse-derby\/\" rel=\"nofollow noopener\">Le Peuple vert<\/a>.<\/p>\n<p class=\"\" data-start=\"1226\" data-end=\"1276\">En esp\u00e9rant que joueurs et supporters soient au rendez-vous dimanche.<\/p>\n<p>\t\t\t\t\t\t\t\t\t\t<a class=\"lien-connexe\" href=\"https:\/\/www.sofoot.com\/breves\/arkema-premiere-ligue-lol-remet-une-claque-a-saint-etienne-dans-le-derby\" rel=\"nofollow noopener\" target=\"_blank\">D1 (F)\u202f: L\u2019OL remet une claque \u00e0 Saint-\u00c9tienne dans le derby<\/a>\t\t\t\t\t<\/p>\n","protected":false},"excerpt":{"rendered":"Qu\u2019ils prennent un short et des crampons, on ne sait jamais. L\u2019AS Saint-\u00c9tienne tente le tout pour le&hellip;\n","protected":false},"author":2,"featured_media":31001,"comment_status":"","ping_status":"","sticky":false,"template":"","format":"standard","meta":{"footnotes":""},"categories":[9653],"tags":[1111,47,11,61,2430,69,65,64,1777,674,63,1011,27,68,66,12,62,70,25,4001,67],"class_list":{"0":"post-31000","1":"post","2":"type-post","3":"status-publish","4":"format-standard","5":"has-post-thumbnail","7":"category-saint-etienne","8":"tag-actu","9":"tag-actualite","10":"tag-actualites","11":"tag-actus-football","12":"tag-auvergne-rhone-alpes","13":"tag-bundesliga","14":"tag-championnats-europeens","15":"tag-equipe-de-france","16":"tag-eu","17":"tag-europe","18":"tag-football","19":"tag-fr","20":"tag-france","21":"tag-ligua","22":"tag-ligue-1","23":"tag-news","24":"tag-news-foot","25":"tag-premier-league","26":"tag-republique-francaise","27":"tag-saint-etienne","28":"tag-serie-a"},"share_on_mastodon":{"url":"https:\/\/pubeurope.com\/@fr\/114351864873053368","error":""},"_links":{"self":[{"href":"https:\/\/www.europesays.com\/fr\/wp-json\/wp\/v2\/posts\/31000","targetHints":{"allow":["GET"]}}],"collection":[{"href":"https:\/\/www.europesays.com\/fr\/wp-json\/wp\/v2\/posts"}],"about":[{"href":"https:\/\/www.europesays.com\/fr\/wp-json\/wp\/v2\/types\/post"}],"author":[{"embeddable":true,"href":"https:\/\/www.europesays.com\/fr\/wp-json\/wp\/v2\/users\/2"}],"replies":[{"embeddable":true,"href":"https:\/\/www.europesays.com\/fr\/wp-json\/wp\/v2\/comments?post=31000"}],"version-history":[{"count":0,"href":"https:\/\/www.europesays.com\/fr\/wp-json\/wp\/v2\/posts\/31000\/revisions"}],"wp:featuredmedia":[{"embeddable":true,"href":"https:\/\/www.europesays.com\/fr\/wp-json\/wp\/v2\/media\/31001"}],"wp:attachment":[{"href":"https:\/\/www.europesays.com\/fr\/wp-json\/wp\/v2\/media?parent=31000"}],"wp:term":[{"taxonomy":"category","embeddable":true,"href":"https:\/\/www.europesays.com\/fr\/wp-json\/wp\/v2\/categories?post=31000"},{"taxonomy":"post_tag","embeddable":true,"href":"https:\/\/www.europesays.com\/fr\/wp-json\/wp\/v2\/tags?post=31000"}],"curies":[{"name":"wp","href":"https:\/\/api.w.org\/{rel}","templated":true}]}}