{"id":310003,"date":"2025-08-10T19:06:19","date_gmt":"2025-08-10T19:06:19","guid":{"rendered":"https:\/\/www.europesays.com\/fr\/310003\/"},"modified":"2025-08-10T19:06:19","modified_gmt":"2025-08-10T19:06:19","slug":"lecurie-face-a-un-probleme-technique-mekies-revient-sur-un-coup-dur","status":"publish","type":"post","link":"https:\/\/www.europesays.com\/fr\/310003\/","title":{"rendered":"l\u2019\u00e9curie face \u00e0 un probl\u00e8me technique, Mekies revient sur un coup dur"},"content":{"rendered":"<p>Si la RB21 avait d\u00e9marr\u00e9 la saison sur un rythme solide, Red Bull a \u00e9t\u00e9 confront\u00e9e \u00e0 un souci technique majeur qui a chamboul\u00e9 ses performances. Ce probl\u00e8me, apparu en milieu de saison, a n\u00e9cessit\u00e9 une r\u00e9vision compl\u00e8te de certains \u00e9l\u00e9ments cl\u00e9s de la monoplace, ralentissant le programme de d\u00e9veloppement et compliquant le travail des ing\u00e9nieurs.<\/p>\n<p><b>Des r\u00e9percussions en cha\u00eene<\/b><b\/><\/p>\n<p>Selon Laurent Mekies, cet incident a non seulement co\u00fbt\u00e9 du temps en piste, mais aussi forc\u00e9 l\u2019\u00e9quipe \u00e0 revoir ses priorit\u00e9s. Les \u00e9volutions pr\u00e9vues ont d\u00fb \u00eatre adapt\u00e9es, et certaines am\u00e9liorations repouss\u00e9es. Dans un championnat aussi serr\u00e9, chaque week-end perdu peut peser lourd, d\u2019autant que les adversaires directs, McLaren, Ferrari et Mercedes ne laissent aucun r\u00e9pit.<\/p>\n<blockquote>\n<p>\u201cEh bien, pour \u00eatre honn\u00eate, si nous avions su comment le faire, nous l\u2019aurions corrig\u00e9. Ce que je peux vous dire, c\u2019est que c\u2019\u00e9tait l\u00e0 d\u00e8s le premier tour des EL1. On l\u2019a vu, tout de suite. On s\u2019est regard\u00e9s et on s\u2019est demand\u00e9\u00a0: \u2019Qu\u2019est-ce qui se passe\u00a0? On voyait bien dans tous les virages lents et moyens que nous \u00e9tions tr\u00e8s lents et que ce n\u2019\u00e9tait pas li\u00e9 \u00e0 l\u2019\u00e9quilibre. On n\u2019arrivait pas \u00e0 placer la voiture dans la bonne fen\u00eatre, on ne pouvait pas changer de pneus\u00a0\u00e9videmment, il faut faire avec\u00a0; \u00e7a arrive parfois, mais pas \u00e0 ce point-l\u00e0, et \u00e7a a sembl\u00e9 anormal d\u00e8s le d\u00e9but. Le point positif, c\u2019est que les ing\u00e9nieurs ont pris le probl\u00e8me en charge avec l\u2019\u00e9quipe de course et les pilotes sont partis avec les deux voitures pour essayer diff\u00e9rentes choses, mais \u00e7a n\u2019a rien chang\u00e9\u00a0; on ne pouvait pas chauffer les pneus sur les relais courts comme longs.\u201d D\u00e9clare Mekies apr\u00e8s la Hongrie, source : <a href=\"http:\/\/nextgen-auto.com\" rel=\"nofollow noopener\" target=\"_blank\">nextgen-auto.com<\/a>\u00a0<\/p>\n<\/blockquote>\n<p><b>Une bataille plus ouverte que pr\u00e9vu<\/b><b\/><\/p>\n<p>Red Bull reste comp\u00e9titive, mais n\u2019a plus la marge de man\u0153uvre qui faisait sa force ces derni\u00e8res saisons. Pour Mekies, la cl\u00e9 sera de trouver un \u00e9quilibre entre corriger d\u00e9finitivement le probl\u00e8me et poursuivre les \u00e9volutions pour rester dans la course au titre. La moindre erreur pourrait co\u00fbter cher dans un championnat o\u00f9 les \u00e9carts sont d\u00e9sormais minimes.<\/p>\n<blockquote>\n<p>\u201cParfois, on arrive par chance ou par m\u00e9rite dans la bonne fen\u00eatre, mais \u00e7a n\u2019est jamais arriv\u00e9, et une fois arriv\u00e9 en qualifications\u2026 Cette ann\u00e9e, on a souvent dit que la fen\u00eatre \u00e9tait assez \u00e9troite, et parfois m\u00eame tr\u00e8s \u00e9troite, et le week-end a \u00e9t\u00e9 tr\u00e8s long \u00e0 cause de \u00e7a, on n\u2019a jamais r\u00e9ussi \u00e0 y placer la voiture. M\u00eame en course.\u201d T\u00e9moigne le dirigeant Red Bull apr\u00e8s la course en Hongrie, source : <a href=\"http:\/\/nextgen-auto.com\" rel=\"nofollow noopener\" target=\"_blank\">nextgen-auto.com<\/a>\u00a0<\/p>\n<\/blockquote>\n<p>    Partagez cette info avec vos amis et vos proches en cliquant ici  <\/p>\n<p> Podcasts \u00e0 la une MEN LIFE <\/p>\n<p>    Red Bull : Un probl\u00e8me technique relance la bataille face \u00e0 Ferrari et Mercedes<\/p>\n<p>Red Bull a vu sa domination s\u2019\u00e9roder \u00e0 cause d\u2019un souci technique majeur survenu en milieu de saison. Laurent Mekies revient sur cet \u00e9pisode qui a ralenti le d\u00e9veloppement de la RB21 et pourrait jouer un r\u00f4le d\u00e9cisif dans la bataille pour le championnat.<\/p>\n<p>R\u00e9dacteur<\/p>\n<p><img decoding=\"async\" width=\"76\" height=\"76\" loading=\"lazy\" src=\"https:\/\/www.europesays.com\/fr\/wp-content\/uploads\/2025\/04\/avatar-sport-am.png\" alt=\"Victor Teyssier\"\/><\/p>\n","protected":false},"excerpt":{"rendered":"Si la RB21 avait d\u00e9marr\u00e9 la saison sur un rythme solide, Red Bull a \u00e9t\u00e9 confront\u00e9e \u00e0 un&hellip;\n","protected":false},"author":2,"featured_media":310004,"comment_status":"","ping_status":"","sticky":false,"template":"","format":"standard","meta":{"footnotes":""},"categories":[1412],"tags":[1451,1452,1453,1454,1455,1011,27,60],"class_list":{"0":"post-310003","1":"post","2":"type-post","3":"status-publish","4":"format-standard","5":"has-post-thumbnail","7":"category-f1","8":"tag-f1","9":"tag-formula-1","10":"tag-formula1","11":"tag-formule-1","12":"tag-formule1","13":"tag-fr","14":"tag-france","15":"tag-sports"},"share_on_mastodon":{"url":"https:\/\/pubeurope.com\/@fr\/115006038976528432","error":""},"_links":{"self":[{"href":"https:\/\/www.europesays.com\/fr\/wp-json\/wp\/v2\/posts\/310003","targetHints":{"allow":["GET"]}}],"collection":[{"href":"https:\/\/www.europesays.com\/fr\/wp-json\/wp\/v2\/posts"}],"about":[{"href":"https:\/\/www.europesays.com\/fr\/wp-json\/wp\/v2\/types\/post"}],"author":[{"embeddable":true,"href":"https:\/\/www.europesays.com\/fr\/wp-json\/wp\/v2\/users\/2"}],"replies":[{"embeddable":true,"href":"https:\/\/www.europesays.com\/fr\/wp-json\/wp\/v2\/comments?post=310003"}],"version-history":[{"count":0,"href":"https:\/\/www.europesays.com\/fr\/wp-json\/wp\/v2\/posts\/310003\/revisions"}],"wp:featuredmedia":[{"embeddable":true,"href":"https:\/\/www.europesays.com\/fr\/wp-json\/wp\/v2\/media\/310004"}],"wp:attachment":[{"href":"https:\/\/www.europesays.com\/fr\/wp-json\/wp\/v2\/media?parent=310003"}],"wp:term":[{"taxonomy":"category","embeddable":true,"href":"https:\/\/www.europesays.com\/fr\/wp-json\/wp\/v2\/categories?post=310003"},{"taxonomy":"post_tag","embeddable":true,"href":"https:\/\/www.europesays.com\/fr\/wp-json\/wp\/v2\/tags?post=310003"}],"curies":[{"name":"wp","href":"https:\/\/api.w.org\/{rel}","templated":true}]}}