{"id":310007,"date":"2025-08-10T19:08:12","date_gmt":"2025-08-10T19:08:12","guid":{"rendered":"https:\/\/www.europesays.com\/fr\/310007\/"},"modified":"2025-08-10T19:08:12","modified_gmt":"2025-08-10T19:08:12","slug":"mercato-le-psg-ne-sinteresse-pas-a-enzo-fernandez","status":"publish","type":"post","link":"https:\/\/www.europesays.com\/fr\/310007\/","title":{"rendered":"Mercato \u2013 Le PSG ne s\u2019int\u00e9resse pas \u00e0 Enzo Fernandez &#8211;"},"content":{"rendered":"<p><img width=\"700\" height=\"350\" src=\"https:\/\/www.europesays.com\/fr\/wp-content\/uploads\/2025\/08\/Enzo-Fernandez.jpg\" class=\"attachment-jannah-image-post size-jannah-image-post wp-post-image\" alt=\"Enzo fernandez\" is_main_img=\"1\" decoding=\"async\" fetchpriority=\"high\"  \/><\/p>\n<p>Le mercato bat son plein et des joueurs sont r\u00e9guli\u00e8rement<br \/>\nassoci\u00e9s au PSG. Malgr\u00e9 certaines rumeurs, le PSG s\u2019int\u00e9ressait \u00e0<br \/>\nEnzo Fernandez. Mais ce serait une fake news.<\/p>\n<p>Le mercato du <strong>PSG<\/strong> s\u2019est acc\u00e9l\u00e9r\u00e9 ce week-end<br \/>\navec les arriv\u00e9es de <strong><a href=\"https:\/\/canal-supporters.com\/officiel-lucas-chevalier-sengage-avec-le-psg\/\" title=\"\" target=\"_blank\" rel=\"noopener\">Lucas Chevalier<\/a><\/strong> et <strong>Illia<br \/>\nZabarnyi<\/strong>, m\u00eame si cette derni\u00e8re n\u2019est pas encore<br \/>\nofficielle. Apr\u00e8s ces deux renforts, le <strong>PSG<\/strong><br \/>\nva-t-il poursuivre son mercato au niveau des arriv\u00e9es ? Ce ne<br \/>\nserait pas <a href=\"https:\/\/canal-supporters.com\/le-mercato-des-arrivees-termine-du-cote-du-psg\/\" title=\"\" target=\"_blank\" rel=\"noopener\">la tendance<\/a> selon les derni\u00e8res rumeurs. Malgr\u00e9 cela,<br \/>\nle <strong>PSG<\/strong> est associ\u00e9 quasiment quotidiennement \u00e0 des<br \/>\njoueurs. Ces derni\u00e8res heures, la presse espagnole \u00e9voquait un<br \/>\nint\u00e9r\u00eat du club de la capitale pour <strong>Enzo<br \/>\nFernandez<\/strong>.\u00a0<\/p>\n<p>A voir aussi : <a href=\"https:\/\/canal-supporters.com\/mercato-illia-zabarnyi-attendu-ce-dimanche-a-paris\/\" title=\"Mercato \u2013 Illia Zabarnyi attendu ce dimanche \u00e0 Paris\" target=\"_blank\" rel=\"noopener\">Mercato \u2013<br \/>\nIllia Zabarnyi attendu ce dimanche \u00e0 Paris<\/a><\/p>\n<p><a href=\"https:\/\/x.com\/CanalSupporters\" target=\"_blank\" rel=\"noopener\" title=\"\">canalsupporters.com<\/a><\/p>\n<p>Aucune<br \/>\ndiscussion entre le PSG et Chelsea pour Fernandez<\/p>\n<p>Mais selon les informations de <strong><a href=\"https:\/\/x.com\/FabrizioRomano\/status\/1954528395343155410\" target=\"_blank\" rel=\"noopener\" title=\"\">Fabrizio Romano<\/a><\/strong>,<br \/>\ncette rumeur est totalement fausse. Le sp\u00e9cialiste du mercato<br \/>\nindique qu\u2019il n\u2019y a aucune discussion, aucune offre du<br \/>\n<strong>PSG<\/strong> \u00e0 <strong>Chelsea<\/strong> pour tenter de<br \/>\ns\u2019offrir l\u2019international argentin. <strong>Fabrizio Romano<\/strong><br \/>\nexplique que les <strong>Blues<\/strong> ne comptent pas se s\u00e9parer<br \/>\nde l\u2019un de leurs cadres, de leur capitaine, et qui est encore sous<br \/>\ncontrat jusqu\u2019en juin 2032. Il n\u2019y a aucune chance de voir partir<br \/>\nl\u2019ancien du <strong>Benfica<\/strong> avant la fin du mercato,<br \/>\nconclut le journaliste.\u00a0<\/p><\/p>\n","protected":false},"excerpt":{"rendered":"Le mercato bat son plein et des joueurs sont r\u00e9guli\u00e8rement associ\u00e9s au PSG. Malgr\u00e9 certaines rumeurs, le PSG&hellip;\n","protected":false},"author":2,"featured_media":310008,"comment_status":"","ping_status":"","sticky":false,"template":"","format":"standard","meta":{"footnotes":""},"categories":[1410],"tags":[81,11871,787,44976,842,44977,63,1011,27,1434,1435,626,91,92,93,60,96],"class_list":{"0":"post-310007","1":"post","2":"type-post","3":"status-publish","4":"format-standard","5":"has-post-thumbnail","7":"category-football","8":"tag-canal-supporters","9":"tag-chelsea","10":"tag-cs","11":"tag-enzo-fernandez","12":"tag-fake-news","13":"tag-fernandez","14":"tag-football","15":"tag-fr","16":"tag-france","17":"tag-mercato","18":"tag-mercato-psg","19":"tag-paris","20":"tag-paris-saint-germain","21":"tag-paris-sg","22":"tag-psg","23":"tag-sports","24":"tag-une"},"share_on_mastodon":{"url":"https:\/\/pubeurope.com\/@fr\/115006046483645650","error":""},"_links":{"self":[{"href":"https:\/\/www.europesays.com\/fr\/wp-json\/wp\/v2\/posts\/310007","targetHints":{"allow":["GET"]}}],"collection":[{"href":"https:\/\/www.europesays.com\/fr\/wp-json\/wp\/v2\/posts"}],"about":[{"href":"https:\/\/www.europesays.com\/fr\/wp-json\/wp\/v2\/types\/post"}],"author":[{"embeddable":true,"href":"https:\/\/www.europesays.com\/fr\/wp-json\/wp\/v2\/users\/2"}],"replies":[{"embeddable":true,"href":"https:\/\/www.europesays.com\/fr\/wp-json\/wp\/v2\/comments?post=310007"}],"version-history":[{"count":0,"href":"https:\/\/www.europesays.com\/fr\/wp-json\/wp\/v2\/posts\/310007\/revisions"}],"wp:featuredmedia":[{"embeddable":true,"href":"https:\/\/www.europesays.com\/fr\/wp-json\/wp\/v2\/media\/310008"}],"wp:attachment":[{"href":"https:\/\/www.europesays.com\/fr\/wp-json\/wp\/v2\/media?parent=310007"}],"wp:term":[{"taxonomy":"category","embeddable":true,"href":"https:\/\/www.europesays.com\/fr\/wp-json\/wp\/v2\/categories?post=310007"},{"taxonomy":"post_tag","embeddable":true,"href":"https:\/\/www.europesays.com\/fr\/wp-json\/wp\/v2\/tags?post=310007"}],"curies":[{"name":"wp","href":"https:\/\/api.w.org\/{rel}","templated":true}]}}