{"id":310009,"date":"2025-08-10T19:09:12","date_gmt":"2025-08-10T19:09:12","guid":{"rendered":"https:\/\/www.europesays.com\/fr\/310009\/"},"modified":"2025-08-10T19:09:12","modified_gmt":"2025-08-10T19:09:12","slug":"nudite-et-provocation-lex-candidat-a-la-star-academy-masseo-vire-dinstagram-a-cause-de-cette-photo-appelle-les-internautes-a-laide","status":"publish","type":"post","link":"https:\/\/www.europesays.com\/fr\/310009\/","title":{"rendered":"Nudit\u00e9 et provocation : L&rsquo;ex candidat \u00e0 la Star Academy, Masseo, vir\u00e9 d&rsquo;Instagram \u00e0 cause de cette photo appelle les internautes \u00e0 l&rsquo;aide"},"content":{"rendered":"<p>L&rsquo;ex candidat \u00e0 la Star Academy Masseo vir\u00e9 d&rsquo;Instagram \u00e0 cause de cette photo appelle les internautes \u00e0 l&rsquo;aide. Son compte a en effet \u00e9t\u00e9 suspendu apr\u00e8s la publication de cette photo qui visiblement a \u00e9t\u00e9 jug\u00e9 trop provoquante. Quand \u00e0 la nudit\u00e9 qu&rsquo;il \u00e9voque, pas certain que ce soit la raison, car le chanteur est simplement torse nu et on trouve sur Instagram de nombreux compte o\u00f9 les internautes sont enti\u00e8rement nus, certes de dos, mais avec les fesses visibles.<\/p>\n<p>Cette photo est en fait une photo promotion pour son nouvel album qui s&rsquo;appelle tout simplement SEX.<\/p>\n<p>\u00ab\u00a0Je ne connais pas les r\u00e9elles raisons, explique-t-il sur TikTok. C&rsquo;est peut-\u00eatre des signalements de personnes qui trouvaient que les coups de soleil \u00e9taient trop probl\u00e9matiques ou alors, peut-\u00eatre que pour certains, j&rsquo;\u00e9tais trop d\u00e9nud\u00e9 alors que j&rsquo;\u00e9tais juste torse nu.<\/p>\n<p>Aujourd&rsquo;hui le fait de ne plus avoir de compte Instagram, \u00e7a me fait vraiment peur parce que je n&rsquo;ai pas de label, je n&rsquo;ai pas d&rsquo;\u00e9quipe. Le seul moyen de faire ma promotion, c&rsquo;est sur les r\u00e9seaux sociaux.\u00a0\u00bb\u00a0<\/p>\n<p>N\u00e9 en 2006, Masseo se fait conna\u00eetre du grand public en 2024, lorsqu\u2019il participe \u00e0 la saison 12 de la Star Academy, dont le premier \u00e9pisode est diffus\u00e9 sur TF1 le 12 octobre 2024. Il est l\u2019un des plus jeunes candidats de sa promo de graines de stars.<\/p>\n<p>Fan de musiques urbaines, musicien complet pratiquant aussi bien le piano et la guitare, mais aussi la danse hip-hop et afro, le jeune homme de 18 ans originaire de Vend\u00e9e a d\u00e9j\u00e0 deux titres \u00e0 son actif : Loved by you et Never gonna give up. Mass\u00e9o est \u00e9limin\u00e9 \u00e0 l\u2019issue du prime de Star Academy, diffus\u00e9 le samedi 23 novembre sur TF1.<\/p>\n<p>.<\/p>\n<p><img loading=\"lazy\" decoding=\"async\" src=\"https:\/\/www.europesays.com\/fr\/wp-content\/uploads\/2025\/08\/529413189_746266158161558_2264098467148910189_n.jpg\" width=\"945\" height=\"910\"\/><\/p>\n","protected":false},"excerpt":{"rendered":"L&rsquo;ex candidat \u00e0 la Star Academy Masseo vir\u00e9 d&rsquo;Instagram \u00e0 cause de cette photo appelle les internautes \u00e0&hellip;\n","protected":false},"author":2,"featured_media":310010,"comment_status":"","ping_status":"","sticky":false,"template":"","format":"standard","meta":{"footnotes":""},"categories":[1359],"tags":[426,58,59,1011,27,2440,44978,973,5095],"class_list":{"0":"post-310009","1":"post","2":"type-post","3":"status-publish","4":"format-standard","5":"has-post-thumbnail","7":"category-people","8":"tag-candidat","9":"tag-divertissement","10":"tag-entertainment","11":"tag-fr","12":"tag-france","13":"tag-instagram","14":"tag-nuditu00e9","15":"tag-people","16":"tag-star-academy"},"share_on_mastodon":{"url":"https:\/\/pubeurope.com\/@fr\/115006050439638026","error":""},"_links":{"self":[{"href":"https:\/\/www.europesays.com\/fr\/wp-json\/wp\/v2\/posts\/310009","targetHints":{"allow":["GET"]}}],"collection":[{"href":"https:\/\/www.europesays.com\/fr\/wp-json\/wp\/v2\/posts"}],"about":[{"href":"https:\/\/www.europesays.com\/fr\/wp-json\/wp\/v2\/types\/post"}],"author":[{"embeddable":true,"href":"https:\/\/www.europesays.com\/fr\/wp-json\/wp\/v2\/users\/2"}],"replies":[{"embeddable":true,"href":"https:\/\/www.europesays.com\/fr\/wp-json\/wp\/v2\/comments?post=310009"}],"version-history":[{"count":0,"href":"https:\/\/www.europesays.com\/fr\/wp-json\/wp\/v2\/posts\/310009\/revisions"}],"wp:featuredmedia":[{"embeddable":true,"href":"https:\/\/www.europesays.com\/fr\/wp-json\/wp\/v2\/media\/310010"}],"wp:attachment":[{"href":"https:\/\/www.europesays.com\/fr\/wp-json\/wp\/v2\/media?parent=310009"}],"wp:term":[{"taxonomy":"category","embeddable":true,"href":"https:\/\/www.europesays.com\/fr\/wp-json\/wp\/v2\/categories?post=310009"},{"taxonomy":"post_tag","embeddable":true,"href":"https:\/\/www.europesays.com\/fr\/wp-json\/wp\/v2\/tags?post=310009"}],"curies":[{"name":"wp","href":"https:\/\/api.w.org\/{rel}","templated":true}]}}