{"id":310011,"date":"2025-08-10T19:10:12","date_gmt":"2025-08-10T19:10:12","guid":{"rendered":"https:\/\/www.europesays.com\/fr\/310011\/"},"modified":"2025-08-10T19:10:12","modified_gmt":"2025-08-10T19:10:12","slug":"werner-jeker-compose-en-virtuose-une-memoire-lausannoise-par-les-affiches","status":"publish","type":"post","link":"https:\/\/www.europesays.com\/fr\/310011\/","title":{"rendered":"Werner Jeker compose, en virtuose, une m\u00e9moire lausannoise par les affiches"},"content":{"rendered":"<p>    R\u00e9sum\u00e9 en 20 secondes<\/p>\n<p>        En savoir plus sur ce type de contenu<\/p>\n<p>Ce r\u00e9sum\u00e9 peut avoir \u00e9t\u00e9 \u00e9crit avec l&rsquo;assistance d\u2019une IA g\u00e9n\u00e9rative. <a href=\"https:\/\/www.letemps.ch\/cyber\/l-usage-de-l-ia-generative-par-les-journalistes-du-temps\" rel=\"nofollow noopener\" target=\"_blank\">En savoir plus<\/a><\/p>\n<p class=\"article__abstract-call-to-action\" data-ariato=\"TrackableElement\" data-trackable-element-type=\"article_abstract_cta\" data-trackable-element-location=\"article_header\" data-trackable-element-id=\"502627\">\n        <a data-event=\"click-&gt;clicked\" href=\"https:\/\/www.letemps.ch\/abonnements\" rel=\"nofollow noopener\" target=\"_blank\">Abonnez-vous<\/a> pour acc\u00e9der au r\u00e9sum\u00e9 en 20 secondes.\n      <\/p>\n<p>Pourquoi l\u2019exposition Sign\u00e9 Jeker a-t-elle lieu au Mus\u00e9e historique de Lausanne? Il n\u2019est pas interdit de poser la question, puisque Werner Jeker est avant tout graphiste et qu\u2019on imagine, au premier abord, ses \u0153uvres sur les murs du mudac, comme mus\u00e9e du design et des arts appliqu\u00e9s. Ou \u00e0 Photo Elys\u00e9e: il a travaill\u00e9 (et travaille encore) avec de grands photographes comme Mario Del Curto, Werner Bischof, Ren\u00e9 Burri ou l\u2019agence Magnum et il y a d\u00e9j\u00e0 expos\u00e9, en 2004, sous le titre de Photographisme. Ou encore au Mus\u00e9e cantonal des beaux-arts (MCBA): ses compositions n\u2019empruntent-elles pas au futurisme ou au Bauhaus certains de leurs codes?<\/p>\n<p>Si la qualit\u00e9 de son travail justifierait qu\u2019il soit expos\u00e9 dans toutes sortes de mus\u00e9es, Sign\u00e9 Jeker a cependant toute sa place dans une institution qui porte la m\u00e9moire de Lausanne. Car, avant d\u2019\u00eatre un t\u00e9moignage artistique, l\u2019exposition est une machine \u00e0 remonter le temps. Werner Jeker lui-m\u00eame, venu en voisin, \u2013 Les Ateliers du Nord, qu\u2019il a fond\u00e9s avec Antoine Cahen et Claude Frossard en 1983, sont \u00e0 quelques rues de l\u00e0 \u2013 s\u2019en r\u00e9jouit: \u00abJ\u2019ai pris cette exposition comme une occasion, pour moi, de revoir de vieux projets, dit-il, en arpentant les lieux. Regarder de nouveau, retravailler, c\u2019est ce que je fais tout le temps.\u00bb<\/p>\n","protected":false},"excerpt":{"rendered":"R\u00e9sum\u00e9 en 20 secondes En savoir plus sur ce type de contenu Ce r\u00e9sum\u00e9 peut avoir \u00e9t\u00e9 \u00e9crit&hellip;\n","protected":false},"author":2,"featured_media":310012,"comment_status":"","ping_status":"","sticky":false,"template":"","format":"standard","meta":{"footnotes":""},"categories":[1358],"tags":[1348,1384,1385,1386,58,59,3297,1011,27,26705,14022,301],"class_list":{"0":"post-310011","1":"post","2":"type-post","3":"status-publish","4":"format-standard","5":"has-post-thumbnail","7":"category-arts-et-design","8":"tag-arts","9":"tag-arts-and-design","10":"tag-arts-et-design","11":"tag-design","12":"tag-divertissement","13":"tag-entertainment","14":"tag-entre-temps","15":"tag-fr","16":"tag-france","17":"tag-lausanne","18":"tag-musees-et-expositions","19":"tag-premium"},"share_on_mastodon":{"url":"https:\/\/pubeurope.com\/@fr\/115006054367681846","error":""},"_links":{"self":[{"href":"https:\/\/www.europesays.com\/fr\/wp-json\/wp\/v2\/posts\/310011","targetHints":{"allow":["GET"]}}],"collection":[{"href":"https:\/\/www.europesays.com\/fr\/wp-json\/wp\/v2\/posts"}],"about":[{"href":"https:\/\/www.europesays.com\/fr\/wp-json\/wp\/v2\/types\/post"}],"author":[{"embeddable":true,"href":"https:\/\/www.europesays.com\/fr\/wp-json\/wp\/v2\/users\/2"}],"replies":[{"embeddable":true,"href":"https:\/\/www.europesays.com\/fr\/wp-json\/wp\/v2\/comments?post=310011"}],"version-history":[{"count":0,"href":"https:\/\/www.europesays.com\/fr\/wp-json\/wp\/v2\/posts\/310011\/revisions"}],"wp:featuredmedia":[{"embeddable":true,"href":"https:\/\/www.europesays.com\/fr\/wp-json\/wp\/v2\/media\/310012"}],"wp:attachment":[{"href":"https:\/\/www.europesays.com\/fr\/wp-json\/wp\/v2\/media?parent=310011"}],"wp:term":[{"taxonomy":"category","embeddable":true,"href":"https:\/\/www.europesays.com\/fr\/wp-json\/wp\/v2\/categories?post=310011"},{"taxonomy":"post_tag","embeddable":true,"href":"https:\/\/www.europesays.com\/fr\/wp-json\/wp\/v2\/tags?post=310011"}],"curies":[{"name":"wp","href":"https:\/\/api.w.org\/{rel}","templated":true}]}}