{"id":310013,"date":"2025-08-10T19:11:23","date_gmt":"2025-08-10T19:11:23","guid":{"rendered":"https:\/\/www.europesays.com\/fr\/310013\/"},"modified":"2025-08-10T19:11:23","modified_gmt":"2025-08-10T19:11:23","slug":"a-morlaix-hippolyte-romain-dedicace-son-ouvrage-consacre-aux-femmes-pirates","status":"publish","type":"post","link":"https:\/\/www.europesays.com\/fr\/310013\/","title":{"rendered":"\u00c0 Morlaix, Hippolyte Romain d\u00e9dicace son ouvrage consacr\u00e9 aux femmes pirates"},"content":{"rendered":"<p>Illustrateur, peintre, \u00e9crivain fran\u00e7ais (il a \u00e9crit plus d\u2019une quarantaine de livres), et cr\u00e9ateur du Festival Baie des Pirates \u00e0 Morlaix, Hippolyte Romain a d\u00e9dicac\u00e9, samedi 9 ao\u00fbt 2025, son dernier livre \u00ab\u00a0Femmes pirates et flibustiers\u00a0\u00bb (\u00c9ditions Magellan &amp; Cie, 19,90 \u20ac) \u00e0 la librairie Dialogues. \u00c0 cette occasion, les petits pirates en herbe \u00e9taient convi\u00e9s \u00e0 participer \u00e0 un concours de dessins sur le th\u00e8me de la piraterie. Diane, 10 ans, et Arthus, 8 ans, en vacances \u00e0 Plougonven, se sont pris au jeu en piratant le livre d\u2019Hippolyte Romain.<\/p>\n","protected":false},"excerpt":{"rendered":"Illustrateur, peintre, \u00e9crivain fran\u00e7ais (il a \u00e9crit plus d\u2019une quarantaine de livres), et cr\u00e9ateur du Festival Baie des&hellip;\n","protected":false},"author":2,"featured_media":310014,"comment_status":"","ping_status":"","sticky":false,"template":"","format":"standard","meta":{"footnotes":""},"categories":[1357],"tags":[1379,58,59,1011,27,1380,2131],"class_list":{"0":"post-310013","1":"post","2":"type-post","3":"status-publish","4":"format-standard","5":"has-post-thumbnail","7":"category-livres","8":"tag-books","9":"tag-divertissement","10":"tag-entertainment","11":"tag-fr","12":"tag-france","13":"tag-livres","14":"tag-morlaix"},"share_on_mastodon":{"url":"https:\/\/pubeurope.com\/@fr\/115006058307900826","error":""},"_links":{"self":[{"href":"https:\/\/www.europesays.com\/fr\/wp-json\/wp\/v2\/posts\/310013","targetHints":{"allow":["GET"]}}],"collection":[{"href":"https:\/\/www.europesays.com\/fr\/wp-json\/wp\/v2\/posts"}],"about":[{"href":"https:\/\/www.europesays.com\/fr\/wp-json\/wp\/v2\/types\/post"}],"author":[{"embeddable":true,"href":"https:\/\/www.europesays.com\/fr\/wp-json\/wp\/v2\/users\/2"}],"replies":[{"embeddable":true,"href":"https:\/\/www.europesays.com\/fr\/wp-json\/wp\/v2\/comments?post=310013"}],"version-history":[{"count":0,"href":"https:\/\/www.europesays.com\/fr\/wp-json\/wp\/v2\/posts\/310013\/revisions"}],"wp:featuredmedia":[{"embeddable":true,"href":"https:\/\/www.europesays.com\/fr\/wp-json\/wp\/v2\/media\/310014"}],"wp:attachment":[{"href":"https:\/\/www.europesays.com\/fr\/wp-json\/wp\/v2\/media?parent=310013"}],"wp:term":[{"taxonomy":"category","embeddable":true,"href":"https:\/\/www.europesays.com\/fr\/wp-json\/wp\/v2\/categories?post=310013"},{"taxonomy":"post_tag","embeddable":true,"href":"https:\/\/www.europesays.com\/fr\/wp-json\/wp\/v2\/tags?post=310013"}],"curies":[{"name":"wp","href":"https:\/\/api.w.org\/{rel}","templated":true}]}}