{"id":310015,"date":"2025-08-10T19:12:26","date_gmt":"2025-08-10T19:12:26","guid":{"rendered":"https:\/\/www.europesays.com\/fr\/310015\/"},"modified":"2025-08-10T19:12:26","modified_gmt":"2025-08-10T19:12:26","slug":"avec-ses-26-episodes-cette-fiction-a-rendu-les-internautes-fous","status":"publish","type":"post","link":"https:\/\/www.europesays.com\/fr\/310015\/","title":{"rendered":"Avec ses 26 \u00e9pisodes, cette fiction a rendu les internautes fous"},"content":{"rendered":"<p>Vous avez peut-\u00eatre d\u00e9j\u00e0 essay\u00e9 de vous plonger dans cette s\u00e9rie. Et vous avez peut-\u00eatre abandonn\u00e9 face \u00e0 sa complexit\u00e9&#8230; Grave erreur si l&rsquo;on en croit les internautes, qui vous donnent quelques conseils pour vous accrocher et profiter de cette s\u00e9rie qu&rsquo;ils adorent.<\/p>\n<p>Attention : si vous cherchez une s\u00e9rie simple et sans prise de t\u00eate comme <a href=\"https:\/\/www.programme-tv.net\/news\/series-tv\/384442-peches-inavouables-j-avoue-tout-je-suis-deja-accro-a-la-nouvelle-serie-de-netflix\/\" data-api-deeplink=\"teleloisirs:\/\/news\/384442\" target=\"_blank\" rel=\"noopener\">P\u00e9ch\u00e9s inavouables, la s\u00e9rie qui rend accro<\/a>, celle-ci n&rsquo;est peut-\u00eatre pas adapt\u00e9e&#8230; En trois saisons, <a href=\"https:\/\/www.programme-tv.net\/news\/series-tv\/325197-quiz-dark-etes-vous-pret-a-remonter-le-temps-avec-ce-test-ultime\/\" data-api-deeplink=\"teleloisirs:\/\/news\/325197\" target=\"_blank\" rel=\"noopener\">Dark<\/a> s&rsquo;est constitu\u00e9e un socle de fans, qui ont parfois d\u00fb un peu s&rsquo;accrocher pour comprendre cette s\u00e9rie allemande arriv\u00e9e sur Netflix en 2017. \u00ab\u00a0Je viens de finir les 3 saisons de 10 \u00e9pisodes chacune de Dark, je n&rsquo;ai rien compris !\u00a0\u00bb, \u00e9crit ainsi un internaute sur le groupe Netflix France de Facebook g\u00e9r\u00e9 par T\u00e9l\u00e9-Loisirs. L&rsquo;intrigue se d\u00e9roule de nos jours. Un adolescent dispara\u00eet sans laisser de traces dans une petite ville a priori sans histoire, au pied d&rsquo;une centrale nucl\u00e9aire. Ce n&rsquo;est pourtant pas la premi\u00e8re fois qu&rsquo;une telle affaire se produit. Il y a 33 ans, un autre gar\u00e7on s&rsquo;\u00e9tait myst\u00e9rieusement volatilis\u00e9. Au c\u0153ur de ce myst\u00e8re, les familles Nielsen, Tiedemann, Doppler et Kahnwald sont directement impact\u00e9es. Elles vont tenter de d\u00e9couvrir la v\u00e9rit\u00e9.<\/p>\n<p>                        Dark (Netflix) : les clefs pour comprendre la s\u00e9rie selon les internautes<\/p>\n<p>Le synopsis a s\u00e9duit de nombreux abonn\u00e9s de la plateforme de streaming. \u00ab\u00a0C&rsquo;est une des meilleures s\u00e9ries Netflix, elle est incroyable et tellement g\u00e9niale\u00a0\u00bb, commente l&rsquo;un d&rsquo;eux. Pour ceux qui ne comprendraient pas, les conseils ne manquent pas. \u00ab\u00a0Il faut bien distinguer les histoires de chaque g\u00e9n\u00e9ration\u00a0\u00bb, souligne un fan. \u00ab\u00a0Il faut \u00eatre concentr\u00e9 sinon nous sommes perdus dans la s\u00e9rie\u00a0\u00bb, rench\u00e9rit un autre. \u00ab\u00a0Pour bien comprendre, il faut noter tous les personnages et de quelle g\u00e9n\u00e9ration ils sont, et sur Internet vous trouverez l&rsquo;arbre g\u00e9n\u00e9alogique pour bien comprendre la s\u00e9rie\u00a0\u00bb, sugg\u00e8re encore un autre. \u00ab\u00a0Moi, \u00e0 des moments je mettais sur pause pour r\u00e9fl\u00e9chir 2 min, et on faisait le point avec mon mari\u00a0\u00bb, peut-on lire \u00e9galement. Cette gymnastique intellectuelle en amuse plus d&rsquo;un ! \u00ab\u00a0Cette s\u00e9rie r\u00e9anime nos cerveaux endormis !\u00a0\u00bb, ironise un internaute.<\/p>\n<p>            Dark : une s\u00e9rie complexe qui retourne le cerveau jusqu&rsquo;au bout !<\/p>\n<p>Si vous tentez de vous lancer \u00e0 l&rsquo;assaut de cette s\u00e9rie un peu complexe, il va falloir vous accrocher jusqu&rsquo;au bout ! <a href=\"https:\/\/www.programme-tv.net\/news\/series-tv\/256787-dark-saison-3-arbre-genealogique-recap-netflix-vous-explique-tout-ce-quil-faut-comprendre-des-deux-premieres-saisons-video\/\" data-api-deeplink=\"teleloisirs:\/\/news\/256787\" target=\"_blank\" rel=\"noopener\">Les deux premi\u00e8res saisons<\/a> \u00e9taient d\u00e9j\u00e0 alambiqu\u00e9es, la troisi\u00e8me l&rsquo;est tout autant&#8230; voire plus&#8230; Si elle donne des maux de t\u00eate, elle se r\u00e9v\u00e8le toutefois jouissive et r\u00e9fl\u00e9chie ! Alors n&rsquo;h\u00e9sitez plus et lancez-vous !<\/p>\n<p>Article \u00e9crit en collaboration avec 6Medias<\/p>\n","protected":false},"excerpt":{"rendered":"Vous avez peut-\u00eatre d\u00e9j\u00e0 essay\u00e9 de vous plonger dans cette s\u00e9rie. Et vous avez peut-\u00eatre abandonn\u00e9 face \u00e0&hellip;\n","protected":false},"author":2,"featured_media":310016,"comment_status":"","ping_status":"","sticky":false,"template":"","format":"standard","meta":{"footnotes":""},"categories":[1356],"tags":[244,1510,58,59,1011,27,127,1722,1721,129,252,1364],"class_list":{"0":"post-310015","1":"post","2":"type-post","3":"status-publish","4":"format-standard","5":"has-post-thumbnail","7":"category-television","8":"tag-commentaire","9":"tag-dark","10":"tag-divertissement","11":"tag-entertainment","12":"tag-fr","13":"tag-france","14":"tag-netflix","15":"tag-pub-streaming-netflix","16":"tag-su00e9rie-netflix","17":"tag-svod","18":"tag-television","19":"tag-tv"},"share_on_mastodon":{"url":"https:\/\/pubeurope.com\/@fr\/115006062266862380","error":""},"_links":{"self":[{"href":"https:\/\/www.europesays.com\/fr\/wp-json\/wp\/v2\/posts\/310015","targetHints":{"allow":["GET"]}}],"collection":[{"href":"https:\/\/www.europesays.com\/fr\/wp-json\/wp\/v2\/posts"}],"about":[{"href":"https:\/\/www.europesays.com\/fr\/wp-json\/wp\/v2\/types\/post"}],"author":[{"embeddable":true,"href":"https:\/\/www.europesays.com\/fr\/wp-json\/wp\/v2\/users\/2"}],"replies":[{"embeddable":true,"href":"https:\/\/www.europesays.com\/fr\/wp-json\/wp\/v2\/comments?post=310015"}],"version-history":[{"count":0,"href":"https:\/\/www.europesays.com\/fr\/wp-json\/wp\/v2\/posts\/310015\/revisions"}],"wp:featuredmedia":[{"embeddable":true,"href":"https:\/\/www.europesays.com\/fr\/wp-json\/wp\/v2\/media\/310016"}],"wp:attachment":[{"href":"https:\/\/www.europesays.com\/fr\/wp-json\/wp\/v2\/media?parent=310015"}],"wp:term":[{"taxonomy":"category","embeddable":true,"href":"https:\/\/www.europesays.com\/fr\/wp-json\/wp\/v2\/categories?post=310015"},{"taxonomy":"post_tag","embeddable":true,"href":"https:\/\/www.europesays.com\/fr\/wp-json\/wp\/v2\/tags?post=310015"}],"curies":[{"name":"wp","href":"https:\/\/api.w.org\/{rel}","templated":true}]}}