{"id":310017,"date":"2025-08-10T19:13:13","date_gmt":"2025-08-10T19:13:13","guid":{"rendered":"https:\/\/www.europesays.com\/fr\/310017\/"},"modified":"2025-08-10T19:13:13","modified_gmt":"2025-08-10T19:13:13","slug":"jean-jacques-goldman-a-ecrit-pour-ce-groupe-culte-des-annees-80-et-personne-ne-le-savait","status":"publish","type":"post","link":"https:\/\/www.europesays.com\/fr\/310017\/","title":{"rendered":"Jean-Jacques Goldman a \u00e9crit pour ce groupe culte des ann\u00e9es 80, et personne ne le savait"},"content":{"rendered":"<p><img decoding=\"async\" class=\"caas-img has-preview\" alt=\"AGENCE \/ BESTIMAGE\" bad-src=\"https:\/\/www.europesays.com\/fr\/wp-content\/uploads\/2025\/08\/5692f05c0da0c8991967d5f06ba137b6.jpeg\" src=\"https:\/\/www.europesays.com\/fr\/wp-content\/uploads\/2025\/08\/5692f05c0da0c8991967d5f06ba137b6.jpeg\"\/><\/p>\n<p>AGENCE \/ BESTIMAGE<\/p>\n<p>AGENCE \/ BESTIMAGEJean-Jacques Goldman est d\u00e9cid\u00e9ment une personnalit\u00e9 bien myst\u00e9rieuse. <a class=\"link \" href=\"https:\/\/www.chartsinfrance.net\/Jean-Jacques-Goldman\/news-132023.html\" rel=\"nofollow noopener\" target=\"_blank\" data-ylk=\"slk:Chanteur adul\u00e9;elm:context_link;itc:0;sec:content-canvas\">Chanteur adul\u00e9<\/a>, compositeur reconnu par ses pairs et tr\u00e8s recherch\u00e9 pour ses talents d&rsquo;auteur, <a class=\"link \" href=\"https:\/\/www.chartsinfrance.net\/Jean-Jacques-Goldman\/news-133079.html\" rel=\"nofollow noopener\" target=\"_blank\" data-ylk=\"slk:l&#039;ancien patron des Enfoir\u00e9s;elm:context_link;itc:0;sec:content-canvas\">l&rsquo;ancien patron des Enfoir\u00e9s<\/a> a touch\u00e9 un peu \u00e0 tout musicalement parlant. Patricia Kaas, Roch Voisine, C\u00e9line Dion, Patrick Fiori <a class=\"link \" href=\"https:\/\/www.chartsinfrance.net\/Jean-Jacques-Goldman\/news-133334.html\" rel=\"nofollow noopener\" target=\"_blank\" data-ylk=\"slk:ou encore Marc Lavoine;elm:context_link;itc:0;sec:content-canvas\">ou encore Marc Lavoine<\/a> : nombreux sont les artistes qui ont au cours de leur carri\u00e8re entonn\u00e9 un titre sign\u00e9 par le grand Jean-Jacques. Et parmi eux, il y a eu quelques collaborations&#8230; inattendues. <\/p>\n<p>Un titre pour le groupe Trust<\/p>\n<p>Jean-Jacques Goldman a par exemple particip\u00e9 \u00e0 l&rsquo;un des albums de l&rsquo;un des plus c\u00e9l\u00e8bres groupes de rock fran\u00e7ais des ann\u00e9es 80 : Trust ! La formation de Bernie Bonvoisin a en effet int\u00e9gr\u00e9 une chanson de l&rsquo;artiste aujourd&rsquo;hui \u00e2g\u00e9 de 73 ans sur son cinqui\u00e8me album, \u00ab\u00a0Rock&rsquo;n&rsquo;roll\u00a0\u00bb, sorti dans les bacs en 1984. Inutile de chercher des cr\u00e9dits au nom du grand complice de Michael Jones sur l&rsquo;opus, vous ne les trouverez pas, Jean-Jacques Goldman \u00e9tant rest\u00e9 dans l&rsquo;ombre. C&rsquo;est pourtant bien lui qui a sign\u00e9 le titre \u00ab\u00a0Serre les poings\u00a0\u00bb, comme l&rsquo;a confirm\u00e9 en 2010 Farid Medjane, batteur de Trust dans les ann\u00e9es 80 puis de 2006 \u00e0 2011. <\/p>\n<p>Selon le musicien, cette collaboration n&rsquo;\u00e9tait pas le fruit d&rsquo;une amiti\u00e9 particuli\u00e8re entre Jean-Jacques Goldman et Trust, mais d\u00e9coulait d&rsquo;une demande express du label des rockeurs, qui estimait qu&rsquo;il manquait un vrai hit sur l&rsquo;album \u00ab\u00a0Rock&rsquo;n&rsquo;roll\u00a0\u00bb. \u00ab La maison de disques n&rsquo;avait pas son tube. Du coup, ils ont mandat\u00e9 Jean-Jacques Goldman&#8230;<\/p>\n<p><a href=\"https:\/\/www.chartsinfrance.net\/Jean-Jacques-Goldman\/news-133429.html\" rel=\"nofollow noopener\" target=\"_blank\" data-ylk=\"slk:Cliquez ici pour voir la suite;elm:context_link;itc:0;sec:content-canvas\" class=\"link \">Cliquez ici pour voir la suite<\/a><\/p>\n<p>A lire aussi :<\/p>\n<p><a href=\"https:\/\/www.chartsinfrance.net\/Jean-Jacques-Goldman\/news-133334.html\" rel=\"nofollow noopener\" target=\"_blank\" data-ylk=\"slk:Jean-Jacques Goldman a sign\u00e9 ces chansons sous pseudo;elm:context_link;itc:0;sec:content-canvas\" class=\"link \">Jean-Jacques Goldman a sign\u00e9 ces chansons sous pseudo<\/a><br \/><a href=\"https:\/\/www.chartsinfrance.net\/Jean-Jacques-Goldman\/news-133079.html\" rel=\"nofollow noopener\" target=\"_blank\" data-ylk=\"slk:Jean-Jacques Goldman de retour pour les Enfoir\u00e9s;elm:context_link;itc:0;sec:content-canvas\" class=\"link \">Jean-Jacques Goldman de retour pour les Enfoir\u00e9s<\/a><br \/><a href=\"https:\/\/www.chartsinfrance.net\/Jean-Jacques-Goldman\/news-132211.html\" rel=\"nofollow noopener\" target=\"_blank\" data-ylk=\"slk:Jean-Jacques Goldman : sa nouvelle chanson !;elm:context_link;itc:0;sec:content-canvas\" class=\"link \">Jean-Jacques Goldman : sa nouvelle chanson !<\/a><\/p>\n","protected":false},"excerpt":{"rendered":"AGENCE \/ BESTIMAGE AGENCE \/ BESTIMAGEJean-Jacques Goldman est d\u00e9cid\u00e9ment une personnalit\u00e9 bien myst\u00e9rieuse. Chanteur adul\u00e9, compositeur reconnu par&hellip;\n","protected":false},"author":2,"featured_media":310018,"comment_status":"","ping_status":"","sticky":false,"template":"","format":"standard","meta":{"footnotes":""},"categories":[1355],"tags":[44981,58,59,1011,27,2014,44980,44979,7195,7593,31413,1361,873,2751,9644],"class_list":{"0":"post-310017","1":"post","2":"type-post","3":"status-publish","4":"format-standard","5":"has-post-thumbnail","7":"category-musique","8":"tag-bernie-bonvoisin","9":"tag-divertissement","10":"tag-entertainment","11":"tag-fr","12":"tag-france","13":"tag-goldman","14":"tag-groupe-trust","15":"tag-jean-jacques","16":"tag-jean-jacques-goldman","17":"tag-marc-lavoine","18":"tag-michael-jones","19":"tag-music","20":"tag-musique","21":"tag-patricia-kaas","22":"tag-patrick-fiori"},"share_on_mastodon":{"url":"https:\/\/pubeurope.com\/@fr\/115006066304310473","error":""},"_links":{"self":[{"href":"https:\/\/www.europesays.com\/fr\/wp-json\/wp\/v2\/posts\/310017","targetHints":{"allow":["GET"]}}],"collection":[{"href":"https:\/\/www.europesays.com\/fr\/wp-json\/wp\/v2\/posts"}],"about":[{"href":"https:\/\/www.europesays.com\/fr\/wp-json\/wp\/v2\/types\/post"}],"author":[{"embeddable":true,"href":"https:\/\/www.europesays.com\/fr\/wp-json\/wp\/v2\/users\/2"}],"replies":[{"embeddable":true,"href":"https:\/\/www.europesays.com\/fr\/wp-json\/wp\/v2\/comments?post=310017"}],"version-history":[{"count":0,"href":"https:\/\/www.europesays.com\/fr\/wp-json\/wp\/v2\/posts\/310017\/revisions"}],"wp:featuredmedia":[{"embeddable":true,"href":"https:\/\/www.europesays.com\/fr\/wp-json\/wp\/v2\/media\/310018"}],"wp:attachment":[{"href":"https:\/\/www.europesays.com\/fr\/wp-json\/wp\/v2\/media?parent=310017"}],"wp:term":[{"taxonomy":"category","embeddable":true,"href":"https:\/\/www.europesays.com\/fr\/wp-json\/wp\/v2\/categories?post=310017"},{"taxonomy":"post_tag","embeddable":true,"href":"https:\/\/www.europesays.com\/fr\/wp-json\/wp\/v2\/tags?post=310017"}],"curies":[{"name":"wp","href":"https:\/\/api.w.org\/{rel}","templated":true}]}}