{"id":310019,"date":"2025-08-10T19:14:11","date_gmt":"2025-08-10T19:14:11","guid":{"rendered":"https:\/\/www.europesays.com\/fr\/310019\/"},"modified":"2025-08-10T19:14:11","modified_gmt":"2025-08-10T19:14:11","slug":"le-film-dhorreur-evanouis-et-la-suite-de-freaky-friday-entrent-en-tete-du-box-office-nord-americain-actualites","status":"publish","type":"post","link":"https:\/\/www.europesays.com\/fr\/310019\/","title":{"rendered":"Le film d&rsquo;horreur \u00ab\u00a0Evanouis\u00a0\u00bb et la suite de \u00ab\u00a0Freaky Friday\u00a0\u00bb entrent en t\u00eate du box-office nord-am\u00e9ricain : Actualit\u00e9s"},"content":{"rendered":"<p class=\"lead \">Le film d&rsquo;horreur \u00ab\u00a0Evanouis\u00a0\u00bb et \u00ab\u00a0Freaky Friday 2: Encore dans la peau de ma m\u00e8re\u00a0\u00bb, sortis cette semaine, entrent directement en t\u00eate du box-office nord-am\u00e9ricain, d\u00e9logeant \u00ab\u00a0Les Bad Guys\u00a0\u00bb et les \u00ab\u00a0Quatre Fantastiques\u00a0\u00bb, selon les estimations dimanche du cabinet sp\u00e9cialis\u00e9 Exhibitor Relations.<\/p>\n<p class=\"lead \">D\u00e9j\u00e0 salu\u00e9 par la critique comme un \u00ab\u00a0classique\u00a0\u00bb du film d&rsquo;\u00e9pouvante, le thriller \u00ab\u00a0Evanouis\u00a0\u00bb se hisse \u00e0 la premi\u00e8re place avec 42,5 millions de dollars de recette pour ses premiers jours dans les salles obscures des Etats-Unis et du Canada.<\/p>\n<p class=\"lead \">Le long-m\u00e9trage de la Warner Bros., r\u00e9alis\u00e9 par Zach Cregger, avec Julia Garner et Josh Brolin, raconte la disparition inexpliqu\u00e9e dans une m\u00eame ville et en pleine nuit de tous les enfants d&rsquo;une seule classe &#8211; sauf un.<\/p>\n<p class=\"lead \">A la 2e place, c&rsquo;est le retour, plus de 20 ans apr\u00e8s, de la com\u00e9die \u00ab\u00a0Freaky Friday\u00a0\u00bb avec son 2e volet \u00ab\u00a0Encore dans la peau de m\u00e8re\u00a0\u00bb, Disney remettant en sc\u00e8ne la famille Coleman incarn\u00e9e par la star Jamie Lee Curtis et Lindsay Lohan. R\u00e9sultat: vingt-neuf millions de dollars r\u00e9colt\u00e9s.<\/p>\n<p class=\"lead \">Ces premi\u00e8re et seconde places d\u00e8s leur premier week-end sont qualifi\u00e9es respectivement d'\u00a0\u00bbextraordinaire\u00a0\u00bb et d'\u00a0\u00bbexcellente\u00a0\u00bb par l&rsquo;analyste de Franchise Entertainment Research, David Gross.<\/p>\n<p class=\"lead \">En troisi\u00e8me semaine d&rsquo;exploitation, le nouvel opus de Marvel et Disney \u00ab\u00a0Les Quatre Fantastiques: Premiers pas\u00a0\u00bb &#8211; avec Vanessa Kirby, Pedro Pascal et l&rsquo;une des stars de la s\u00e9rie \u00ab\u00a0The Bear\u00a0\u00bb, Ebon Moss-Bachrach &#8211; chute de son pi\u00e9destal jusqu&rsquo;\u00e0 la troisi\u00e8me place avec tout de m\u00eame 230 millions de dollars accumul\u00e9s aux Etats-Unis et au Canada. Il faut y ajouter 203 millions de dollars r\u00e9colt\u00e9s dans les cin\u00e9mas \u00e0 l&rsquo;international.<\/p>\n<p class=\"lead \">\u00ab\u00a0Les Bad Guys 2\u00a0\u00bb de Dreamworks Animations et Universal &#8211; une com\u00e9die polici\u00e8re animali\u00e8re pour tous les \u00e2ges &#8211; tombent de la deuxi\u00e8me \u00e0 la quatri\u00e8me place, malgr\u00e9 de bonnes critiques, avec 43 millions de dollars de recettes au total en deux semaines.<\/p>\n<p class=\"lead \">Enfin, \u00e0 la cinqui\u00e8me place on retrouve le remake d&rsquo;une des com\u00e9dies cultes des ann\u00e9es 1980, \u00ab\u00a0Y a-t-il un flic pour sauver le monde\u00a0\u00bb, cette fois avec Liam Neeson et Pamela Anderson. Trente-trois millions de dollars r\u00e9colt\u00e9s.<\/p>\n<p class=\"lead \">Voici le reste du top 10 avec les recettes du week-end:<\/p>\n<p class=\"lead \">6. \u00ab\u00a0Superman\u00a0\u00bb (7,8 millions de dollars)<\/p>\n<p class=\"lead \">7. \u00ab\u00a0Jurassic World: Renaissance\u00a0\u00bb (4,7 millions)<\/p>\n<p class=\"lead \">8. \u00ab\u00a0F1 &#8211; Le film\u00a0\u00bb (2,8 millions)<\/p>\n<p class=\"lead \">9. \u00ab\u00a0Together\u00a0\u00bb (2,6 millions)<\/p>\n<p class=\"lead \">10. \u00ab\u00a0Sketch\u00a0\u00bb (2,5 millions)<\/p>\n<p class=\"small font-weight-bold text-gray3 \"> publi\u00e9 le 10 ao\u00fbt \u00e0 20h01, AFP<\/p>\n<p>                             Partager<\/p>\n","protected":false},"excerpt":{"rendered":"Le film d&rsquo;horreur \u00ab\u00a0Evanouis\u00a0\u00bb et \u00ab\u00a0Freaky Friday 2: Encore dans la peau de ma m\u00e8re\u00a0\u00bb, sortis cette semaine,&hellip;\n","protected":false},"author":2,"featured_media":310020,"comment_status":"","ping_status":"","sticky":false,"template":"","format":"standard","meta":{"footnotes":""},"categories":[1354],"tags":[574,1972,58,59,1346,1011,27,1360,308],"class_list":{"0":"post-310019","1":"post","2":"type-post","3":"status-publish","4":"format-standard","5":"has-post-thumbnail","7":"category-films","8":"tag-canada","9":"tag-cinma","10":"tag-divertissement","11":"tag-entertainment","12":"tag-films","13":"tag-fr","14":"tag-france","15":"tag-movies","16":"tag-usa"},"share_on_mastodon":{"url":"https:\/\/pubeurope.com\/@fr\/115006070176677821","error":""},"_links":{"self":[{"href":"https:\/\/www.europesays.com\/fr\/wp-json\/wp\/v2\/posts\/310019","targetHints":{"allow":["GET"]}}],"collection":[{"href":"https:\/\/www.europesays.com\/fr\/wp-json\/wp\/v2\/posts"}],"about":[{"href":"https:\/\/www.europesays.com\/fr\/wp-json\/wp\/v2\/types\/post"}],"author":[{"embeddable":true,"href":"https:\/\/www.europesays.com\/fr\/wp-json\/wp\/v2\/users\/2"}],"replies":[{"embeddable":true,"href":"https:\/\/www.europesays.com\/fr\/wp-json\/wp\/v2\/comments?post=310019"}],"version-history":[{"count":0,"href":"https:\/\/www.europesays.com\/fr\/wp-json\/wp\/v2\/posts\/310019\/revisions"}],"wp:featuredmedia":[{"embeddable":true,"href":"https:\/\/www.europesays.com\/fr\/wp-json\/wp\/v2\/media\/310020"}],"wp:attachment":[{"href":"https:\/\/www.europesays.com\/fr\/wp-json\/wp\/v2\/media?parent=310019"}],"wp:term":[{"taxonomy":"category","embeddable":true,"href":"https:\/\/www.europesays.com\/fr\/wp-json\/wp\/v2\/categories?post=310019"},{"taxonomy":"post_tag","embeddable":true,"href":"https:\/\/www.europesays.com\/fr\/wp-json\/wp\/v2\/tags?post=310019"}],"curies":[{"name":"wp","href":"https:\/\/api.w.org\/{rel}","templated":true}]}}