{"id":310021,"date":"2025-08-10T19:15:23","date_gmt":"2025-08-10T19:15:23","guid":{"rendered":"https:\/\/www.europesays.com\/fr\/310021\/"},"modified":"2025-08-10T19:15:23","modified_gmt":"2025-08-10T19:15:23","slug":"5-sites-sante-vraiment-fiables-a-consulter-avant-de-paniquer-au-moindre-bobo","status":"publish","type":"post","link":"https:\/\/www.europesays.com\/fr\/310021\/","title":{"rendered":"5 sites sant\u00e9 vraiment fiables \u00e0 consulter avant de paniquer au moindre bobo"},"content":{"rendered":"<p>Qui n\u2019a jamais eu la mauvaise id\u00e9e, au moindre petit souci de sant\u00e9, de faire une recherche sur Internet ? De quoi bien paniquer, convaincus qu\u2019il faut courir aux urgences. Si vous tenez absolument \u00e0 vous informer sur la sant\u00e9 en ligne, voici plut\u00f4t 5 sites r\u00e9put\u00e9s pour leurs informations m\u00e9dicales fiables.<\/p>\n<p>\u00c0 l\u2019heure des vacances d\u2019\u00e9t\u00e9, la saison des maladies semble loin. Et pourtant, on peut tout \u00e0 fait \u00eatre malade en plein mois d\u2019ao\u00fbt. Nombreux sont alors celles et ceux qui vont demander des informations \u00e0 la toile\u2026 Mais qui n\u2019a jamais tap\u00e9 ses sympt\u00f4mes dans un moteur de recherche ? Le plus souvent pour se retrouver \u00e0 s\u2019autodiagnostiquer une maladie rare ou un cancer de l\u2019estomac, alors qu\u2019\u00e0 la base, vous aviez juste mal au pouce\u2026<\/p>\n<p>Pour vous \u00e9viter de nouveau ces m\u00e9saventures, voici une liste de quelques sites s\u00e9rieux, qui peuvent vous apporter des informations fiables sur la sant\u00e9 et les diff\u00e9rentes maladies recherch\u00e9es.<\/p>\n<p>Le Manuel MSD, le plus complet<\/p>\n<p><a href=\"https:\/\/www.numerama.com\/wp-content\/uploads\/2025\/08\/1-5.jpg\" target=\"_blank\" rel=\"noopener\"><img decoding=\"async\" width=\"1024\" height=\"576\" loading=\"lazy\" alt=\"Interface du site MSD Manuals \/\/ Source : Capture \u00e9cran -Diane Hassoun\" title=\"Interface du site MSD Manuals \/\/ Source : Capture \u00e9cran -Diane Hassoun\" class=\"wp-image-2049317 placeholder-default wp-image\" src=\"https:\/\/www.europesays.com\/fr\/wp-content\/uploads\/2025\/08\/1-5-1024x576.jpg\" \/><\/a>Interface du site MSD Manuals. \/\/ Source : Capture d\u2019\u00e9cran du site MSD Manuals<\/p>\n<p>Il s\u2019agit, \u00e0 l\u2019origine, de petits livres de r\u00e9f\u00e9rence publi\u00e9s pour les membres du corps m\u00e9dical et les pharmaciens dans les ann\u00e9es 1900. Avec le temps, ils se sont d\u00e9velopp\u00e9s et le manuel est pass\u00e9 \u00e0 la <a href=\"https:\/\/www.msdmanuals.com\/fr\/accueil\" data-type=\"link\" data-id=\"https:\/\/www.msdmanuals.com\/fr\/accueil\" target=\"_blank\" rel=\"noreferrer noopener\">version num\u00e9rique<\/a>, disponible gratuitement. Aujourd\u2019hui, ce site existe aussi sous forme d\u2019application.<\/p>\n<p>Un des gros points forts du Manuel MSD est que la plupart des articles sont \u00e9crits par des personnes ayant une formation dans le milieu m\u00e9dical, souvent des m\u00e9decins.<\/p>\n<p>Il existe une version \u00e9crite pour les patients, dans un langage accessible, mais \u00e9galement une version \u00e9crite dans un langage plus technique, pour les professionnels de sant\u00e9 qui chercheraient \u00e0 obtenir plus d\u2019informations sur une maladie ou un sympt\u00f4me. <\/p>\n<p>De nombreuses fiches sont mises \u00e0 disposition pour les patients. \u00c0 la fin, il y a la possibilit\u00e9 de faire un petit quizz pour tester sa compr\u00e9hension et ce qui a \u00e9t\u00e9 retenu de l\u2019article en question.<\/p>\n<p>Enfin, le site pr\u00e9sente autant d\u2019articles sur des maladies pr\u00e9cises que sur des sympt\u00f4mes. Ainsi, que vous cherchiez \u00ab mal au ventre \u00bb ou \u00ab gastro-ent\u00e9rite \u00bb, vous y trouverez g\u00e9n\u00e9ralement une fiche d\u00e9di\u00e9e. <\/p>\n<p>Vidal, la r\u00e9f\u00e9rence m\u00e9dicale et pharmaceutique<\/p>\n<p><a href=\"https:\/\/www.numerama.com\/wp-content\/uploads\/2025\/08\/2-4.jpg\" target=\"_blank\" rel=\"noopener\"><img decoding=\"async\" width=\"1024\" height=\"576\" loading=\"lazy\" alt=\"Interface du site Vidal  \/\/ Source : Capture d'\u00e9cran -Diane Hassoun\" title=\"Interface du site Vidal  \/\/ Source : Capture d'\u00e9cran -Diane Hassoun\" class=\"wp-image-2049319 placeholder-default wp-image\" src=\"https:\/\/www.europesays.com\/fr\/wp-content\/uploads\/2025\/08\/2-4-1024x576.jpg\" \/><\/a>Interface du site Vidal. \/\/ Source : Capture d\u2019\u00e9cran du site Vidal<\/p>\n<p>Vidal est une base de donn\u00e9es \u00ab agr\u00e9\u00e9e par la Haute Autorit\u00e9 de Sant\u00e9 (HAS) \u00bb, comme expliqu\u00e9 sur son site. Le site est mis \u00e0 jour quotidiennement, autant sur l\u2019information m\u00e9dicale et clinique que sur les produits pharmaceutiques.<\/p>\n<p>Ses auteurs sont constitu\u00e9s de professionnels de sant\u00e9 et du m\u00e9dicament. <\/p>\n<p>On y trouve des fiches et des articles, sur les sympt\u00f4mes et la maladie recherch\u00e9e. Certaines des fiches se terminent par la possibilit\u00e9 d\u2019acc\u00e9der \u00e0 une petite bande dessin\u00e9e sur des th\u00e8mes li\u00e9s \u00e0 celui consult\u00e9. Elles sont personnalisables (en fonction du genre et parfois de la situation de handicap ou pas). L\u2019id\u00e9e \u00e9tant d\u2019expliquer tr\u00e8s simplement et en image diff\u00e9rents th\u00e8mes (l\u2019expression de la douleur, <a href=\"https:\/\/www.numerama.com\/sciences\/1910739-tout-savoir-sur-les-ist-les-infections-sexuellement-transmissibles.html\" data-popover-target=\"definition\" data-tag=\"Tout savoir sur les IST (les infections sexuellement transmissibles)\" data-chapo=\"Les infections sexuellement transmissibles, autrefois appel\u00e9es les maladies sexuellement transmissibles, sont souvent asymptomatiques. Dans cet article, on revient sur ce qu&#039;est une IST, les principales IST et les moyens de d\u00e9pistages et les diff\u00e9rents traitements.\" data-image=\"https:\/\/c0.lestechnophiles.com\/www.numerama.com\/wp-content\/uploads\/2025\/04\/design-sans-titre-48-1024x576.jpg?key=7fdee241\" target=\"_blank\" rel=\"noopener\">les MST<\/a>, l\u2019IRM, le scanner etc).<\/p>\n<p>Ce site est aussi disponible sous forme d\u2019application. <\/p>\n<p>Certaines de ses fonctionnalit\u00e9s n\u00e9cessitent une inscription et le contenu r\u00e9serv\u00e9 aux professionnels de sant\u00e9 n\u2019est, lui aussi, accessible qu\u2019avec une inscription. <\/p>\n<p>Orphanet, le site sp\u00e9cialis\u00e9 dans les maladies rares<\/p>\n<p><a href=\"https:\/\/www.numerama.com\/wp-content\/uploads\/2025\/08\/3-4.jpg\" target=\"_blank\" rel=\"noopener\"><img decoding=\"async\" width=\"1024\" height=\"576\" loading=\"lazy\" alt=\"Interface du site d'Orphanet  \/\/ Source : Capture \u00e9cran-Diane Hassoun\" title=\"Interface du site d'Orphanet  \/\/ Source : Capture \u00e9cran-Diane Hassoun\" class=\"wp-image-2049321 placeholder-default wp-image\" src=\"https:\/\/www.europesays.com\/fr\/wp-content\/uploads\/2025\/08\/3-4-1024x576.jpg\" \/><\/a>Interface du site d\u2019Orphanet. \/\/ Source : Capture \u00e9cran du site d\u2019Orphanet<\/p>\n<p>Orphanet est un site de r\u00e9f\u00e9rence d\u00e9di\u00e9 aux maladies rares financ\u00e9 depuis les 20 derni\u00e8res ann\u00e9es par la Commission europ\u00e9enne. Son but est d\u2019am\u00e9liorer la visibilit\u00e9 des maladies rares et de fournir des informations de qualit\u00e9 sur celles-ci, afin d\u2019aider les patients mais aussi les soignants \u00e0 acc\u00e9der \u00e0 des informations fiables. Le site a aussi une plateforme, Ophadata qui \u00ab fournit des donn\u00e9es int\u00e9gr\u00e9es et r\u00e9utilisables \u00bb, explique le site.<\/p>\n<p>Lorsqu\u2019on recherche une maladie, le site fournit, en plus d\u2019une d\u00e9finition de la maladie, plusieurs documentations compl\u00e9mentaires. Certains documents sont d\u00e9di\u00e9s aux patients, d\u2019autres sont plut\u00f4t dirig\u00e9s vers les professionnels de sant\u00e9.<\/p>\n<p>Un volet du site est, par ailleurs, consacr\u00e9 aux m\u00e9dicaments orphelins. <\/p>\n<p>Inserm, le plus accessible<\/p>\n<p><a href=\"https:\/\/www.numerama.com\/wp-content\/uploads\/2025\/08\/4-4.jpg\" target=\"_blank\" rel=\"noopener\"><img decoding=\"async\" width=\"1024\" height=\"576\" loading=\"lazy\" alt=\"Interface du site de l'Inserm \/\/ Source : Capture \u00e9cran-Diane Hassoun\" title=\"Interface du site de l'Inserm \/\/ Source : Capture \u00e9cran-Diane Hassoun\" class=\"wp-image-2049323 placeholder-default wp-image\" src=\"https:\/\/www.europesays.com\/fr\/wp-content\/uploads\/2025\/08\/4-4-1024x576.jpg\" \/><\/a>Interface du site de l\u2019Inserm. \/\/ Source : Capture \u00e9cran du site de l\u2019Inserm<\/p>\n<p>L\u2019Institut national de la sant\u00e9 et de la recherche m\u00e9dicale existe depuis les ann\u00e9es 1960 et d\u00e9pend du minist\u00e8re de la Sant\u00e9 et du minist\u00e8re de la Recherche. C\u2019est un institut public qui s\u2019occupe de recherche m\u00e9dicale et biologique avec des laboratoires de recherche r\u00e9alisant des publications scientifiques, mais \u00e9galement des inventions et des brevets. Il est tr\u00e8s actif au niveau de la vulgarisation scientifique. En plus du site, on retrouve un magazine papier. Plusieurs \u00e9v\u00e8nements sont organis\u00e9s sur des th\u00e9matiques de sant\u00e9.<\/p>\n<p>Sur le site, il y a une cat\u00e9gorie d\u00e9di\u00e9e aux diff\u00e9rentes maladies ou th\u00e9matiques en lien avec la recherche biom\u00e9dicale. Les dossiers sont tr\u00e8s complets avec des explications approfondies sur les maladies, leurs risques, leurs solutions, mais aussi, l\u2019\u00e9tat des lieux de la recherche concernant ce sujet et quelles actualit\u00e9s y sont li\u00e9es.<\/p>\n<p>Amelie.fr, le site de l\u2019Assurance Maladie avec des fiches r\u00e9sum\u00e9es<\/p>\n<p><a href=\"https:\/\/www.numerama.com\/wp-content\/uploads\/2025\/08\/5-3.jpg\" target=\"_blank\" rel=\"noopener\"><img decoding=\"async\" width=\"1024\" height=\"576\" loading=\"lazy\" alt=\"Interface du site de l'Amelie \/\/ Source : Capture \u00e9cran-Diane Hassoun\" title=\"Interface du site de l'Amelie \/\/ Source : Capture \u00e9cran-Diane Hassoun\" class=\"wp-image-2049325 placeholder-default wp-image\" src=\"https:\/\/www.europesays.com\/fr\/wp-content\/uploads\/2025\/08\/5-3-1024x576.jpg\" \/><\/a>Interface du site de l\u2019Assurance Maladie. \/\/ Source : Capture \u00e9cran du site de l\u2019Amelie<\/p>\n<p>On l\u2019oublie souvent, cependant le site de la S\u00e9curit\u00e9 sociale poss\u00e8de tout un pan du site d\u00e9di\u00e9 \u00e0 des fiches sur les diff\u00e9rentes maladies. Plut\u00f4t d\u00e9di\u00e9 aux maladies fr\u00e9quentes et courantes, le site reste une bonne source d\u2019information fiable et compl\u00e8te, renvoyant vers ses sources scientifiques, ainsi que vers d\u2019autres th\u00e9matiques de sant\u00e9.<\/p>\n<p>D\u2019autres sites s\u00e9rieux, d\u00e9di\u00e9s \u00e0 des maladies sp\u00e9cifiques<\/p>\n<p><a href=\"https:\/\/www.numerama.com\/wp-content\/uploads\/2025\/08\/6-1.jpg\" target=\"_blank\" rel=\"noopener\"><img decoding=\"async\" width=\"1024\" height=\"576\" loading=\"lazy\" alt=\"Interface du site de l'Institut Pasteur \/\/ Source : Capture \u00e9cran-Diane Hassoun\" title=\"Interface du site de l'Institut Pasteur \/\/ Source : Capture \u00e9cran-Diane Hassoun\" class=\"wp-image-2049327 placeholder-default wp-image\" src=\"https:\/\/www.europesays.com\/fr\/wp-content\/uploads\/2025\/08\/6-1-1024x576.jpg\" \/><\/a>Interface du site de l\u2019Institut Pasteur. \/\/ Source : Capture \u00e9cran du site de l\u2019Institut Pasteur<\/p>\n<p>Enfin, il existe beaucoup de sites d\u2019information, g\u00e9n\u00e9ralement cr\u00e9\u00e9s par des associations d\u00e9di\u00e9es \u00e0 la maladie, mais \u00e9galement par des instituts sp\u00e9cialis\u00e9s.<\/p>\n<p>Par exemple, concernant les cancers de mani\u00e8re g\u00e9n\u00e9rale, il y a les sites de : <\/p>\n<ul class=\"wp-block-list\">\n<li>l\u2019Institut Gustave Roussy, h\u00f4pital sp\u00e9cialis\u00e9 en oncologie,<\/li>\n<li>l\u2019Institut national du cancer,<\/li>\n<li>\u00e0 l\u2019international, la soci\u00e9t\u00e9 canadienne du cancer.<\/li>\n<\/ul>\n<p>Quant aux pathologies infectieuses et aux maladies tropicales, vous pouvez consulter le site de l\u2019Institut Pasteur. Ses axes principaux de recherches concernent aussi le cancer et les maladies neurologiques.<\/p>\n<p>Enfin, pour ce qui a trait aux maladies neurologiques, vous pouvez consulter le site de l\u2019Institut du Cerveau.<\/p>\n<p>                <img decoding=\"async\" width=\"87\" height=\"87\" loading=\"lazy\" alt=\"Des boites de Doliprane. \/\/ Source : L\u00e9a Hamadi pour Numerama\" title=\"Des boites de Doliprane. \/\/ Source : L\u00e9a Hamadi pour Numerama\" class=\"placeholder-default wp-image\" src=\"https:\/\/www.europesays.com\/fr\/wp-content\/uploads\/2025\/08\/doliprane-paracetamol-120x120.jpg\" \/>            <\/p>\n<p>            <img decoding=\"async\" src=\"https:\/\/www.europesays.com\/fr\/wp-content\/uploads\/2025\/04\/iPhone-16-pro.png\" alt=\"Toute l'actu tech en un clien d'oeil\"\/><\/p>\n<p class=\"card-install-pwa__title\">Toute l&rsquo;actu tech en un clin d&rsquo;\u0153il<\/p>\n<p class=\"card-install-pwa__description\">Ajoutez Numerama \u00e0 votre \u00e9cran d&rsquo;accueil et restez connect\u00e9s au futur !<\/p>\n<p>            <img decoding=\"async\" src=\"https:\/\/www.numerama.com\/wp-content\/themes\/numerama-next\/assets\/images\/premium\/logo-card-pwa-coupe.svg\" alt=\"Logo PWA\"\/><\/p>\n<p>       Installer Numerama<\/p>\n","protected":false},"excerpt":{"rendered":"Qui n\u2019a jamais eu la mauvaise id\u00e9e, au moindre petit souci de sant\u00e9, de faire une recherche sur&hellip;\n","protected":false},"author":2,"featured_media":310022,"comment_status":"","ping_status":"","sticky":false,"template":"","format":"standard","meta":{"footnotes":""},"categories":[10],"tags":[12739,1011,27,72,6417,310,226,4454,959,71],"class_list":{"0":"post-310021","1":"post","2":"type-post","3":"status-publish","4":"format-standard","5":"has-post-thumbnail","7":"category-sante","8":"tag-corps-humain","9":"tag-fr","10":"tag-france","11":"tag-health","12":"tag-information","13":"tag-internet","14":"tag-maladie","15":"tag-numerama-plus","16":"tag-recherche","17":"tag-sante"},"share_on_mastodon":{"url":"https:\/\/pubeurope.com\/@fr\/115006074269770804","error":""},"_links":{"self":[{"href":"https:\/\/www.europesays.com\/fr\/wp-json\/wp\/v2\/posts\/310021","targetHints":{"allow":["GET"]}}],"collection":[{"href":"https:\/\/www.europesays.com\/fr\/wp-json\/wp\/v2\/posts"}],"about":[{"href":"https:\/\/www.europesays.com\/fr\/wp-json\/wp\/v2\/types\/post"}],"author":[{"embeddable":true,"href":"https:\/\/www.europesays.com\/fr\/wp-json\/wp\/v2\/users\/2"}],"replies":[{"embeddable":true,"href":"https:\/\/www.europesays.com\/fr\/wp-json\/wp\/v2\/comments?post=310021"}],"version-history":[{"count":0,"href":"https:\/\/www.europesays.com\/fr\/wp-json\/wp\/v2\/posts\/310021\/revisions"}],"wp:featuredmedia":[{"embeddable":true,"href":"https:\/\/www.europesays.com\/fr\/wp-json\/wp\/v2\/media\/310022"}],"wp:attachment":[{"href":"https:\/\/www.europesays.com\/fr\/wp-json\/wp\/v2\/media?parent=310021"}],"wp:term":[{"taxonomy":"category","embeddable":true,"href":"https:\/\/www.europesays.com\/fr\/wp-json\/wp\/v2\/categories?post=310021"},{"taxonomy":"post_tag","embeddable":true,"href":"https:\/\/www.europesays.com\/fr\/wp-json\/wp\/v2\/tags?post=310021"}],"curies":[{"name":"wp","href":"https:\/\/api.w.org\/{rel}","templated":true}]}}