{"id":310027,"date":"2025-08-10T19:18:16","date_gmt":"2025-08-10T19:18:16","guid":{"rendered":"https:\/\/www.europesays.com\/fr\/310027\/"},"modified":"2025-08-10T19:18:16","modified_gmt":"2025-08-10T19:18:16","slug":"apple-arriverait-encore-apres-tout-le-monde-avec-un-ecran-oled-pour-son-macbook-pro","status":"publish","type":"post","link":"https:\/\/www.europesays.com\/fr\/310027\/","title":{"rendered":"Apple arriverait encore apr\u00e8s tout le monde avec un \u00e9cran OLED pour son MacBook Pro"},"content":{"rendered":"<p>                    <a aria-label=\"Apple MacBook Air (M2)\" href=\"https:\/\/www.lesnumeriques.com\/ordinateur-portable\/apple-macbook-air-m2-10-gpu-8-go-512-go-p69673.html\" rel=\"nofollow noopener\" target=\"_blank\">Apple MacBook Air (M2)<\/a><\/p>\n<ul class=\"pr__m-pt__lst is--active\" data-table-content=\"0\">\n<li class=\"pr__m-pt__lst__itm \" role=\"listitem\">\n<p>            <a href=\"https:\/\/prix.lesnums.com\/offer\/eyJwcmljZUlkIjo0MjYxMTksInNpdGVJZCI6MSwib2ZmZXJJZCI6IjI1ZDJiNmRkLWQxZDgtNDYzYi1iMDVlLWE4MDU1M2ZiMjc4NyIsImZlZWRJZCI6MzQ1fQ==\" class=\"pr__m-pt__lst__itm__lnk js-price-lead js-track-price-url\" data-source=\"TP\" data-track-action=\"Back Market\" data-track-label=\"Apple MacBook Air (M2)\" data-track-brand=\"Apple\" data-track-price=\"850.00\" data-variant=\"Clic prix sortant variant merged_offers_new_refurbished\" target=\"_blank\" rel=\"nofollow noopener\" aria-label=\"Voir l&#039;offre\" title=\"MacBook Pro 13&quot; (2022) - Apple M2 avec CPU 8 c\u0153urs et GPU 10 c\u0153urs - 8Go RAM - SSD 256Go - AZERTY - Fran\u00e7ais\"><\/p>\n<p>                    <img decoding=\"async\" src=\"https:\/\/www.europesays.com\/fr\/wp-content\/uploads\/2025\/07\/1753646654_129_back-market-057fe0d2.png\" alt=\"Back Market\" loading=\"lazy\" intrinsicsize=\"16x16\" width=\"16\" height=\"16\"\/><br \/>\n                    Back Market<\/p>\n<p>\n                850,00\u00a0\u20acReconditionn\u00e9<\/p>\n<\/li>\n<ul>\n<li class=\"pr__m-pt__lst__itm is--in-dropdown\" data-secondhand=\"\">\n<p>                        <a href=\"https:\/\/prix.lesnums.com\/offer\/eyJwcmljZUlkIjo0MjYxMTksInNpdGVJZCI6MSwib2ZmZXJJZCI6IjI1ZDJiNmRkLWQxZDgtNDYzYi1iMDVlLWE4MDU1M2ZiMjc4NyIsImZlZWRJZCI6MzQ1fQ==\" class=\"pr__m-pt__lst__itm__lnk js-price-lead js-track-price-url\" data-source=\"TP\" data-track-action=\"Back Market\" data-track-label=\"Apple MacBook Air (M2)\" data-track-brand=\"Apple\" data-track-price=\"850.00\" data-variant=\"Clic prix sortant variant merged_offers_new_refurbished\" target=\"_blank\" rel=\"nofollow noopener\" aria-label=\"Voir l&#039;offre\" title=\"MacBook Pro 13&quot; (2022) - Apple M2 avec CPU 8 c\u0153urs et GPU 10 c\u0153urs - 8Go RAM - SSD 256Go - AZERTY - Fran\u00e7ais\"><\/p>\n<p>                                                                                                                        MacBook Pro 13&Prime; (2022) &#8211; Apple M2 avec CPU 8 c\u0153urs et GPU 10 c\u0153urs &#8211; 8Go&#8230;<\/p>\n<p>\n                            850,00\u00a0\u20acReconditionn\u00e9                        <\/p>\n<\/li>\n<li class=\"pr__m-pt__lst__itm is--in-dropdown\" data-secondhand=\"\">\n<p>                            <a href=\"https:\/\/prix.lesnums.com\/offer\/eyJwcmljZUlkIjo0MjYxMTksInNpdGVJZCI6MSwib2ZmZXJJZCI6IjJkMmVkMWU0LTQ3NGYtNGE2Yy04ZTA3LWQyNjdhNjM3NGQwZCIsImZlZWRJZCI6MzQ1fQ==\" class=\"pr__m-pt__lst__itm__lnk js-price-lead js-track-price-url\" data-source=\"TP\" data-track-action=\"Back Market\" data-track-label=\"Apple MacBook Air (M2)\" data-track-brand=\"Apple\" data-track-price=\"899.00\" data-variant=\"Clic prix sortant variant merged_offers_new_refurbished\" target=\"_blank\" rel=\"nofollow noopener\" aria-label=\"Voir l&#039;offre\" title=\"MacBook Air 13&quot; (2022) - Apple M2 avec CPU 8 c\u0153urs et GPU 8 c\u0153urs - 8Go RAM - SSD 256Go - AZERTY - Fran\u00e7ais\"><\/p>\n<p>                                                                                                                                    MacBook Air 13&Prime; (2022) &#8211; Apple M2 avec CPU 8 c\u0153urs et GPU 8 c\u0153urs &#8211; 8Go &#8230;<\/p>\n<p>\n                                899,00\u00a0\u20acReconditionn\u00e9                            <\/p>\n<\/li>\n<li class=\"pr__m-pt__lst__itm is--in-dropdown\" data-secondhand=\"\">\n<p>                            <a href=\"https:\/\/prix.lesnums.com\/offer\/eyJwcmljZUlkIjo0MTMxOTksInNpdGVJZCI6MSwib2ZmZXJJZCI6IjRiYzE0OTkxLTE1N2QtNDYwYi04ZjNmLThhOTQyNmIyMmY0OSIsImZlZWRJZCI6MzQ1fQ==\" class=\"pr__m-pt__lst__itm__lnk js-price-lead js-track-price-url\" data-source=\"TP\" data-track-action=\"Back Market\" data-track-label=\"Apple MacBook Air (M2)\" data-track-brand=\"Apple\" data-track-price=\"901.00\" data-variant=\"Clic prix sortant variant merged_offers_new_refurbished\" target=\"_blank\" rel=\"nofollow noopener\" aria-label=\"Voir l&#039;offre\" title=\"MacBook Air 13&quot; (2022) - Apple M2 avec CPU 8 c\u0153urs et GPU 10 c\u0153urs - 8Go RAM - SSD 512Go - AZERTY - Fran\u00e7ais\"><\/p>\n<p>                                                                                                                                    MacBook Air 13&Prime; (2022) &#8211; Apple M2 avec CPU 8 c\u0153urs et GPU 10 c\u0153urs &#8211; 8Go&#8230;<\/p>\n<p>\n                                901,00\u00a0\u20acReconditionn\u00e9                            <\/p>\n<\/li>\n<li class=\"pr__m-pt__lst__itm is--in-dropdown\" data-secondhand=\"\">\n<p>                            <a href=\"https:\/\/prix.lesnums.com\/offer\/eyJwcmljZUlkIjo0MjYxMTksInNpdGVJZCI6MSwib2ZmZXJJZCI6IjllMTMzNWIxLTA2NGItNGJkZS1iMDE3LWRlNmI2ODhkMjNiZiIsImZlZWRJZCI6MzQ1fQ==\" class=\"pr__m-pt__lst__itm__lnk js-price-lead js-track-price-url\" data-source=\"TP\" data-track-action=\"Back Market\" data-track-label=\"Apple MacBook Air (M2)\" data-track-brand=\"Apple\" data-track-price=\"943.13\" data-variant=\"Clic prix sortant variant merged_offers_new_refurbished\" target=\"_blank\" rel=\"nofollow noopener\" aria-label=\"Voir l&#039;offre\" title=\"MacBook Air 13&quot; (2022) - Apple M2 avec CPU 8 c\u0153urs et GPU 8 c\u0153urs - 8Go RAM - SSD 256Go - AZERTY - Fran\u00e7ais\"><\/p>\n<p>                                                                                                                                    MacBook Air 13&Prime; (2022) &#8211; Apple M2 avec CPU 8 c\u0153urs et GPU 8 c\u0153urs &#8211; 8Go &#8230;<\/p>\n<p>\n                                943,13\u00a0\u20acReconditionn\u00e9                            <\/p>\n<\/li>\n<\/ul>\n<li class=\"pr__m-pt__lst__itm \" role=\"listitem\">\n<p>            <a href=\"https:\/\/prix.lesnums.com\/offer\/eyJwcmljZUlkIjo0MjYxMTksInNpdGVJZCI6MSwib2ZmZXJJZCI6Ijg2NDk2MTk1NDIiLCJmZWVkSWQiOjEwMTl9\" class=\"pr__m-pt__lst__itm__lnk js-price-lead js-track-price-url\" data-source=\"TP\" data-track-action=\"Rakuten\" data-track-label=\"Apple MacBook Air (M2)\" data-track-brand=\"Apple\" data-track-price=\"999.98\" data-variant=\"Clic prix sortant variant merged_offers_new_refurbished\" target=\"_blank\" rel=\"nofollow noopener\" aria-label=\"Voir l&#039;offre\" title=\"Apple MacBook Air MLY33FN\/A - Mi-2022 - 13.6&quot; M2 8 Go RAM 256 Go SSD Noir AZERTY\"><\/p>\n<p>                    <img decoding=\"async\" src=\"https:\/\/www.europesays.com\/fr\/wp-content\/uploads\/2025\/08\/1754704757_481_rakuten-2632ec7e.jpg\" alt=\"Rakuten\" loading=\"lazy\" intrinsicsize=\"16x16\" width=\"16\" height=\"16\"\/><br \/>\n                    Rakuten<\/p>\n<p>\n                999,98\u00a0\u20ac                    Neuf<\/p>\n<\/li>\n<ul>\n<li class=\"pr__m-pt__lst__itm is--in-dropdown\">\n<p>                        <a href=\"https:\/\/prix.lesnums.com\/offer\/eyJwcmljZUlkIjo0MjYxMTksInNpdGVJZCI6MSwib2ZmZXJJZCI6Ijg2NDk2MTk1NDIiLCJmZWVkSWQiOjEwMTl9\" class=\"pr__m-pt__lst__itm__lnk js-price-lead js-track-price-url\" data-source=\"TP\" data-track-action=\"Rakuten\" data-track-label=\"Apple MacBook Air (M2)\" data-track-brand=\"Apple\" data-track-price=\"999.98\" data-variant=\"Clic prix sortant variant merged_offers_new_refurbished\" target=\"_blank\" rel=\"nofollow noopener\" aria-label=\"Voir l&#039;offre\" title=\"Apple MacBook Air MLY33FN\/A - Mi-2022 - 13.6&quot; M2 8 Go RAM 256 Go SSD Noir AZERTY\"><\/p>\n<p>                                                                                                                        Apple MacBook Air MLY33FN\/A &#8211; Mi-2022 &#8211; 13.6&Prime; M2 8 Go RAM 256 Go SSD Noi&#8230;<\/p>\n<p>\n                            999,98\u00a0\u20ac                                Neuf\n                                                    <\/p>\n<\/li>\n<li class=\"pr__m-pt__lst__itm is--in-dropdown\">\n<p>                            <a href=\"https:\/\/prix.lesnums.com\/offer\/eyJwcmljZUlkIjo0MTMxOTksInNpdGVJZCI6MSwib2ZmZXJJZCI6Ijg2ODQwNDcyMjgiLCJmZWVkSWQiOjEwMTl9\" class=\"pr__m-pt__lst__itm__lnk js-price-lead js-track-price-url\" data-source=\"TP\" data-track-action=\"Rakuten\" data-track-label=\"Apple MacBook Air (M2)\" data-track-brand=\"Apple\" data-track-price=\"1 118.98\" data-variant=\"Clic prix sortant variant merged_offers_new_refurbished\" target=\"_blank\" rel=\"nofollow noopener\" aria-label=\"Voir l&#039;offre\" title=\"Apple MacBook Air MLY43FN\/A - Mi-2022 - 13.6&quot; M2 8 Go RAM 512 Go SSD Noir AZERTY\"><\/p>\n<p>                                                                                                                                    Apple MacBook Air MLY43FN\/A &#8211; Mi-2022 &#8211; 13.6&Prime; M2 8 Go RAM 512 Go SSD Noi&#8230;<\/p>\n<p>\n                                1 118,98\u00a0\u20ac                                    Neuf\n                                                            <\/p>\n<\/li>\n<li class=\"pr__m-pt__lst__itm is--in-dropdown\">\n<p>                            <a href=\"https:\/\/prix.lesnums.com\/offer\/eyJwcmljZUlkIjo0MjYxMjEsInNpdGVJZCI6MSwib2ZmZXJJZCI6IjEzMTg5NDU3MDYxIiwiZmVlZElkIjoxMDE5fQ==\" class=\"pr__m-pt__lst__itm__lnk js-price-lead js-track-price-url\" data-source=\"TP\" data-track-action=\"Rakuten\" data-track-label=\"Apple MacBook Air (M2)\" data-track-brand=\"Apple\" data-track-price=\"1 407.99\" data-variant=\"Clic prix sortant variant merged_offers_new_refurbished\" target=\"_blank\" rel=\"nofollow noopener\" aria-label=\"Voir l&#039;offre\" title=\"Apple MacBook Air MC7V4FN\/A - Mi-2022 - 13.6&quot; M2 16 Go RAM 256 Go SSD Argent AZERTY\"><\/p>\n<p>                                                                                                                                    Apple MacBook Air MC7V4FN\/A &#8211; Mi-2022 &#8211; 13.6&Prime; M2 16 Go RAM 256 Go SSD Ar&#8230;<\/p>\n<p>\n                                1 407,99\u00a0\u20ac                                    Neuf\n                                                            <\/p>\n<\/li>\n<li class=\"pr__m-pt__lst__itm is--in-dropdown\">\n<p>                            <a href=\"https:\/\/prix.lesnums.com\/offer\/eyJwcmljZUlkIjo0MjYxMjEsInNpdGVJZCI6MSwib2ZmZXJJZCI6IjEzMTg5NDU2MzQ5IiwiZmVlZElkIjoxMDE5fQ==\" class=\"pr__m-pt__lst__itm__lnk js-price-lead js-track-price-url\" data-source=\"TP\" data-track-action=\"Rakuten\" data-track-label=\"Apple MacBook Air (M2)\" data-track-brand=\"Apple\" data-track-price=\"1 412.99\" data-variant=\"Clic prix sortant variant merged_offers_new_refurbished\" target=\"_blank\" rel=\"nofollow noopener\" aria-label=\"Voir l&#039;offre\" title=\"Apple MacBook Air MC7X4FN\/A - Mi-2022 - 13.6&quot; M2 16 Go RAM 256 Go SSD Noir AZERTY\"><\/p>\n<p>                                                                                                                                    Apple MacBook Air MC7X4FN\/A &#8211; Mi-2022 &#8211; 13.6&Prime; M2 16 Go RAM 256 Go SSD No&#8230;<\/p>\n<p>\n                                1 412,99\u00a0\u20ac                                    Neuf\n                                                            <\/p>\n<\/li>\n<\/ul>\n<li class=\"pr__m-pt__lst__itm \" role=\"listitem\">\n<p>            <a href=\"https:\/\/prix.lesnums.com\/offer\/eyJwcmljZUlkIjo0MjYxMTksInNpdGVJZCI6MSwib2ZmZXJJZCI6IjQxMzU1MzU5NTM1IiwiZmVlZElkIjoyNzF9\" class=\"pr__m-pt__lst__itm__lnk js-price-lead js-track-price-url\" data-source=\"TP\" data-track-action=\"Grosbill\" data-track-label=\"Apple MacBook Air (M2)\" data-track-brand=\"Apple\" data-track-price=\"1 014.99\" data-variant=\"Clic prix sortant variant merged_offers_new_refurbished\" target=\"_blank\" rel=\"nofollow noopener\" aria-label=\"Voir l&#039;offre\" title=\"Apple MacBook Air 13.6&quot; - WQXGA\/M2\/8Go\/256SSD\/Noir\"><\/p>\n<p>                    <img decoding=\"async\" src=\"https:\/\/www.europesays.com\/fr\/wp-content\/uploads\/2025\/07\/1753936358_88_grosbill-cba34a29.png\" alt=\"Grosbill\" loading=\"lazy\" intrinsicsize=\"16x16\" width=\"16\" height=\"16\"\/><br \/>\n                    Grosbill<\/p>\n<p>\n                1 014,99\u00a0\u20ac                    Neuf<\/p>\n<\/li>\n<ul>\n<li class=\"pr__m-pt__lst__itm is--in-dropdown\">\n<p>                        <a href=\"https:\/\/prix.lesnums.com\/offer\/eyJwcmljZUlkIjo0MjYxMTksInNpdGVJZCI6MSwib2ZmZXJJZCI6IjQxMzU1MzU5NTM1IiwiZmVlZElkIjoyNzF9\" class=\"pr__m-pt__lst__itm__lnk js-price-lead js-track-price-url\" data-source=\"TP\" data-track-action=\"Grosbill\" data-track-label=\"Apple MacBook Air (M2)\" data-track-brand=\"Apple\" data-track-price=\"1 014.99\" data-variant=\"Clic prix sortant variant merged_offers_new_refurbished\" target=\"_blank\" rel=\"nofollow noopener\" aria-label=\"Voir l&#039;offre\" title=\"Apple MacBook Air 13.6&quot; - WQXGA\/M2\/8Go\/256SSD\/Noir\"><\/p>\n<p>                                                                                                                        Apple MacBook Air 13.6&Prime; &#8211; WQXGA\/M2\/8Go\/256SSD\/Noir<\/p>\n<p>\n                            1 014,99\u00a0\u20ac                                Neuf\n                                                    <\/p>\n<\/li>\n<li class=\"pr__m-pt__lst__itm is--in-dropdown\">\n<p>                            <a href=\"https:\/\/prix.lesnums.com\/offer\/eyJwcmljZUlkIjo0MTMxOTksInNpdGVJZCI6MSwib2ZmZXJJZCI6IjQxODU2NzAyMDE1IiwiZmVlZElkIjoyNzF9\" class=\"pr__m-pt__lst__itm__lnk js-price-lead js-track-price-url\" data-source=\"TP\" data-track-action=\"Grosbill\" data-track-label=\"Apple MacBook Air (M2)\" data-track-brand=\"Apple\" data-track-price=\"1 149.00\" data-variant=\"Clic prix sortant variant merged_offers_new_refurbished\" target=\"_blank\" rel=\"nofollow noopener\" aria-label=\"Voir l&#039;offre\" title=\"Apple MacBook Air 13.6&quot; - WQXGA\/M2\/8Go\/512SSD\/Noir\"><\/p>\n<p>                                                                                                                                    Apple MacBook Air 13.6&Prime; &#8211; WQXGA\/M2\/8Go\/512SSD\/Noir<\/p>\n<p>\n                                1 149,00\u00a0\u20ac                                    Neuf\n                                                            <\/p>\n<\/li>\n<\/ul>\n<li class=\"pr__m-pt__lst__itm \" role=\"listitem\">\n<p>            <a href=\"https:\/\/prix.lesnums.com\/offer\/eyJwcmljZUlkIjo0MjYxMTksInNpdGVJZCI6MSwib2ZmZXJJZCI6IjA0MDAyMjU5IiwiZmVlZElkIjozMjF9\" class=\"pr__m-pt__lst__itm__lnk js-price-lead js-track-price-url\" data-source=\"TP\" data-track-action=\"Cybertek\" data-track-label=\"Apple MacBook Air (M2)\" data-track-brand=\"Apple\" data-track-price=\"1 069.90\" data-variant=\"Clic prix sortant variant merged_offers_new_refurbished\" target=\"_blank\" rel=\"nofollow noopener\" aria-label=\"Voir l&#039;offre\" title=\"Apple MacBook Air 13.6&quot; - WQXGA\/M2\/8Go\/256SSD\/Noir\"><\/p>\n<p>                    <img decoding=\"async\" src=\"https:\/\/www.europesays.com\/fr\/wp-content\/uploads\/2025\/07\/1753936360_862_cybertek-238ddc22.png\" alt=\"Cybertek\" loading=\"lazy\" intrinsicsize=\"16x16\" width=\"16\" height=\"16\"\/><br \/>\n                    Cybertek<\/p>\n<p>\n                1 069,90\u00a0\u20ac                    Neuf<\/p>\n<\/li>\n<ul>\n<li class=\"pr__m-pt__lst__itm is--in-dropdown\">\n<p>                        <a href=\"https:\/\/prix.lesnums.com\/offer\/eyJwcmljZUlkIjo0MjYxMTksInNpdGVJZCI6MSwib2ZmZXJJZCI6IjA0MDAyMjU5IiwiZmVlZElkIjozMjF9\" class=\"pr__m-pt__lst__itm__lnk js-price-lead js-track-price-url\" data-source=\"TP\" data-track-action=\"Cybertek\" data-track-label=\"Apple MacBook Air (M2)\" data-track-brand=\"Apple\" data-track-price=\"1 069.90\" data-variant=\"Clic prix sortant variant merged_offers_new_refurbished\" target=\"_blank\" rel=\"nofollow noopener\" aria-label=\"Voir l&#039;offre\" title=\"Apple MacBook Air 13.6&quot; - WQXGA\/M2\/8Go\/256SSD\/Noir\"><\/p>\n<p>                                                                                                                        Apple MacBook Air 13.6&Prime; &#8211; WQXGA\/M2\/8Go\/256SSD\/Noir<\/p>\n<p>\n                            1 069,90\u00a0\u20ac                                Neuf\n                                                    <\/p>\n<\/li>\n<li class=\"pr__m-pt__lst__itm is--in-dropdown\">\n<p>                            <a href=\"https:\/\/prix.lesnums.com\/offer\/eyJwcmljZUlkIjo0MTMxOTksInNpdGVJZCI6MSwib2ZmZXJJZCI6IjEyMDAwMDM5IiwiZmVlZElkIjozMjF9\" class=\"pr__m-pt__lst__itm__lnk js-price-lead js-track-price-url\" data-source=\"TP\" data-track-action=\"Cybertek\" data-track-label=\"Apple MacBook Air (M2)\" data-track-brand=\"Apple\" data-track-price=\"1 149.00\" data-variant=\"Clic prix sortant variant merged_offers_new_refurbished\" target=\"_blank\" rel=\"nofollow noopener\" aria-label=\"Voir l&#039;offre\" title=\"Apple MacBook Air 13.6&quot; - WQXGA\/M2\/8Go\/512SSD\/Noir\"><\/p>\n<p>                                                                                                                                    Apple MacBook Air 13.6&Prime; &#8211; WQXGA\/M2\/8Go\/512SSD\/Noir<\/p>\n<p>\n                                1 149,00\u00a0\u20ac                                    Neuf\n                                                            <\/p>\n<\/li>\n<\/ul>\n<li class=\"pr__m-pt__lst__itm \" role=\"listitem\">\n<p>            <a href=\"https:\/\/prix.lesnums.com\/offer\/eyJwcmljZUlkIjo0MjYxMjEsInNpdGVJZCI6MSwib2ZmZXJJZCI6ImluMjAwMjU2NDkiLCJmZWVkSWQiOjQzfQ==\" class=\"pr__m-pt__lst__itm__lnk js-price-lead js-track-price-url\" data-source=\"TP\" data-track-action=\"Top Achat\" data-track-label=\"Apple MacBook Air (M2)\" data-track-brand=\"Apple\" data-track-price=\"1 199.99\" data-variant=\"Clic prix sortant variant merged_offers_new_refurbished\" target=\"_blank\" rel=\"nofollow noopener\" aria-label=\"Voir l&#039;offre\" title=\"Apple MacBook Air M2 13&quot; (2022) - Minuit - 16 Go \/ 256 Go\"><\/p>\n<p>                    <img decoding=\"async\" src=\"https:\/\/www.europesays.com\/fr\/wp-content\/uploads\/2025\/08\/top-achat-0768a86c.png\" alt=\"Top Achat\" loading=\"lazy\" intrinsicsize=\"16x16\" width=\"16\" height=\"16\"\/><br \/>\n                    Top Achat<\/p>\n<p>\n                1 205,94\u00a0\u20ac                    Neuf<\/p>\n<\/li>\n<ul>\n<li class=\"pr__m-pt__lst__itm is--in-dropdown\">\n<p>                        <a href=\"https:\/\/prix.lesnums.com\/offer\/eyJwcmljZUlkIjo0MjYxMjEsInNpdGVJZCI6MSwib2ZmZXJJZCI6ImluMjAwMjU2NDkiLCJmZWVkSWQiOjQzfQ==\" class=\"pr__m-pt__lst__itm__lnk js-price-lead js-track-price-url\" data-source=\"TP\" data-track-action=\"Top Achat\" data-track-label=\"Apple MacBook Air (M2)\" data-track-brand=\"Apple\" data-track-price=\"1 199.99\" data-variant=\"Clic prix sortant variant merged_offers_new_refurbished\" target=\"_blank\" rel=\"nofollow noopener\" aria-label=\"Voir l&#039;offre\" title=\"Apple MacBook Air M2 13&quot; (2022) - Minuit - 16 Go \/ 256 Go\"><\/p>\n<p>                                                                                                                        Apple MacBook Air M2 13&Prime; (2022) &#8211; Minuit &#8211; 16 Go \/ 256 Go<\/p>\n<p>\n                            1 205,94\u00a0\u20ac                                Neuf\n                                                    <\/p>\n<\/li>\n<li class=\"pr__m-pt__lst__itm is--in-dropdown\">\n<p>                            <a href=\"https:\/\/prix.lesnums.com\/offer\/eyJwcmljZUlkIjo0MTMxOTksInNpdGVJZCI6MSwib2ZmZXJJZCI6ImluMjAwMTQxMjkiLCJmZWVkSWQiOjQzfQ==\" class=\"pr__m-pt__lst__itm__lnk js-price-lead js-track-price-url\" data-source=\"TP\" data-track-action=\"Top Achat\" data-track-label=\"Apple MacBook Air (M2)\" data-track-brand=\"Apple\" data-track-price=\"1 199.99\" data-variant=\"Clic prix sortant variant merged_offers_new_refurbished\" target=\"_blank\" rel=\"nofollow noopener\" aria-label=\"Voir l&#039;offre\" title=\"Apple MacBook Air M2 13&quot; (2022) - Lumi\u00e8re stellaire - 8 Go \/ 512 Go\"><\/p>\n<p>                                                                                                                                    Apple MacBook Air M2 13&Prime; (2022) &#8211; Lumi\u00e8re stellaire &#8211; 8 Go \/ 512 Go<\/p>\n<p>\n                                1 205,94\u00a0\u20ac                                    Neuf\n                                                            <\/p>\n<\/li>\n<li class=\"pr__m-pt__lst__itm is--in-dropdown\">\n<p>                            <a href=\"https:\/\/prix.lesnums.com\/offer\/eyJwcmljZUlkIjo0MjYxMjEsInNpdGVJZCI6MSwib2ZmZXJJZCI6ImluMjAwMjU2NDciLCJmZWVkSWQiOjQzfQ==\" class=\"pr__m-pt__lst__itm__lnk js-price-lead js-track-price-url\" data-source=\"TP\" data-track-action=\"Top Achat\" data-track-label=\"Apple MacBook Air (M2)\" data-track-brand=\"Apple\" data-track-price=\"1 199.99\" data-variant=\"Clic prix sortant variant merged_offers_new_refurbished\" target=\"_blank\" rel=\"nofollow noopener\" aria-label=\"Voir l&#039;offre\" title=\"Apple MacBook Air M2 13&quot; (2022) - Argent - 16 Go \/ 256 Go\"><\/p>\n<p>                                                                                                                                    Apple MacBook Air M2 13&Prime; (2022) &#8211; Argent &#8211; 16 Go \/ 256 Go<\/p>\n<p>\n                                1 205,94\u00a0\u20ac                                    Neuf\n                                                            <\/p>\n<\/li>\n<li class=\"pr__m-pt__lst__itm is--in-dropdown\">\n<p>                            <a href=\"https:\/\/prix.lesnums.com\/offer\/eyJwcmljZUlkIjo0MjYxMjEsInNpdGVJZCI6MSwib2ZmZXJJZCI6ImluMjAwMjU2NDUiLCJmZWVkSWQiOjQzfQ==\" class=\"pr__m-pt__lst__itm__lnk js-price-lead js-track-price-url\" data-source=\"TP\" data-track-action=\"Top Achat\" data-track-label=\"Apple MacBook Air (M2)\" data-track-brand=\"Apple\" data-track-price=\"1 199.99\" data-variant=\"Clic prix sortant variant merged_offers_new_refurbished\" target=\"_blank\" rel=\"nofollow noopener\" aria-label=\"Voir l&#039;offre\" title=\"Apple MacBook Air M2 13&quot; (2022) - Gris sid\u00e9ral - 16 Go \/ 256 Go\"><\/p>\n<p>                                                                                                                                    Apple MacBook Air M2 13&Prime; (2022) &#8211; Gris sid\u00e9ral &#8211; 16 Go \/ 256 Go<\/p>\n<p>\n                                1 205,94\u00a0\u20ac                                    Neuf\n                                                            <\/p>\n<\/li>\n<li class=\"pr__m-pt__lst__itm is--in-dropdown\">\n<p>                            <a href=\"https:\/\/prix.lesnums.com\/offer\/eyJwcmljZUlkIjo0MTMxOTksInNpdGVJZCI6MSwib2ZmZXJJZCI6ImluMjAwMTQxMzMiLCJmZWVkSWQiOjQzfQ==\" class=\"pr__m-pt__lst__itm__lnk js-price-lead js-track-price-url\" data-source=\"TP\" data-track-action=\"Top Achat\" data-track-label=\"Apple MacBook Air (M2)\" data-track-brand=\"Apple\" data-track-price=\"1 319.99\" data-variant=\"Clic prix sortant variant merged_offers_new_refurbished\" target=\"_blank\" rel=\"nofollow noopener\" aria-label=\"Voir l&#039;offre\" title=\"Apple MacBook Air M2 13&quot; (2022) - Minuit - 8 Go \/ 512 Go\"><\/p>\n<p>                                                                                                                                    Apple MacBook Air M2 13&Prime; (2022) &#8211; Minuit &#8211; 8 Go \/ 512 Go<\/p>\n<p>\n                                1 325,94\u00a0\u20ac                                    Neuf\n                                                            <\/p>\n<\/li>\n<\/ul>\n<li class=\"pr__m-pt__lst__itm \" role=\"listitem\">\n<p>            <a href=\"https:\/\/prix.lesnums.com\/offer\/eyJwcmljZUlkIjo0MjYxMjEsInNpdGVJZCI6MSwib2ZmZXJJZCI6IkFSMjAyNDEwMzEwMDA5IiwiZmVlZElkIjozNX0=\" class=\"pr__m-pt__lst__itm__lnk js-price-lead js-track-price-url\" data-source=\"TP\" data-track-action=\"LDLC\" data-track-label=\"Apple MacBook Air (M2)\" data-track-brand=\"Apple\" data-track-price=\"1 199.00\" data-variant=\"Clic prix sortant variant merged_offers_new_refurbished\" target=\"_blank\" rel=\"nofollow noopener\" aria-label=\"Voir l&#039;offre\" title=\"Apple MacBook Air M2 13 pouces (2022) Gris sid\u00e9ral 16 Go\/256 Go (MC7U4FN\/A)\"><\/p>\n<p>                    <img decoding=\"async\" src=\"https:\/\/www.europesays.com\/fr\/wp-content\/uploads\/2025\/08\/1754827239_171_ldlc-20229832.png\" alt=\"LDLC\" loading=\"lazy\" intrinsicsize=\"16x16\" width=\"16\" height=\"16\"\/><br \/>\n                    LDLC<\/p>\n<p>\n                1 205,95\u00a0\u20ac                    Neuf<\/p>\n<\/li>\n<ul>\n<li class=\"pr__m-pt__lst__itm is--in-dropdown\">\n<p>                        <a href=\"https:\/\/prix.lesnums.com\/offer\/eyJwcmljZUlkIjo0MjYxMjEsInNpdGVJZCI6MSwib2ZmZXJJZCI6IkFSMjAyNDEwMzEwMDA5IiwiZmVlZElkIjozNX0=\" class=\"pr__m-pt__lst__itm__lnk js-price-lead js-track-price-url\" data-source=\"TP\" data-track-action=\"LDLC\" data-track-label=\"Apple MacBook Air (M2)\" data-track-brand=\"Apple\" data-track-price=\"1 199.00\" data-variant=\"Clic prix sortant variant merged_offers_new_refurbished\" target=\"_blank\" rel=\"nofollow noopener\" aria-label=\"Voir l&#039;offre\" title=\"Apple MacBook Air M2 13 pouces (2022) Gris sid\u00e9ral 16 Go\/256 Go (MC7U4FN\/A)\"><\/p>\n<p>                                                                                                                        Apple MacBook Air M2 13 pouces (2022) Gris sid\u00e9ral 16 Go\/256 Go (MC7U4FN&#8230;<\/p>\n<p>\n                            1 205,95\u00a0\u20ac                                Neuf\n                                                    <\/p>\n<\/li>\n<li class=\"pr__m-pt__lst__itm is--in-dropdown\">\n<p>                            <a href=\"https:\/\/prix.lesnums.com\/offer\/eyJwcmljZUlkIjo0MTMxOTksInNpdGVJZCI6MSwib2ZmZXJJZCI6IkFSMjAyMjA2MDkwMTMxIiwiZmVlZElkIjozNX0=\" class=\"pr__m-pt__lst__itm__lnk js-price-lead js-track-price-url\" data-source=\"TP\" data-track-action=\"LDLC\" data-track-label=\"Apple MacBook Air (M2)\" data-track-brand=\"Apple\" data-track-price=\"1 199.00\" data-variant=\"Clic prix sortant variant merged_offers_new_refurbished\" target=\"_blank\" rel=\"nofollow noopener\" aria-label=\"Voir l&#039;offre\" title=\"Apple MacBook Air M2 13 pouces (2022) Lumi\u00e8re stellaire 8Go\/512 Go (MLY23FN\/A)\"><\/p>\n<p>                                                                                                                                    Apple MacBook Air M2 13 pouces (2022) Lumi\u00e8re stellaire 8Go\/512 Go (MLY2&#8230;<\/p>\n<p>\n                                1 206,95\u00a0\u20ac                                    Neuf\n                                                            <\/p>\n<\/li>\n<li class=\"pr__m-pt__lst__itm is--in-dropdown\">\n<p>                            <a href=\"https:\/\/prix.lesnums.com\/offer\/eyJwcmljZUlkIjo0MTMxOTksInNpdGVJZCI6MSwib2ZmZXJJZCI6IkFSMjAyMjA2MDkwMTMzIiwiZmVlZElkIjozNX0=\" class=\"pr__m-pt__lst__itm__lnk js-price-lead js-track-price-url\" data-source=\"TP\" data-track-action=\"LDLC\" data-track-label=\"Apple MacBook Air (M2)\" data-track-brand=\"Apple\" data-track-price=\"1 199.00\" data-variant=\"Clic prix sortant variant merged_offers_new_refurbished\" target=\"_blank\" rel=\"nofollow noopener\" aria-label=\"Voir l&#039;offre\" title=\"Apple MacBook Air M2 13 pouces (2022) Minuit 8Go\/512 Go (MLY43FN\/A)\"><\/p>\n<p>                                                                                                                                    Apple MacBook Air M2 13 pouces (2022) Minuit 8Go\/512 Go (MLY43FN\/A)<\/p>\n<p>\n                                1 206,95\u00a0\u20ac                                    Neuf\n                                                            <\/p>\n<\/li>\n<li class=\"pr__m-pt__lst__itm is--in-dropdown\">\n<p>                            <a href=\"https:\/\/prix.lesnums.com\/offer\/eyJwcmljZUlkIjo0MjYxMjEsInNpdGVJZCI6MSwib2ZmZXJJZCI6IkFSMjAyNDEwMzEwMDExIiwiZmVlZElkIjozNX0=\" class=\"pr__m-pt__lst__itm__lnk js-price-lead js-track-price-url\" data-source=\"TP\" data-track-action=\"LDLC\" data-track-label=\"Apple MacBook Air (M2)\" data-track-brand=\"Apple\" data-track-price=\"1 199.00\" data-variant=\"Clic prix sortant variant merged_offers_new_refurbished\" target=\"_blank\" rel=\"nofollow noopener\" aria-label=\"Voir l&#039;offre\" title=\"Apple MacBook Air M2 13 pouces (2022) Argent 16 Go\/256 Go (MC7V4FN\/A)\"><\/p>\n<p>                                                                                                                                    Apple MacBook Air M2 13 pouces (2022) Argent 16 Go\/256 Go (MC7V4FN\/A)<\/p>\n<p>\n                                1 206,95\u00a0\u20ac                                    Neuf\n                                                            <\/p>\n<\/li>\n<li class=\"pr__m-pt__lst__itm is--in-dropdown\">\n<p>                            <a href=\"https:\/\/prix.lesnums.com\/offer\/eyJwcmljZUlkIjo0MjYxMjEsInNpdGVJZCI6MSwib2ZmZXJJZCI6IkFSMjAyNDEwMzEwMDE0IiwiZmVlZElkIjozNX0=\" class=\"pr__m-pt__lst__itm__lnk js-price-lead js-track-price-url\" data-source=\"TP\" data-track-action=\"LDLC\" data-track-label=\"Apple MacBook Air (M2)\" data-track-brand=\"Apple\" data-track-price=\"1 199.00\" data-variant=\"Clic prix sortant variant merged_offers_new_refurbished\" target=\"_blank\" rel=\"nofollow noopener\" aria-label=\"Voir l&#039;offre\" title=\"Apple MacBook Air M2 13 pouces (2022) Minuit 16 Go\/256 Go (MC7X4FN\/A)\"><\/p>\n<p>                                                                                                                                    Apple MacBook Air M2 13 pouces (2022) Minuit 16 Go\/256 Go (MC7X4FN\/A)<\/p>\n<p>\n                                1 207,95\u00a0\u20ac                                    Neuf\n                                                            <\/p>\n<\/li>\n<\/ul>\n<li class=\"pr__m-pt__lst__itm \" role=\"listitem\">\n<p>            <a href=\"https:\/\/prix.lesnums.com\/offer\/eyJwcmljZUlkIjo0MjYxMjEsInNpdGVJZCI6MSwib2ZmZXJJZCI6IkFSMjAyNDEwMzEwMDA5IiwiZmVlZElkIjoyMX0=\" class=\"pr__m-pt__lst__itm__lnk js-price-lead js-track-price-url\" data-source=\"TP\" data-track-action=\"Materiel.net\" data-track-label=\"Apple MacBook Air (M2)\" data-track-brand=\"Apple\" data-track-price=\"1 199.00\" data-variant=\"Clic prix sortant variant merged_offers_new_refurbished\" target=\"_blank\" rel=\"nofollow noopener\" aria-label=\"Voir l&#039;offre\" title=\"Apple MacBook Air M2 13 pouces (2022) Gris sid\u00e9ral 16 Go\/256 Go (MC7U4FN\/A)\"><\/p>\n<p>                    <img decoding=\"async\" src=\"https:\/\/www.europesays.com\/fr\/wp-content\/uploads\/2025\/08\/1754827240_599_materiel-net-43765fde.png\" alt=\"Materiel.net\" loading=\"lazy\" intrinsicsize=\"16x16\" width=\"16\" height=\"16\"\/><br \/>\n                    Materiel.net<\/p>\n<p>\n                1 205,95\u00a0\u20ac                    Neuf<\/p>\n<\/li>\n<ul>\n<li class=\"pr__m-pt__lst__itm is--in-dropdown\">\n<p>                        <a href=\"https:\/\/prix.lesnums.com\/offer\/eyJwcmljZUlkIjo0MjYxMjEsInNpdGVJZCI6MSwib2ZmZXJJZCI6IkFSMjAyNDEwMzEwMDA5IiwiZmVlZElkIjoyMX0=\" class=\"pr__m-pt__lst__itm__lnk js-price-lead js-track-price-url\" data-source=\"TP\" data-track-action=\"Materiel.net\" data-track-label=\"Apple MacBook Air (M2)\" data-track-brand=\"Apple\" data-track-price=\"1 199.00\" data-variant=\"Clic prix sortant variant merged_offers_new_refurbished\" target=\"_blank\" rel=\"nofollow noopener\" aria-label=\"Voir l&#039;offre\" title=\"Apple MacBook Air M2 13 pouces (2022) Gris sid\u00e9ral 16 Go\/256 Go (MC7U4FN\/A)\"><\/p>\n<p>                                                                                                                        Apple MacBook Air M2 13 pouces (2022) Gris sid\u00e9ral 16 Go\/256 Go (MC7U4FN&#8230;<\/p>\n<p>\n                            1 205,95\u00a0\u20ac                                Neuf\n                                                    <\/p>\n<\/li>\n<li class=\"pr__m-pt__lst__itm is--in-dropdown\">\n<p>                            <a href=\"https:\/\/prix.lesnums.com\/offer\/eyJwcmljZUlkIjo0MTMxOTksInNpdGVJZCI6MSwib2ZmZXJJZCI6IkFSMjAyMjA2MDkwMTMzIiwiZmVlZElkIjoyMX0=\" class=\"pr__m-pt__lst__itm__lnk js-price-lead js-track-price-url\" data-source=\"TP\" data-track-action=\"Materiel.net\" data-track-label=\"Apple MacBook Air (M2)\" data-track-brand=\"Apple\" data-track-price=\"1 199.00\" data-variant=\"Clic prix sortant variant merged_offers_new_refurbished\" target=\"_blank\" rel=\"nofollow noopener\" aria-label=\"Voir l&#039;offre\" title=\"Apple MacBook Air M2 (2022) Minuit (MLY43FN\/A)\"><\/p>\n<p>                                                                                                                                    Apple MacBook Air M2 (2022) Minuit (MLY43FN\/A)<\/p>\n<p>\n                                1 206,95\u00a0\u20ac                                    Neuf\n                                                            <\/p>\n<\/li>\n<li class=\"pr__m-pt__lst__itm is--in-dropdown\">\n<p>                            <a href=\"https:\/\/prix.lesnums.com\/offer\/eyJwcmljZUlkIjo0MTMxOTksInNpdGVJZCI6MSwib2ZmZXJJZCI6IkFSMjAyMjA2MDkwMTMxIiwiZmVlZElkIjoyMX0=\" class=\"pr__m-pt__lst__itm__lnk js-price-lead js-track-price-url\" data-source=\"TP\" data-track-action=\"Materiel.net\" data-track-label=\"Apple MacBook Air (M2)\" data-track-brand=\"Apple\" data-track-price=\"1 199.00\" data-variant=\"Clic prix sortant variant merged_offers_new_refurbished\" target=\"_blank\" rel=\"nofollow noopener\" aria-label=\"Voir l&#039;offre\" title=\"Apple MacBook Air M2 (2022) Lumi\u00e8re stellaire (MLY23FN\/A)\"><\/p>\n<p>                                                                                                                                    Apple MacBook Air M2 (2022) Lumi\u00e8re stellaire (MLY23FN\/A)<\/p>\n<p>\n                                1 206,95\u00a0\u20ac                                    Neuf\n                                                            <\/p>\n<\/li>\n<li class=\"pr__m-pt__lst__itm is--in-dropdown\">\n<p>                            <a href=\"https:\/\/prix.lesnums.com\/offer\/eyJwcmljZUlkIjo0MjYxMjEsInNpdGVJZCI6MSwib2ZmZXJJZCI6IkFSMjAyNDEwMzEwMDExIiwiZmVlZElkIjoyMX0=\" class=\"pr__m-pt__lst__itm__lnk js-price-lead js-track-price-url\" data-source=\"TP\" data-track-action=\"Materiel.net\" data-track-label=\"Apple MacBook Air (M2)\" data-track-brand=\"Apple\" data-track-price=\"1 199.00\" data-variant=\"Clic prix sortant variant merged_offers_new_refurbished\" target=\"_blank\" rel=\"nofollow noopener\" aria-label=\"Voir l&#039;offre\" title=\"Apple MacBook Air M2 13 pouces (2022) Argent 16 Go\/256 Go (MC7V4FN\/A)\"><\/p>\n<p>                                                                                                                                    Apple MacBook Air M2 13 pouces (2022) Argent 16 Go\/256 Go (MC7V4FN\/A)<\/p>\n<p>\n                                1 206,95\u00a0\u20ac                                    Neuf\n                                                            <\/p>\n<\/li>\n<li class=\"pr__m-pt__lst__itm is--in-dropdown\">\n<p>                            <a href=\"https:\/\/prix.lesnums.com\/offer\/eyJwcmljZUlkIjo0MjYxMjEsInNpdGVJZCI6MSwib2ZmZXJJZCI6IkFSMjAyNDEwMzEwMDE0IiwiZmVlZElkIjoyMX0=\" class=\"pr__m-pt__lst__itm__lnk js-price-lead js-track-price-url\" data-source=\"TP\" data-track-action=\"Materiel.net\" data-track-label=\"Apple MacBook Air (M2)\" data-track-brand=\"Apple\" data-track-price=\"1 199.00\" data-variant=\"Clic prix sortant variant merged_offers_new_refurbished\" target=\"_blank\" rel=\"nofollow noopener\" aria-label=\"Voir l&#039;offre\" title=\"Apple MacBook Air M2 13 pouces (2022) Minuit 16 Go\/256 Go (MC7X4FN\/A)\"><\/p>\n<p>                                                                                                                                    Apple MacBook Air M2 13 pouces (2022) Minuit 16 Go\/256 Go (MC7X4FN\/A)<\/p>\n<p>\n                                1 206,95\u00a0\u20ac                                    Neuf\n                                                            <\/p>\n<\/li>\n<\/ul>\n<li class=\"pr__m-pt__lst__itm \" role=\"listitem\">\n<p>            <a href=\"https:\/\/prix.lesnums.com\/offer\/eyJwcmljZUlkIjo0MTMxOTksInNpdGVJZCI6MSwib2ZmZXJJZCI6IjAxOTQyNTMwODI2NDQiLCJmZWVkSWQiOjg0M30=\" class=\"pr__m-pt__lst__itm__lnk js-price-lead js-track-price-url\" data-source=\"TP\" data-track-action=\"E. Leclerc - High-Tech\" data-track-label=\"Apple MacBook Air (M2)\" data-track-brand=\"Apple\" data-track-price=\"1 369.00\" data-variant=\"Clic prix sortant variant merged_offers_new_refurbished\" target=\"_blank\" rel=\"nofollow noopener\" aria-label=\"Voir l&#039;offre\" title=\"Apple MacBook Air Ordinateur portable 34,5 cm (13.6&quot;) Apple M M2 8 Go 512 Go SSD Wi-Fi 6 (802.11ax) macOS Monterey Beige\"><\/p>\n<p>                    <img decoding=\"async\" src=\"https:\/\/www.europesays.com\/fr\/wp-content\/uploads\/2025\/08\/1754827242_564_e-leclerc-high-tech-b25e39aa.png\" alt=\"E. Leclerc - High-Tech\" loading=\"lazy\" intrinsicsize=\"16x16\" width=\"16\" height=\"16\"\/><br \/>\n                    E. Leclerc &#8211; High-Tech<\/p>\n<p>\n                1 374,90\u00a0\u20ac                    Neuf<\/p>\n<\/li>\n<li class=\"pr__m-pt__lst__itm \" role=\"listitem\">\n<p>            <a href=\"https:\/\/prix.lesnums.com\/offer\/eyJwcmljZUlkIjo0MjYxMjEsInNpdGVJZCI6MSwib2ZmZXJJZCI6IjM0NjkyMyIsImZlZWRJZCI6MTE4NX0=\" class=\"pr__m-pt__lst__itm__lnk js-price-lead js-track-price-url\" data-source=\"TP\" data-track-action=\"Pixmania\" data-track-label=\"Apple MacBook Air (M2)\" data-track-brand=\"Apple\" data-track-price=\"1 382.99\" data-variant=\"Clic prix sortant variant merged_offers_new_refurbished\" target=\"_blank\" rel=\"nofollow noopener\" aria-label=\"Voir l&#039;offre\" title=\"MacBook Air M2 (13.6 ) 16 Go 256 Go SSD Wi-Fi 6 (802.11ax) macOS Sonoma Gris - AZERTY\"><\/p>\n<p>                    <img decoding=\"async\" src=\"https:\/\/www.europesays.com\/fr\/wp-content\/uploads\/2025\/08\/1754732001_439_pixmania-d02b3e81.png\" alt=\"Pixmania\" loading=\"lazy\" intrinsicsize=\"16x16\" width=\"16\" height=\"16\"\/><br \/>\n                    Pixmania<\/p>\n<p>\n                1 382,99\u00a0\u20ac                    Neuf<\/p>\n<\/li>\n<ul>\n<li class=\"pr__m-pt__lst__itm is--in-dropdown\">\n<p>                        <a href=\"https:\/\/prix.lesnums.com\/offer\/eyJwcmljZUlkIjo0MjYxMjEsInNpdGVJZCI6MSwib2ZmZXJJZCI6IjM0NjkyMyIsImZlZWRJZCI6MTE4NX0=\" class=\"pr__m-pt__lst__itm__lnk js-price-lead js-track-price-url\" data-source=\"TP\" data-track-action=\"Pixmania\" data-track-label=\"Apple MacBook Air (M2)\" data-track-brand=\"Apple\" data-track-price=\"1 382.99\" data-variant=\"Clic prix sortant variant merged_offers_new_refurbished\" target=\"_blank\" rel=\"nofollow noopener\" aria-label=\"Voir l&#039;offre\" title=\"MacBook Air M2 (13.6 ) 16 Go 256 Go SSD Wi-Fi 6 (802.11ax) macOS Sonoma Gris - AZERTY\"><\/p>\n<p>                                                                                                                        MacBook Air M2 (13.6 ) 16 Go 256 Go SSD Wi-Fi 6 (802.11ax) macOS Sonoma &#8230;<\/p>\n<p>\n                            1 382,99\u00a0\u20ac                                Neuf\n                                                    <\/p>\n<\/li>\n<li class=\"pr__m-pt__lst__itm is--in-dropdown\">\n<p>                            <a href=\"https:\/\/prix.lesnums.com\/offer\/eyJwcmljZUlkIjo0MjYxMjEsInNpdGVJZCI6MSwib2ZmZXJJZCI6IjM1NTI4NyIsImZlZWRJZCI6MTE4NX0=\" class=\"pr__m-pt__lst__itm__lnk js-price-lead js-track-price-url\" data-source=\"TP\" data-track-action=\"Pixmania\" data-track-label=\"Apple MacBook Air (M2)\" data-track-brand=\"Apple\" data-track-price=\"1 389.99\" data-variant=\"Clic prix sortant variant merged_offers_new_refurbished\" target=\"_blank\" rel=\"nofollow noopener\" aria-label=\"Voir l&#039;offre\" title=\"MacBook Air M2 (13.6 ) 16 Go 256 Go SSD Wi-Fi 6 (802.11ax) macOS Sonoma Argent - AZERTY\"><\/p>\n<p>                                                                                                                                    MacBook Air M2 (13.6 ) 16 Go 256 Go SSD Wi-Fi 6 (802.11ax) macOS Sonoma &#8230;<\/p>\n<p>\n                                1 389,99\u00a0\u20ac                                    Neuf\n                                                            <\/p>\n<\/li>\n<li class=\"pr__m-pt__lst__itm is--in-dropdown\">\n<p>                            <a href=\"https:\/\/prix.lesnums.com\/offer\/eyJwcmljZUlkIjo0MjYxMjEsInNpdGVJZCI6MSwib2ZmZXJJZCI6IjM0NjkyNyIsImZlZWRJZCI6MTE4NX0=\" class=\"pr__m-pt__lst__itm__lnk js-price-lead js-track-price-url\" data-source=\"TP\" data-track-action=\"Pixmania\" data-track-label=\"Apple MacBook Air (M2)\" data-track-brand=\"Apple\" data-track-price=\"1 397.99\" data-variant=\"Clic prix sortant variant merged_offers_new_refurbished\" target=\"_blank\" rel=\"nofollow noopener\" aria-label=\"Voir l&#039;offre\" title=\"MacBook Air M2 (13.6 ) 16 Go 256 Go SSD Wi-Fi 6 (802.11ax) macOS Sonoma Marine - AZERTY\"><\/p>\n<p>                                                                                                                                    MacBook Air M2 (13.6 ) 16 Go 256 Go SSD Wi-Fi 6 (802.11ax) macOS Sonoma &#8230;<\/p>\n<p>\n                                1 397,99\u00a0\u20ac                                    Neuf\n                                                            <\/p>\n<\/li>\n<li class=\"pr__m-pt__lst__itm is--in-dropdown\">\n<p>                            <a href=\"https:\/\/prix.lesnums.com\/offer\/eyJwcmljZUlkIjo0MTMxOTksInNpdGVJZCI6MSwib2ZmZXJJZCI6IjEwMTg1MSIsImZlZWRJZCI6MTE4NX0=\" class=\"pr__m-pt__lst__itm__lnk js-price-lead js-track-price-url\" data-source=\"TP\" data-track-action=\"Pixmania\" data-track-label=\"Apple MacBook Air (M2)\" data-track-brand=\"Apple\" data-track-price=\"1 397.99\" data-variant=\"Clic prix sortant variant merged_offers_new_refurbished\" target=\"_blank\" rel=\"nofollow noopener\" aria-label=\"Voir l&#039;offre\" title=\"MacBook Air M2 (2022) 13.6&#039;, 3.5 GHz 512 Go 8 Go  Apple GPU 8, Minuit - AZERTY\"><\/p>\n<p>                                                                                                                                    MacBook Air M2 (2022) 13.6&prime;, 3.5 GHz 512 Go 8 Go  Apple GPU 8, Minuit &#8211; &#8230;<\/p>\n<p>\n                                1 397,99\u00a0\u20ac                                    Neuf\n                                                            <\/p>\n<\/li>\n<li class=\"pr__m-pt__lst__itm is--in-dropdown\">\n<p>                            <a href=\"https:\/\/prix.lesnums.com\/offer\/eyJwcmljZUlkIjo0MTMxOTksInNpdGVJZCI6MSwib2ZmZXJJZCI6IjEwMTg0NSIsImZlZWRJZCI6MTE4NX0=\" class=\"pr__m-pt__lst__itm__lnk js-price-lead js-track-price-url\" data-source=\"TP\" data-track-action=\"Pixmania\" data-track-label=\"Apple MacBook Air (M2)\" data-track-brand=\"Apple\" data-track-price=\"1 406.99\" data-variant=\"Clic prix sortant variant merged_offers_new_refurbished\" target=\"_blank\" rel=\"nofollow noopener\" aria-label=\"Voir l&#039;offre\" title=\"MacBook Air M2 (2022) 13.6&#039;, 3.5 GHz 512 Go 8 Go  Apple GPU 8, Lumi\u00e8re stellaire - AZERTY\"><\/p>\n<p>                                                                                                                                    MacBook Air M2 (2022) 13.6&prime;, 3.5 GHz 512 Go 8 Go  Apple GPU 8, Lumi\u00e8re s&#8230;<\/p>\n<p>\n                                1 406,99\u00a0\u20ac                                    Neuf\n                                                            <\/p>\n<\/li>\n<li class=\"pr__m-pt__lst__itm is--in-dropdown\">\n<p>                            <a href=\"https:\/\/prix.lesnums.com\/offer\/eyJwcmljZUlkIjo0MjYxMTksInNpdGVJZCI6MSwib2ZmZXJJZCI6IjEwNjk5OSIsImZlZWRJZCI6MTE4NX0=\" class=\"pr__m-pt__lst__itm__lnk js-price-lead js-track-price-url\" data-source=\"TP\" data-track-action=\"Pixmania\" data-track-label=\"Apple MacBook Air (M2)\" data-track-brand=\"Apple\" data-track-price=\"1 882.99\" data-variant=\"Clic prix sortant variant merged_offers_new_refurbished\" target=\"_blank\" rel=\"nofollow noopener\" aria-label=\"Voir l&#039;offre\" title=\"MacBook Pro M2 (2022) 13.3&#039;, 3.5 GHz 256 Go 8 Go  Apple GPU 10, Gris sid\u00e9ral - AZERTY\"><\/p>\n<p>                                                                                                                                    MacBook Pro M2 (2022) 13.3&prime;, 3.5 GHz 256 Go 8 Go  Apple GPU 10, Gris sid&#8230;<\/p>\n<p>\n                                1 882,99\u00a0\u20ac                                    Neuf\n                                                            <\/p>\n<\/li>\n<\/ul>\n<\/ul>\n<ul class=\"pr__m-pt__lst\" data-table-content=\"138069\" role=\"list\">\n<li class=\"pr__m-pt__lst__itm \" role=\"listitem\">\n<p>            <a href=\"https:\/\/prix.lesnums.com\/offer\/eyJwcmljZUlkIjo0MTMxOTksInNpdGVJZCI6MSwib2ZmZXJJZCI6IjRiYzE0OTkxLTE1N2QtNDYwYi04ZjNmLThhOTQyNmIyMmY0OSIsImZlZWRJZCI6MzQ1fQ==\" class=\"pr__m-pt__lst__itm__lnk js-price-lead js-track-price-url\" data-source=\"TP\" data-track-action=\"Back Market\" data-track-label=\"Apple MacBook Air (M2)\" data-track-brand=\"Apple\" data-track-price=\"901.00\" data-variant=\"Clic prix sortant variant merged_offers_new_refurbished\" target=\"_blank\" rel=\"nofollow noopener\" aria-label=\"Voir l&#039;offre\" title=\"MacBook Air 13&quot; (2022) - Apple M2 avec CPU 8 c\u0153urs et GPU 10 c\u0153urs - 8Go RAM - SSD 512Go - AZERTY - Fran\u00e7ais\"><\/p>\n<p>                    <img decoding=\"async\" src=\"https:\/\/www.europesays.com\/fr\/wp-content\/uploads\/2025\/07\/1753646654_129_back-market-057fe0d2.png\" alt=\"Back Market\" loading=\"lazy\" intrinsicsize=\"16x16\" width=\"16\" height=\"16\"\/><br \/>\n                    Back Market<\/p>\n<p>\n                901,00\u00a0\u20acReconditionn\u00e9<\/p>\n<\/li>\n<li class=\"pr__m-pt__lst__itm \" role=\"listitem\">\n<p>            <a href=\"https:\/\/prix.lesnums.com\/offer\/eyJwcmljZUlkIjo0MTMxOTksInNpdGVJZCI6MSwib2ZmZXJJZCI6Ijg2ODQwNDcyMjgiLCJmZWVkSWQiOjEwMTl9\" class=\"pr__m-pt__lst__itm__lnk js-price-lead js-track-price-url\" data-source=\"TP\" data-track-action=\"Rakuten\" data-track-label=\"Apple MacBook Air (M2)\" data-track-brand=\"Apple\" data-track-price=\"1 118.98\" data-variant=\"Clic prix sortant variant merged_offers_new_refurbished\" target=\"_blank\" rel=\"nofollow noopener\" aria-label=\"Voir l&#039;offre\" title=\"Apple MacBook Air MLY43FN\/A - Mi-2022 - 13.6&quot; M2 8 Go RAM 512 Go SSD Noir AZERTY\"><\/p>\n<p>                    <img decoding=\"async\" src=\"https:\/\/www.europesays.com\/fr\/wp-content\/uploads\/2025\/08\/1754704757_481_rakuten-2632ec7e.jpg\" alt=\"Rakuten\" loading=\"lazy\" intrinsicsize=\"16x16\" width=\"16\" height=\"16\"\/><br \/>\n                    Rakuten<\/p>\n<p>\n                1 118,98\u00a0\u20ac                    Neuf<\/p>\n<\/li>\n<li class=\"pr__m-pt__lst__itm \" role=\"listitem\">\n<p>            <a href=\"https:\/\/prix.lesnums.com\/offer\/eyJwcmljZUlkIjo0MTMxOTksInNpdGVJZCI6MSwib2ZmZXJJZCI6IjQxODU2NzAyMDE1IiwiZmVlZElkIjoyNzF9\" class=\"pr__m-pt__lst__itm__lnk js-price-lead js-track-price-url\" data-source=\"TP\" data-track-action=\"Grosbill\" data-track-label=\"Apple MacBook Air (M2)\" data-track-brand=\"Apple\" data-track-price=\"1 149.00\" data-variant=\"Clic prix sortant variant merged_offers_new_refurbished\" target=\"_blank\" rel=\"nofollow noopener\" aria-label=\"Voir l&#039;offre\" title=\"Apple MacBook Air 13.6&quot; - WQXGA\/M2\/8Go\/512SSD\/Noir\"><\/p>\n<p>                    <img decoding=\"async\" src=\"https:\/\/www.europesays.com\/fr\/wp-content\/uploads\/2025\/07\/1753936358_88_grosbill-cba34a29.png\" alt=\"Grosbill\" loading=\"lazy\" intrinsicsize=\"16x16\" width=\"16\" height=\"16\"\/><br \/>\n                    Grosbill<\/p>\n<p>\n                1 149,00\u00a0\u20ac                    Neuf<\/p>\n<\/li>\n<li class=\"pr__m-pt__lst__itm \" role=\"listitem\">\n<p>            <a href=\"https:\/\/prix.lesnums.com\/offer\/eyJwcmljZUlkIjo0MTMxOTksInNpdGVJZCI6MSwib2ZmZXJJZCI6IjEyMDAwMDM5IiwiZmVlZElkIjozMjF9\" class=\"pr__m-pt__lst__itm__lnk js-price-lead js-track-price-url\" data-source=\"TP\" data-track-action=\"Cybertek\" data-track-label=\"Apple MacBook Air (M2)\" data-track-brand=\"Apple\" data-track-price=\"1 149.00\" data-variant=\"Clic prix sortant variant merged_offers_new_refurbished\" target=\"_blank\" rel=\"nofollow noopener\" aria-label=\"Voir l&#039;offre\" title=\"Apple MacBook Air 13.6&quot; - WQXGA\/M2\/8Go\/512SSD\/Noir\"><\/p>\n<p>                    <img decoding=\"async\" src=\"https:\/\/www.europesays.com\/fr\/wp-content\/uploads\/2025\/07\/1753936360_862_cybertek-238ddc22.png\" alt=\"Cybertek\" loading=\"lazy\" intrinsicsize=\"16x16\" width=\"16\" height=\"16\"\/><br \/>\n                    Cybertek<\/p>\n<p>\n                1 149,00\u00a0\u20ac                    Neuf<\/p>\n<\/li>\n<li class=\"pr__m-pt__lst__itm \" role=\"listitem\">\n<p>            <a href=\"https:\/\/prix.lesnums.com\/offer\/eyJwcmljZUlkIjo0MTMxOTksInNpdGVJZCI6MSwib2ZmZXJJZCI6ImluMjAwMTQxMjkiLCJmZWVkSWQiOjQzfQ==\" class=\"pr__m-pt__lst__itm__lnk js-price-lead js-track-price-url\" data-source=\"TP\" data-track-action=\"Top Achat\" data-track-label=\"Apple MacBook Air (M2)\" data-track-brand=\"Apple\" data-track-price=\"1 199.99\" data-variant=\"Clic prix sortant variant merged_offers_new_refurbished\" target=\"_blank\" rel=\"nofollow noopener\" aria-label=\"Voir l&#039;offre\" title=\"Apple MacBook Air M2 13&quot; (2022) - Lumi\u00e8re stellaire - 8 Go \/ 512 Go\"><\/p>\n<p>                    <img decoding=\"async\" src=\"https:\/\/www.europesays.com\/fr\/wp-content\/uploads\/2025\/08\/top-achat-0768a86c.png\" alt=\"Top Achat\" loading=\"lazy\" intrinsicsize=\"16x16\" width=\"16\" height=\"16\"\/><br \/>\n                    Top Achat<\/p>\n<p>\n                1 205,94\u00a0\u20ac                    Neuf<\/p>\n<\/li>\n<ul>\n<li class=\"pr__m-pt__lst__itm is--in-dropdown\">\n<p>                        <a href=\"https:\/\/prix.lesnums.com\/offer\/eyJwcmljZUlkIjo0MTMxOTksInNpdGVJZCI6MSwib2ZmZXJJZCI6ImluMjAwMTQxMjkiLCJmZWVkSWQiOjQzfQ==\" class=\"pr__m-pt__lst__itm__lnk js-price-lead js-track-price-url\" data-source=\"TP\" data-track-action=\"Top Achat\" data-track-label=\"Apple MacBook Air (M2)\" data-track-brand=\"Apple\" data-track-price=\"1 199.99\" data-variant=\"Clic prix sortant variant merged_offers_new_refurbished\" target=\"_blank\" rel=\"nofollow noopener\" aria-label=\"Voir l&#039;offre\" title=\"Apple MacBook Air M2 13&quot; (2022) - Lumi\u00e8re stellaire - 8 Go \/ 512 Go\"><\/p>\n<p>                                                                                                                        Apple MacBook Air M2 13&Prime; (2022) &#8211; Lumi\u00e8re stellaire &#8211; 8 Go \/ 512 Go<\/p>\n<p>\n                            1 205,94\u00a0\u20ac                                Neuf\n                                                    <\/p>\n<\/li>\n<li class=\"pr__m-pt__lst__itm is--in-dropdown\">\n<p>                            <a href=\"https:\/\/prix.lesnums.com\/offer\/eyJwcmljZUlkIjo0MTMxOTksInNpdGVJZCI6MSwib2ZmZXJJZCI6ImluMjAwMTQxMzMiLCJmZWVkSWQiOjQzfQ==\" class=\"pr__m-pt__lst__itm__lnk js-price-lead js-track-price-url\" data-source=\"TP\" data-track-action=\"Top Achat\" data-track-label=\"Apple MacBook Air (M2)\" data-track-brand=\"Apple\" data-track-price=\"1 319.99\" data-variant=\"Clic prix sortant variant merged_offers_new_refurbished\" target=\"_blank\" rel=\"nofollow noopener\" aria-label=\"Voir l&#039;offre\" title=\"Apple MacBook Air M2 13&quot; (2022) - Minuit - 8 Go \/ 512 Go\"><\/p>\n<p>                                                                                                                                    Apple MacBook Air M2 13&Prime; (2022) &#8211; Minuit &#8211; 8 Go \/ 512 Go<\/p>\n<p>\n                                1 325,94\u00a0\u20ac                                    Neuf\n                                                            <\/p>\n<\/li>\n<\/ul>\n<li class=\"pr__m-pt__lst__itm \" role=\"listitem\">\n<p>            <a href=\"https:\/\/prix.lesnums.com\/offer\/eyJwcmljZUlkIjo0MTMxOTksInNpdGVJZCI6MSwib2ZmZXJJZCI6IkFSMjAyMjA2MDkwMTMxIiwiZmVlZElkIjozNX0=\" class=\"pr__m-pt__lst__itm__lnk js-price-lead js-track-price-url\" data-source=\"TP\" data-track-action=\"LDLC\" data-track-label=\"Apple MacBook Air (M2)\" data-track-brand=\"Apple\" data-track-price=\"1 199.00\" data-variant=\"Clic prix sortant variant merged_offers_new_refurbished\" target=\"_blank\" rel=\"nofollow noopener\" aria-label=\"Voir l&#039;offre\" title=\"Apple MacBook Air M2 13 pouces (2022) Lumi\u00e8re stellaire 8Go\/512 Go (MLY23FN\/A)\"><\/p>\n<p>                    <img decoding=\"async\" src=\"https:\/\/www.europesays.com\/fr\/wp-content\/uploads\/2025\/08\/1754827239_171_ldlc-20229832.png\" alt=\"LDLC\" loading=\"lazy\" intrinsicsize=\"16x16\" width=\"16\" height=\"16\"\/><br \/>\n                    LDLC<\/p>\n<p>\n                1 206,95\u00a0\u20ac                    Neuf<\/p>\n<\/li>\n<ul>\n<li class=\"pr__m-pt__lst__itm is--in-dropdown\">\n<p>                        <a href=\"https:\/\/prix.lesnums.com\/offer\/eyJwcmljZUlkIjo0MTMxOTksInNpdGVJZCI6MSwib2ZmZXJJZCI6IkFSMjAyMjA2MDkwMTMxIiwiZmVlZElkIjozNX0=\" class=\"pr__m-pt__lst__itm__lnk js-price-lead js-track-price-url\" data-source=\"TP\" data-track-action=\"LDLC\" data-track-label=\"Apple MacBook Air (M2)\" data-track-brand=\"Apple\" data-track-price=\"1 199.00\" data-variant=\"Clic prix sortant variant merged_offers_new_refurbished\" target=\"_blank\" rel=\"nofollow noopener\" aria-label=\"Voir l&#039;offre\" title=\"Apple MacBook Air M2 13 pouces (2022) Lumi\u00e8re stellaire 8Go\/512 Go (MLY23FN\/A)\"><\/p>\n<p>                                                                                                                        Apple MacBook Air M2 13 pouces (2022) Lumi\u00e8re stellaire 8Go\/512 Go (MLY2&#8230;<\/p>\n<p>\n                            1 206,95\u00a0\u20ac                                Neuf\n                                                    <\/p>\n<\/li>\n<li class=\"pr__m-pt__lst__itm is--in-dropdown\">\n<p>                            <a href=\"https:\/\/prix.lesnums.com\/offer\/eyJwcmljZUlkIjo0MTMxOTksInNpdGVJZCI6MSwib2ZmZXJJZCI6IkFSMjAyMjA2MDkwMTMzIiwiZmVlZElkIjozNX0=\" class=\"pr__m-pt__lst__itm__lnk js-price-lead js-track-price-url\" data-source=\"TP\" data-track-action=\"LDLC\" data-track-label=\"Apple MacBook Air (M2)\" data-track-brand=\"Apple\" data-track-price=\"1 199.00\" data-variant=\"Clic prix sortant variant merged_offers_new_refurbished\" target=\"_blank\" rel=\"nofollow noopener\" aria-label=\"Voir l&#039;offre\" title=\"Apple MacBook Air M2 13 pouces (2022) Minuit 8Go\/512 Go (MLY43FN\/A)\"><\/p>\n<p>                                                                                                                                    Apple MacBook Air M2 13 pouces (2022) Minuit 8Go\/512 Go (MLY43FN\/A)<\/p>\n<p>\n                                1 206,95\u00a0\u20ac                                    Neuf\n                                                            <\/p>\n<\/li>\n<\/ul>\n<li class=\"pr__m-pt__lst__itm \" role=\"listitem\">\n<p>            <a href=\"https:\/\/prix.lesnums.com\/offer\/eyJwcmljZUlkIjo0MTMxOTksInNpdGVJZCI6MSwib2ZmZXJJZCI6IkFSMjAyMjA2MDkwMTMzIiwiZmVlZElkIjoyMX0=\" class=\"pr__m-pt__lst__itm__lnk js-price-lead js-track-price-url\" data-source=\"TP\" data-track-action=\"Materiel.net\" data-track-label=\"Apple MacBook Air (M2)\" data-track-brand=\"Apple\" data-track-price=\"1 199.00\" data-variant=\"Clic prix sortant variant merged_offers_new_refurbished\" target=\"_blank\" rel=\"nofollow noopener\" aria-label=\"Voir l&#039;offre\" title=\"Apple MacBook Air M2 (2022) Minuit (MLY43FN\/A)\"><\/p>\n<p>                    <img decoding=\"async\" src=\"https:\/\/www.europesays.com\/fr\/wp-content\/uploads\/2025\/08\/1754827240_599_materiel-net-43765fde.png\" alt=\"Materiel.net\" loading=\"lazy\" intrinsicsize=\"16x16\" width=\"16\" height=\"16\"\/><br \/>\n                    Materiel.net<\/p>\n<p>\n                1 206,95\u00a0\u20ac                    Neuf<\/p>\n<\/li>\n<ul>\n<li class=\"pr__m-pt__lst__itm is--in-dropdown\">\n<p>                        <a href=\"https:\/\/prix.lesnums.com\/offer\/eyJwcmljZUlkIjo0MTMxOTksInNpdGVJZCI6MSwib2ZmZXJJZCI6IkFSMjAyMjA2MDkwMTMzIiwiZmVlZElkIjoyMX0=\" class=\"pr__m-pt__lst__itm__lnk js-price-lead js-track-price-url\" data-source=\"TP\" data-track-action=\"Materiel.net\" data-track-label=\"Apple MacBook Air (M2)\" data-track-brand=\"Apple\" data-track-price=\"1 199.00\" data-variant=\"Clic prix sortant variant merged_offers_new_refurbished\" target=\"_blank\" rel=\"nofollow noopener\" aria-label=\"Voir l&#039;offre\" title=\"Apple MacBook Air M2 (2022) Minuit (MLY43FN\/A)\"><\/p>\n<p>                                                                                                                        Apple MacBook Air M2 (2022) Minuit (MLY43FN\/A)<\/p>\n<p>\n                            1 206,95\u00a0\u20ac                                Neuf\n                                                    <\/p>\n<\/li>\n<li class=\"pr__m-pt__lst__itm is--in-dropdown\">\n<p>                            <a href=\"https:\/\/prix.lesnums.com\/offer\/eyJwcmljZUlkIjo0MTMxOTksInNpdGVJZCI6MSwib2ZmZXJJZCI6IkFSMjAyMjA2MDkwMTMxIiwiZmVlZElkIjoyMX0=\" class=\"pr__m-pt__lst__itm__lnk js-price-lead js-track-price-url\" data-source=\"TP\" data-track-action=\"Materiel.net\" data-track-label=\"Apple MacBook Air (M2)\" data-track-brand=\"Apple\" data-track-price=\"1 199.00\" data-variant=\"Clic prix sortant variant merged_offers_new_refurbished\" target=\"_blank\" rel=\"nofollow noopener\" aria-label=\"Voir l&#039;offre\" title=\"Apple MacBook Air M2 (2022) Lumi\u00e8re stellaire (MLY23FN\/A)\"><\/p>\n<p>                                                                                                                                    Apple MacBook Air M2 (2022) Lumi\u00e8re stellaire (MLY23FN\/A)<\/p>\n<p>\n                                1 206,95\u00a0\u20ac                                    Neuf\n                                                            <\/p>\n<\/li>\n<\/ul>\n<li class=\"pr__m-pt__lst__itm \" role=\"listitem\">\n<p>            <a href=\"https:\/\/prix.lesnums.com\/offer\/eyJwcmljZUlkIjo0MTMxOTksInNpdGVJZCI6MSwib2ZmZXJJZCI6IjAxOTQyNTMwODI2NDQiLCJmZWVkSWQiOjg0M30=\" class=\"pr__m-pt__lst__itm__lnk js-price-lead js-track-price-url\" data-source=\"TP\" data-track-action=\"E. Leclerc - High-Tech\" data-track-label=\"Apple MacBook Air (M2)\" data-track-brand=\"Apple\" data-track-price=\"1 369.00\" data-variant=\"Clic prix sortant variant merged_offers_new_refurbished\" target=\"_blank\" rel=\"nofollow noopener\" aria-label=\"Voir l&#039;offre\" title=\"Apple MacBook Air Ordinateur portable 34,5 cm (13.6&quot;) Apple M M2 8 Go 512 Go SSD Wi-Fi 6 (802.11ax) macOS Monterey Beige\"><\/p>\n<p>                    <img decoding=\"async\" src=\"https:\/\/www.europesays.com\/fr\/wp-content\/uploads\/2025\/08\/1754827242_564_e-leclerc-high-tech-b25e39aa.png\" alt=\"E. Leclerc - High-Tech\" loading=\"lazy\" intrinsicsize=\"16x16\" width=\"16\" height=\"16\"\/><br \/>\n                    E. Leclerc &#8211; High-Tech<\/p>\n<p>\n                1 374,90\u00a0\u20ac                    Neuf<\/p>\n<\/li>\n<li class=\"pr__m-pt__lst__itm \" role=\"listitem\">\n<p>            <a href=\"https:\/\/prix.lesnums.com\/offer\/eyJwcmljZUlkIjo0MTMxOTksInNpdGVJZCI6MSwib2ZmZXJJZCI6IjEwMTg1MSIsImZlZWRJZCI6MTE4NX0=\" class=\"pr__m-pt__lst__itm__lnk js-price-lead js-track-price-url\" data-source=\"TP\" data-track-action=\"Pixmania\" data-track-label=\"Apple MacBook Air (M2)\" data-track-brand=\"Apple\" data-track-price=\"1 397.99\" data-variant=\"Clic prix sortant variant merged_offers_new_refurbished\" target=\"_blank\" rel=\"nofollow noopener\" aria-label=\"Voir l&#039;offre\" title=\"MacBook Air M2 (2022) 13.6&#039;, 3.5 GHz 512 Go 8 Go  Apple GPU 8, Minuit - AZERTY\"><\/p>\n<p>                    <img decoding=\"async\" src=\"https:\/\/www.europesays.com\/fr\/wp-content\/uploads\/2025\/08\/1754732001_439_pixmania-d02b3e81.png\" alt=\"Pixmania\" loading=\"lazy\" intrinsicsize=\"16x16\" width=\"16\" height=\"16\"\/><br \/>\n                    Pixmania<\/p>\n<p>\n                1 397,99\u00a0\u20ac                    Neuf<\/p>\n<\/li>\n<ul>\n<li class=\"pr__m-pt__lst__itm is--in-dropdown\">\n<p>                        <a href=\"https:\/\/prix.lesnums.com\/offer\/eyJwcmljZUlkIjo0MTMxOTksInNpdGVJZCI6MSwib2ZmZXJJZCI6IjEwMTg1MSIsImZlZWRJZCI6MTE4NX0=\" class=\"pr__m-pt__lst__itm__lnk js-price-lead js-track-price-url\" data-source=\"TP\" data-track-action=\"Pixmania\" data-track-label=\"Apple MacBook Air (M2)\" data-track-brand=\"Apple\" data-track-price=\"1 397.99\" data-variant=\"Clic prix sortant variant merged_offers_new_refurbished\" target=\"_blank\" rel=\"nofollow noopener\" aria-label=\"Voir l&#039;offre\" title=\"MacBook Air M2 (2022) 13.6&#039;, 3.5 GHz 512 Go 8 Go  Apple GPU 8, Minuit - AZERTY\"><\/p>\n<p>                                                                                                                        MacBook Air M2 (2022) 13.6&prime;, 3.5 GHz 512 Go 8 Go  Apple GPU 8, Minuit &#8211; &#8230;<\/p>\n<p>\n                            1 397,99\u00a0\u20ac                                Neuf\n                                                    <\/p>\n<\/li>\n<li class=\"pr__m-pt__lst__itm is--in-dropdown\">\n<p>                            <a href=\"https:\/\/prix.lesnums.com\/offer\/eyJwcmljZUlkIjo0MTMxOTksInNpdGVJZCI6MSwib2ZmZXJJZCI6IjEwMTg0NSIsImZlZWRJZCI6MTE4NX0=\" class=\"pr__m-pt__lst__itm__lnk js-price-lead js-track-price-url\" data-source=\"TP\" data-track-action=\"Pixmania\" data-track-label=\"Apple MacBook Air (M2)\" data-track-brand=\"Apple\" data-track-price=\"1 406.99\" data-variant=\"Clic prix sortant variant merged_offers_new_refurbished\" target=\"_blank\" rel=\"nofollow noopener\" aria-label=\"Voir l&#039;offre\" title=\"MacBook Air M2 (2022) 13.6&#039;, 3.5 GHz 512 Go 8 Go  Apple GPU 8, Lumi\u00e8re stellaire - AZERTY\"><\/p>\n<p>                                                                                                                                    MacBook Air M2 (2022) 13.6&prime;, 3.5 GHz 512 Go 8 Go  Apple GPU 8, Lumi\u00e8re s&#8230;<\/p>\n<p>\n                                1 406,99\u00a0\u20ac                                    Neuf\n                                                            <\/p>\n<\/li>\n<\/ul>\n<\/ul>\n<ul class=\"pr__m-pt__lst\" data-table-content=\"141001\" role=\"list\">\n<li class=\"pr__m-pt__lst__itm \" role=\"listitem\">\n<p>            <a href=\"https:\/\/prix.lesnums.com\/offer\/eyJwcmljZUlkIjo0MjYxMjEsInNpdGVJZCI6MSwib2ZmZXJJZCI6ImluMjAwMjU2NDciLCJmZWVkSWQiOjQzfQ==\" class=\"pr__m-pt__lst__itm__lnk js-price-lead js-track-price-url\" data-source=\"TP\" data-track-action=\"Top Achat\" data-track-label=\"Apple MacBook Air (M2)\" data-track-brand=\"Apple\" data-track-price=\"1 199.99\" data-variant=\"Clic prix sortant variant merged_offers_new_refurbished\" target=\"_blank\" rel=\"nofollow noopener\" aria-label=\"Voir l&#039;offre\" title=\"Apple MacBook Air M2 13&quot; (2022) - Argent - 16 Go \/ 256 Go\"><\/p>\n<p>                    <img decoding=\"async\" src=\"https:\/\/www.europesays.com\/fr\/wp-content\/uploads\/2025\/08\/top-achat-0768a86c.png\" alt=\"Top Achat\" loading=\"lazy\" intrinsicsize=\"16x16\" width=\"16\" height=\"16\"\/><br \/>\n                    Top Achat<\/p>\n<p>\n                1 205,94\u00a0\u20ac                    Neuf<\/p>\n<\/li>\n<ul>\n<li class=\"pr__m-pt__lst__itm is--in-dropdown\">\n<p>                        <a href=\"https:\/\/prix.lesnums.com\/offer\/eyJwcmljZUlkIjo0MjYxMjEsInNpdGVJZCI6MSwib2ZmZXJJZCI6ImluMjAwMjU2NDciLCJmZWVkSWQiOjQzfQ==\" class=\"pr__m-pt__lst__itm__lnk js-price-lead js-track-price-url\" data-source=\"TP\" data-track-action=\"Top Achat\" data-track-label=\"Apple MacBook Air (M2)\" data-track-brand=\"Apple\" data-track-price=\"1 199.99\" data-variant=\"Clic prix sortant variant merged_offers_new_refurbished\" target=\"_blank\" rel=\"nofollow noopener\" aria-label=\"Voir l&#039;offre\" title=\"Apple MacBook Air M2 13&quot; (2022) - Argent - 16 Go \/ 256 Go\"><\/p>\n<p>                                                                                                                        Apple MacBook Air M2 13&Prime; (2022) &#8211; Argent &#8211; 16 Go \/ 256 Go<\/p>\n<p>\n                            1 205,94\u00a0\u20ac                                Neuf\n                                                    <\/p>\n<\/li>\n<li class=\"pr__m-pt__lst__itm is--in-dropdown\">\n<p>                            <a href=\"https:\/\/prix.lesnums.com\/offer\/eyJwcmljZUlkIjo0MjYxMjEsInNpdGVJZCI6MSwib2ZmZXJJZCI6ImluMjAwMjU2NDUiLCJmZWVkSWQiOjQzfQ==\" class=\"pr__m-pt__lst__itm__lnk js-price-lead js-track-price-url\" data-source=\"TP\" data-track-action=\"Top Achat\" data-track-label=\"Apple MacBook Air (M2)\" data-track-brand=\"Apple\" data-track-price=\"1 199.99\" data-variant=\"Clic prix sortant variant merged_offers_new_refurbished\" target=\"_blank\" rel=\"nofollow noopener\" aria-label=\"Voir l&#039;offre\" title=\"Apple MacBook Air M2 13&quot; (2022) - Gris sid\u00e9ral - 16 Go \/ 256 Go\"><\/p>\n<p>                                                                                                                                    Apple MacBook Air M2 13&Prime; (2022) &#8211; Gris sid\u00e9ral &#8211; 16 Go \/ 256 Go<\/p>\n<p>\n                                1 205,94\u00a0\u20ac                                    Neuf\n                                                            <\/p>\n<\/li>\n<li class=\"pr__m-pt__lst__itm is--in-dropdown\">\n<p>                            <a href=\"https:\/\/prix.lesnums.com\/offer\/eyJwcmljZUlkIjo0MjYxMjEsInNpdGVJZCI6MSwib2ZmZXJJZCI6ImluMjAwMjU2NDkiLCJmZWVkSWQiOjQzfQ==\" class=\"pr__m-pt__lst__itm__lnk js-price-lead js-track-price-url\" data-source=\"TP\" data-track-action=\"Top Achat\" data-track-label=\"Apple MacBook Air (M2)\" data-track-brand=\"Apple\" data-track-price=\"1 199.99\" data-variant=\"Clic prix sortant variant merged_offers_new_refurbished\" target=\"_blank\" rel=\"nofollow noopener\" aria-label=\"Voir l&#039;offre\" title=\"Apple MacBook Air M2 13&quot; (2022) - Minuit - 16 Go \/ 256 Go\"><\/p>\n<p>                                                                                                                                    Apple MacBook Air M2 13&Prime; (2022) &#8211; Minuit &#8211; 16 Go \/ 256 Go<\/p>\n<p>\n                                1 205,94\u00a0\u20ac                                    Neuf\n                                                            <\/p>\n<\/li>\n<\/ul>\n<li class=\"pr__m-pt__lst__itm \" role=\"listitem\">\n<p>            <a href=\"https:\/\/prix.lesnums.com\/offer\/eyJwcmljZUlkIjo0MjYxMjEsInNpdGVJZCI6MSwib2ZmZXJJZCI6IkFSMjAyNDEwMzEwMDA5IiwiZmVlZElkIjozNX0=\" class=\"pr__m-pt__lst__itm__lnk js-price-lead js-track-price-url\" data-source=\"TP\" data-track-action=\"LDLC\" data-track-label=\"Apple MacBook Air (M2)\" data-track-brand=\"Apple\" data-track-price=\"1 199.00\" data-variant=\"Clic prix sortant variant merged_offers_new_refurbished\" target=\"_blank\" rel=\"nofollow noopener\" aria-label=\"Voir l&#039;offre\" title=\"Apple MacBook Air M2 13 pouces (2022) Gris sid\u00e9ral 16 Go\/256 Go (MC7U4FN\/A)\"><\/p>\n<p>                    <img decoding=\"async\" src=\"https:\/\/www.europesays.com\/fr\/wp-content\/uploads\/2025\/08\/1754827239_171_ldlc-20229832.png\" alt=\"LDLC\" loading=\"lazy\" intrinsicsize=\"16x16\" width=\"16\" height=\"16\"\/><br \/>\n                    LDLC<\/p>\n<p>\n                1 205,95\u00a0\u20ac                    Neuf<\/p>\n<\/li>\n<ul>\n<li class=\"pr__m-pt__lst__itm is--in-dropdown\">\n<p>                        <a href=\"https:\/\/prix.lesnums.com\/offer\/eyJwcmljZUlkIjo0MjYxMjEsInNpdGVJZCI6MSwib2ZmZXJJZCI6IkFSMjAyNDEwMzEwMDA5IiwiZmVlZElkIjozNX0=\" class=\"pr__m-pt__lst__itm__lnk js-price-lead js-track-price-url\" data-source=\"TP\" data-track-action=\"LDLC\" data-track-label=\"Apple MacBook Air (M2)\" data-track-brand=\"Apple\" data-track-price=\"1 199.00\" data-variant=\"Clic prix sortant variant merged_offers_new_refurbished\" target=\"_blank\" rel=\"nofollow noopener\" aria-label=\"Voir l&#039;offre\" title=\"Apple MacBook Air M2 13 pouces (2022) Gris sid\u00e9ral 16 Go\/256 Go (MC7U4FN\/A)\"><\/p>\n<p>                                                                                                                        Apple MacBook Air M2 13 pouces (2022) Gris sid\u00e9ral 16 Go\/256 Go (MC7U4FN&#8230;<\/p>\n<p>\n                            1 205,95\u00a0\u20ac                                Neuf\n                                                    <\/p>\n<\/li>\n<li class=\"pr__m-pt__lst__itm is--in-dropdown\">\n<p>                            <a href=\"https:\/\/prix.lesnums.com\/offer\/eyJwcmljZUlkIjo0MjYxMjEsInNpdGVJZCI6MSwib2ZmZXJJZCI6IkFSMjAyNDEwMzEwMDExIiwiZmVlZElkIjozNX0=\" class=\"pr__m-pt__lst__itm__lnk js-price-lead js-track-price-url\" data-source=\"TP\" data-track-action=\"LDLC\" data-track-label=\"Apple MacBook Air (M2)\" data-track-brand=\"Apple\" data-track-price=\"1 199.00\" data-variant=\"Clic prix sortant variant merged_offers_new_refurbished\" target=\"_blank\" rel=\"nofollow noopener\" aria-label=\"Voir l&#039;offre\" title=\"Apple MacBook Air M2 13 pouces (2022) Argent 16 Go\/256 Go (MC7V4FN\/A)\"><\/p>\n<p>                                                                                                                                    Apple MacBook Air M2 13 pouces (2022) Argent 16 Go\/256 Go (MC7V4FN\/A)<\/p>\n<p>\n                                1 206,95\u00a0\u20ac                                    Neuf\n                                                            <\/p>\n<\/li>\n<li class=\"pr__m-pt__lst__itm is--in-dropdown\">\n<p>                            <a href=\"https:\/\/prix.lesnums.com\/offer\/eyJwcmljZUlkIjo0MjYxMjEsInNpdGVJZCI6MSwib2ZmZXJJZCI6IkFSMjAyNDEwMzEwMDE0IiwiZmVlZElkIjozNX0=\" class=\"pr__m-pt__lst__itm__lnk js-price-lead js-track-price-url\" data-source=\"TP\" data-track-action=\"LDLC\" data-track-label=\"Apple MacBook Air (M2)\" data-track-brand=\"Apple\" data-track-price=\"1 199.00\" data-variant=\"Clic prix sortant variant merged_offers_new_refurbished\" target=\"_blank\" rel=\"nofollow noopener\" aria-label=\"Voir l&#039;offre\" title=\"Apple MacBook Air M2 13 pouces (2022) Minuit 16 Go\/256 Go (MC7X4FN\/A)\"><\/p>\n<p>                                                                                                                                    Apple MacBook Air M2 13 pouces (2022) Minuit 16 Go\/256 Go (MC7X4FN\/A)<\/p>\n<p>\n                                1 207,95\u00a0\u20ac                                    Neuf\n                                                            <\/p>\n<\/li>\n<\/ul>\n<li class=\"pr__m-pt__lst__itm \" role=\"listitem\">\n<p>            <a href=\"https:\/\/prix.lesnums.com\/offer\/eyJwcmljZUlkIjo0MjYxMjEsInNpdGVJZCI6MSwib2ZmZXJJZCI6IkFSMjAyNDEwMzEwMDA5IiwiZmVlZElkIjoyMX0=\" class=\"pr__m-pt__lst__itm__lnk js-price-lead js-track-price-url\" data-source=\"TP\" data-track-action=\"Materiel.net\" data-track-label=\"Apple MacBook Air (M2)\" data-track-brand=\"Apple\" data-track-price=\"1 199.00\" data-variant=\"Clic prix sortant variant merged_offers_new_refurbished\" target=\"_blank\" rel=\"nofollow noopener\" aria-label=\"Voir l&#039;offre\" title=\"Apple MacBook Air M2 13 pouces (2022) Gris sid\u00e9ral 16 Go\/256 Go (MC7U4FN\/A)\"><\/p>\n<p>                    <img decoding=\"async\" src=\"https:\/\/www.europesays.com\/fr\/wp-content\/uploads\/2025\/08\/1754827240_599_materiel-net-43765fde.png\" alt=\"Materiel.net\" loading=\"lazy\" intrinsicsize=\"16x16\" width=\"16\" height=\"16\"\/><br \/>\n                    Materiel.net<\/p>\n<p>\n                1 205,95\u00a0\u20ac                    Neuf<\/p>\n<\/li>\n<ul>\n<li class=\"pr__m-pt__lst__itm is--in-dropdown\">\n<p>                        <a href=\"https:\/\/prix.lesnums.com\/offer\/eyJwcmljZUlkIjo0MjYxMjEsInNpdGVJZCI6MSwib2ZmZXJJZCI6IkFSMjAyNDEwMzEwMDA5IiwiZmVlZElkIjoyMX0=\" class=\"pr__m-pt__lst__itm__lnk js-price-lead js-track-price-url\" data-source=\"TP\" data-track-action=\"Materiel.net\" data-track-label=\"Apple MacBook Air (M2)\" data-track-brand=\"Apple\" data-track-price=\"1 199.00\" data-variant=\"Clic prix sortant variant merged_offers_new_refurbished\" target=\"_blank\" rel=\"nofollow noopener\" aria-label=\"Voir l&#039;offre\" title=\"Apple MacBook Air M2 13 pouces (2022) Gris sid\u00e9ral 16 Go\/256 Go (MC7U4FN\/A)\"><\/p>\n<p>                                                                                                                        Apple MacBook Air M2 13 pouces (2022) Gris sid\u00e9ral 16 Go\/256 Go (MC7U4FN&#8230;<\/p>\n<p>\n                            1 205,95\u00a0\u20ac                                Neuf\n                                                    <\/p>\n<\/li>\n<li class=\"pr__m-pt__lst__itm is--in-dropdown\">\n<p>                            <a href=\"https:\/\/prix.lesnums.com\/offer\/eyJwcmljZUlkIjo0MjYxMjEsInNpdGVJZCI6MSwib2ZmZXJJZCI6IkFSMjAyNDEwMzEwMDE0IiwiZmVlZElkIjoyMX0=\" class=\"pr__m-pt__lst__itm__lnk js-price-lead js-track-price-url\" data-source=\"TP\" data-track-action=\"Materiel.net\" data-track-label=\"Apple MacBook Air (M2)\" data-track-brand=\"Apple\" data-track-price=\"1 199.00\" data-variant=\"Clic prix sortant variant merged_offers_new_refurbished\" target=\"_blank\" rel=\"nofollow noopener\" aria-label=\"Voir l&#039;offre\" title=\"Apple MacBook Air M2 13 pouces (2022) Minuit 16 Go\/256 Go (MC7X4FN\/A)\"><\/p>\n<p>                                                                                                                                    Apple MacBook Air M2 13 pouces (2022) Minuit 16 Go\/256 Go (MC7X4FN\/A)<\/p>\n<p>\n                                1 206,95\u00a0\u20ac                                    Neuf\n                                                            <\/p>\n<\/li>\n<li class=\"pr__m-pt__lst__itm is--in-dropdown\">\n<p>                            <a href=\"https:\/\/prix.lesnums.com\/offer\/eyJwcmljZUlkIjo0MjYxMjEsInNpdGVJZCI6MSwib2ZmZXJJZCI6IkFSMjAyNDEwMzEwMDExIiwiZmVlZElkIjoyMX0=\" class=\"pr__m-pt__lst__itm__lnk js-price-lead js-track-price-url\" data-source=\"TP\" data-track-action=\"Materiel.net\" data-track-label=\"Apple MacBook Air (M2)\" data-track-brand=\"Apple\" data-track-price=\"1 199.00\" data-variant=\"Clic prix sortant variant merged_offers_new_refurbished\" target=\"_blank\" rel=\"nofollow noopener\" aria-label=\"Voir l&#039;offre\" title=\"Apple MacBook Air M2 13 pouces (2022) Argent 16 Go\/256 Go (MC7V4FN\/A)\"><\/p>\n<p>                                                                                                                                    Apple MacBook Air M2 13 pouces (2022) Argent 16 Go\/256 Go (MC7V4FN\/A)<\/p>\n<p>\n                                1 206,95\u00a0\u20ac                                    Neuf\n                                                            <\/p>\n<\/li>\n<\/ul>\n<li class=\"pr__m-pt__lst__itm \" role=\"listitem\">\n<p>            <a href=\"https:\/\/prix.lesnums.com\/offer\/eyJwcmljZUlkIjo0MjYxMjEsInNpdGVJZCI6MSwib2ZmZXJJZCI6IjM0NjkyMyIsImZlZWRJZCI6MTE4NX0=\" class=\"pr__m-pt__lst__itm__lnk js-price-lead js-track-price-url\" data-source=\"TP\" data-track-action=\"Pixmania\" data-track-label=\"Apple MacBook Air (M2)\" data-track-brand=\"Apple\" data-track-price=\"1 382.99\" data-variant=\"Clic prix sortant variant merged_offers_new_refurbished\" target=\"_blank\" rel=\"nofollow noopener\" aria-label=\"Voir l&#039;offre\" title=\"MacBook Air M2 (13.6 ) 16 Go 256 Go SSD Wi-Fi 6 (802.11ax) macOS Sonoma Gris - AZERTY\"><\/p>\n<p>                    <img decoding=\"async\" src=\"https:\/\/www.europesays.com\/fr\/wp-content\/uploads\/2025\/08\/1754732001_439_pixmania-d02b3e81.png\" alt=\"Pixmania\" loading=\"lazy\" intrinsicsize=\"16x16\" width=\"16\" height=\"16\"\/><br \/>\n                    Pixmania<\/p>\n<p>\n                1 382,99\u00a0\u20ac                    Neuf<\/p>\n<\/li>\n<ul>\n<li class=\"pr__m-pt__lst__itm is--in-dropdown\">\n<p>                        <a href=\"https:\/\/prix.lesnums.com\/offer\/eyJwcmljZUlkIjo0MjYxMjEsInNpdGVJZCI6MSwib2ZmZXJJZCI6IjM0NjkyMyIsImZlZWRJZCI6MTE4NX0=\" class=\"pr__m-pt__lst__itm__lnk js-price-lead js-track-price-url\" data-source=\"TP\" data-track-action=\"Pixmania\" data-track-label=\"Apple MacBook Air (M2)\" data-track-brand=\"Apple\" data-track-price=\"1 382.99\" data-variant=\"Clic prix sortant variant merged_offers_new_refurbished\" target=\"_blank\" rel=\"nofollow noopener\" aria-label=\"Voir l&#039;offre\" title=\"MacBook Air M2 (13.6 ) 16 Go 256 Go SSD Wi-Fi 6 (802.11ax) macOS Sonoma Gris - AZERTY\"><\/p>\n<p>                                                                                                                        MacBook Air M2 (13.6 ) 16 Go 256 Go SSD Wi-Fi 6 (802.11ax) macOS Sonoma &#8230;<\/p>\n<p>\n                            1 382,99\u00a0\u20ac                                Neuf\n                                                    <\/p>\n<\/li>\n<li class=\"pr__m-pt__lst__itm is--in-dropdown\">\n<p>                            <a href=\"https:\/\/prix.lesnums.com\/offer\/eyJwcmljZUlkIjo0MjYxMjEsInNpdGVJZCI6MSwib2ZmZXJJZCI6IjM1NTI4NyIsImZlZWRJZCI6MTE4NX0=\" class=\"pr__m-pt__lst__itm__lnk js-price-lead js-track-price-url\" data-source=\"TP\" data-track-action=\"Pixmania\" data-track-label=\"Apple MacBook Air (M2)\" data-track-brand=\"Apple\" data-track-price=\"1 389.99\" data-variant=\"Clic prix sortant variant merged_offers_new_refurbished\" target=\"_blank\" rel=\"nofollow noopener\" aria-label=\"Voir l&#039;offre\" title=\"MacBook Air M2 (13.6 ) 16 Go 256 Go SSD Wi-Fi 6 (802.11ax) macOS Sonoma Argent - AZERTY\"><\/p>\n<p>                                                                                                                                    MacBook Air M2 (13.6 ) 16 Go 256 Go SSD Wi-Fi 6 (802.11ax) macOS Sonoma &#8230;<\/p>\n<p>\n                                1 389,99\u00a0\u20ac                                    Neuf\n                                                            <\/p>\n<\/li>\n<li class=\"pr__m-pt__lst__itm is--in-dropdown\">\n<p>                            <a href=\"https:\/\/prix.lesnums.com\/offer\/eyJwcmljZUlkIjo0MjYxMjEsInNpdGVJZCI6MSwib2ZmZXJJZCI6IjM0NjkyNyIsImZlZWRJZCI6MTE4NX0=\" class=\"pr__m-pt__lst__itm__lnk js-price-lead js-track-price-url\" data-source=\"TP\" data-track-action=\"Pixmania\" data-track-label=\"Apple MacBook Air (M2)\" data-track-brand=\"Apple\" data-track-price=\"1 397.99\" data-variant=\"Clic prix sortant variant merged_offers_new_refurbished\" target=\"_blank\" rel=\"nofollow noopener\" aria-label=\"Voir l&#039;offre\" title=\"MacBook Air M2 (13.6 ) 16 Go 256 Go SSD Wi-Fi 6 (802.11ax) macOS Sonoma Marine - AZERTY\"><\/p>\n<p>                                                                                                                                    MacBook Air M2 (13.6 ) 16 Go 256 Go SSD Wi-Fi 6 (802.11ax) macOS Sonoma &#8230;<\/p>\n<p>\n                                1 397,99\u00a0\u20ac                                    Neuf\n                                                            <\/p>\n<\/li>\n<\/ul>\n<li class=\"pr__m-pt__lst__itm \" role=\"listitem\">\n<p>            <a href=\"https:\/\/prix.lesnums.com\/offer\/eyJwcmljZUlkIjo0MjYxMjEsInNpdGVJZCI6MSwib2ZmZXJJZCI6IjEzMTg5NDU3MDYxIiwiZmVlZElkIjoxMDE5fQ==\" class=\"pr__m-pt__lst__itm__lnk js-price-lead js-track-price-url\" data-source=\"TP\" data-track-action=\"Rakuten\" data-track-label=\"Apple MacBook Air (M2)\" data-track-brand=\"Apple\" data-track-price=\"1 407.99\" data-variant=\"Clic prix sortant variant merged_offers_new_refurbished\" target=\"_blank\" rel=\"nofollow noopener\" aria-label=\"Voir l&#039;offre\" title=\"Apple MacBook Air MC7V4FN\/A - Mi-2022 - 13.6&quot; M2 16 Go RAM 256 Go SSD Argent AZERTY\"><\/p>\n<p>                    <img decoding=\"async\" src=\"https:\/\/www.europesays.com\/fr\/wp-content\/uploads\/2025\/08\/1754704757_481_rakuten-2632ec7e.jpg\" alt=\"Rakuten\" loading=\"lazy\" intrinsicsize=\"16x16\" width=\"16\" height=\"16\"\/><br \/>\n                    Rakuten<\/p>\n<p>\n                1 407,99\u00a0\u20ac                    Neuf<\/p>\n<\/li>\n<ul>\n<li class=\"pr__m-pt__lst__itm is--in-dropdown\">\n<p>                        <a href=\"https:\/\/prix.lesnums.com\/offer\/eyJwcmljZUlkIjo0MjYxMjEsInNpdGVJZCI6MSwib2ZmZXJJZCI6IjEzMTg5NDU3MDYxIiwiZmVlZElkIjoxMDE5fQ==\" class=\"pr__m-pt__lst__itm__lnk js-price-lead js-track-price-url\" data-source=\"TP\" data-track-action=\"Rakuten\" data-track-label=\"Apple MacBook Air (M2)\" data-track-brand=\"Apple\" data-track-price=\"1 407.99\" data-variant=\"Clic prix sortant variant merged_offers_new_refurbished\" target=\"_blank\" rel=\"nofollow noopener\" aria-label=\"Voir l&#039;offre\" title=\"Apple MacBook Air MC7V4FN\/A - Mi-2022 - 13.6&quot; M2 16 Go RAM 256 Go SSD Argent AZERTY\"><\/p>\n<p>                                                                                                                        Apple MacBook Air MC7V4FN\/A &#8211; Mi-2022 &#8211; 13.6&Prime; M2 16 Go RAM 256 Go SSD Ar&#8230;<\/p>\n<p>\n                            1 407,99\u00a0\u20ac                                Neuf\n                                                    <\/p>\n<\/li>\n<li class=\"pr__m-pt__lst__itm is--in-dropdown\">\n<p>                            <a href=\"https:\/\/prix.lesnums.com\/offer\/eyJwcmljZUlkIjo0MjYxMjEsInNpdGVJZCI6MSwib2ZmZXJJZCI6IjEzMTg5NDU2MzQ5IiwiZmVlZElkIjoxMDE5fQ==\" class=\"pr__m-pt__lst__itm__lnk js-price-lead js-track-price-url\" data-source=\"TP\" data-track-action=\"Rakuten\" data-track-label=\"Apple MacBook Air (M2)\" data-track-brand=\"Apple\" data-track-price=\"1 412.99\" data-variant=\"Clic prix sortant variant merged_offers_new_refurbished\" target=\"_blank\" rel=\"nofollow noopener\" aria-label=\"Voir l&#039;offre\" title=\"Apple MacBook Air MC7X4FN\/A - Mi-2022 - 13.6&quot; M2 16 Go RAM 256 Go SSD Noir AZERTY\"><\/p>\n<p>                                                                                                                                    Apple MacBook Air MC7X4FN\/A &#8211; Mi-2022 &#8211; 13.6&Prime; M2 16 Go RAM 256 Go SSD No&#8230;<\/p>\n<p>\n                                1 412,99\u00a0\u20ac                                    Neuf\n                                                            <\/p>\n<\/li>\n<\/ul>\n<\/ul>\n<ul class=\"pr__m-pt__lst\" data-table-content=\"145955\" role=\"list\">\n<li class=\"pr__m-pt__lst__itm \" role=\"listitem\">\n<p>            <a href=\"https:\/\/prix.lesnums.com\/offer\/eyJwcmljZUlkIjo0MjYxMTksInNpdGVJZCI6MSwib2ZmZXJJZCI6IjI1ZDJiNmRkLWQxZDgtNDYzYi1iMDVlLWE4MDU1M2ZiMjc4NyIsImZlZWRJZCI6MzQ1fQ==\" class=\"pr__m-pt__lst__itm__lnk js-price-lead js-track-price-url\" data-source=\"TP\" data-track-action=\"Back Market\" data-track-label=\"Apple MacBook Air (M2)\" data-track-brand=\"Apple\" data-track-price=\"850.00\" data-variant=\"Clic prix sortant variant merged_offers_new_refurbished\" target=\"_blank\" rel=\"nofollow noopener\" aria-label=\"Voir l&#039;offre\" title=\"MacBook Pro 13&quot; (2022) - Apple M2 avec CPU 8 c\u0153urs et GPU 10 c\u0153urs - 8Go RAM - SSD 256Go - AZERTY - Fran\u00e7ais\"><\/p>\n<p>                    <img decoding=\"async\" src=\"https:\/\/www.europesays.com\/fr\/wp-content\/uploads\/2025\/07\/1753646654_129_back-market-057fe0d2.png\" alt=\"Back Market\" loading=\"lazy\" intrinsicsize=\"16x16\" width=\"16\" height=\"16\"\/><br \/>\n                    Back Market<\/p>\n<p>\n                850,00\u00a0\u20acReconditionn\u00e9<\/p>\n<\/li>\n<ul>\n<li class=\"pr__m-pt__lst__itm is--in-dropdown\" data-secondhand=\"\">\n<p>                        <a href=\"https:\/\/prix.lesnums.com\/offer\/eyJwcmljZUlkIjo0MjYxMTksInNpdGVJZCI6MSwib2ZmZXJJZCI6IjI1ZDJiNmRkLWQxZDgtNDYzYi1iMDVlLWE4MDU1M2ZiMjc4NyIsImZlZWRJZCI6MzQ1fQ==\" class=\"pr__m-pt__lst__itm__lnk js-price-lead js-track-price-url\" data-source=\"TP\" data-track-action=\"Back Market\" data-track-label=\"Apple MacBook Air (M2)\" data-track-brand=\"Apple\" data-track-price=\"850.00\" data-variant=\"Clic prix sortant variant merged_offers_new_refurbished\" target=\"_blank\" rel=\"nofollow noopener\" aria-label=\"Voir l&#039;offre\" title=\"MacBook Pro 13&quot; (2022) - Apple M2 avec CPU 8 c\u0153urs et GPU 10 c\u0153urs - 8Go RAM - SSD 256Go - AZERTY - Fran\u00e7ais\"><\/p>\n<p>                                                                                                                        MacBook Pro 13&Prime; (2022) &#8211; Apple M2 avec CPU 8 c\u0153urs et GPU 10 c\u0153urs &#8211; 8Go&#8230;<\/p>\n<p>\n                            850,00\u00a0\u20acReconditionn\u00e9                        <\/p>\n<\/li>\n<li class=\"pr__m-pt__lst__itm is--in-dropdown\" data-secondhand=\"\">\n<p>                            <a href=\"https:\/\/prix.lesnums.com\/offer\/eyJwcmljZUlkIjo0MjYxMTksInNpdGVJZCI6MSwib2ZmZXJJZCI6IjJkMmVkMWU0LTQ3NGYtNGE2Yy04ZTA3LWQyNjdhNjM3NGQwZCIsImZlZWRJZCI6MzQ1fQ==\" class=\"pr__m-pt__lst__itm__lnk js-price-lead js-track-price-url\" data-source=\"TP\" data-track-action=\"Back Market\" data-track-label=\"Apple MacBook Air (M2)\" data-track-brand=\"Apple\" data-track-price=\"899.00\" data-variant=\"Clic prix sortant variant merged_offers_new_refurbished\" target=\"_blank\" rel=\"nofollow noopener\" aria-label=\"Voir l&#039;offre\" title=\"MacBook Air 13&quot; (2022) - Apple M2 avec CPU 8 c\u0153urs et GPU 8 c\u0153urs - 8Go RAM - SSD 256Go - AZERTY - Fran\u00e7ais\"><\/p>\n<p>                                                                                                                                    MacBook Air 13&Prime; (2022) &#8211; Apple M2 avec CPU 8 c\u0153urs et GPU 8 c\u0153urs &#8211; 8Go &#8230;<\/p>\n<p>\n                                899,00\u00a0\u20acReconditionn\u00e9                            <\/p>\n<\/li>\n<li class=\"pr__m-pt__lst__itm is--in-dropdown\" data-secondhand=\"\">\n<p>                            <a href=\"https:\/\/prix.lesnums.com\/offer\/eyJwcmljZUlkIjo0MjYxMTksInNpdGVJZCI6MSwib2ZmZXJJZCI6IjllMTMzNWIxLTA2NGItNGJkZS1iMDE3LWRlNmI2ODhkMjNiZiIsImZlZWRJZCI6MzQ1fQ==\" class=\"pr__m-pt__lst__itm__lnk js-price-lead js-track-price-url\" data-source=\"TP\" data-track-action=\"Back Market\" data-track-label=\"Apple MacBook Air (M2)\" data-track-brand=\"Apple\" data-track-price=\"943.13\" data-variant=\"Clic prix sortant variant merged_offers_new_refurbished\" target=\"_blank\" rel=\"nofollow noopener\" aria-label=\"Voir l&#039;offre\" title=\"MacBook Air 13&quot; (2022) - Apple M2 avec CPU 8 c\u0153urs et GPU 8 c\u0153urs - 8Go RAM - SSD 256Go - AZERTY - Fran\u00e7ais\"><\/p>\n<p>                                                                                                                                    MacBook Air 13&Prime; (2022) &#8211; Apple M2 avec CPU 8 c\u0153urs et GPU 8 c\u0153urs &#8211; 8Go &#8230;<\/p>\n<p>\n                                943,13\u00a0\u20acReconditionn\u00e9                            <\/p>\n<\/li>\n<\/ul>\n<li class=\"pr__m-pt__lst__itm \" role=\"listitem\">\n<p>            <a href=\"https:\/\/prix.lesnums.com\/offer\/eyJwcmljZUlkIjo0MjYxMTksInNpdGVJZCI6MSwib2ZmZXJJZCI6Ijg2NDk2MTk1NDIiLCJmZWVkSWQiOjEwMTl9\" class=\"pr__m-pt__lst__itm__lnk js-price-lead js-track-price-url\" data-source=\"TP\" data-track-action=\"Rakuten\" data-track-label=\"Apple MacBook Air (M2)\" data-track-brand=\"Apple\" data-track-price=\"999.98\" data-variant=\"Clic prix sortant variant merged_offers_new_refurbished\" target=\"_blank\" rel=\"nofollow noopener\" aria-label=\"Voir l&#039;offre\" title=\"Apple MacBook Air MLY33FN\/A - Mi-2022 - 13.6&quot; M2 8 Go RAM 256 Go SSD Noir AZERTY\"><\/p>\n<p>                    <img decoding=\"async\" src=\"https:\/\/www.europesays.com\/fr\/wp-content\/uploads\/2025\/08\/1754704757_481_rakuten-2632ec7e.jpg\" alt=\"Rakuten\" loading=\"lazy\" intrinsicsize=\"16x16\" width=\"16\" height=\"16\"\/><br \/>\n                    Rakuten<\/p>\n<p>\n                999,98\u00a0\u20ac                    Neuf<\/p>\n<\/li>\n<li class=\"pr__m-pt__lst__itm \" role=\"listitem\">\n<p>            <a href=\"https:\/\/prix.lesnums.com\/offer\/eyJwcmljZUlkIjo0MjYxMTksInNpdGVJZCI6MSwib2ZmZXJJZCI6IjQxMzU1MzU5NTM1IiwiZmVlZElkIjoyNzF9\" class=\"pr__m-pt__lst__itm__lnk js-price-lead js-track-price-url\" data-source=\"TP\" data-track-action=\"Grosbill\" data-track-label=\"Apple MacBook Air (M2)\" data-track-brand=\"Apple\" data-track-price=\"1 014.99\" data-variant=\"Clic prix sortant variant merged_offers_new_refurbished\" target=\"_blank\" rel=\"nofollow noopener\" aria-label=\"Voir l&#039;offre\" title=\"Apple MacBook Air 13.6&quot; - WQXGA\/M2\/8Go\/256SSD\/Noir\"><\/p>\n<p>                    <img decoding=\"async\" src=\"https:\/\/www.europesays.com\/fr\/wp-content\/uploads\/2025\/07\/1753936358_88_grosbill-cba34a29.png\" alt=\"Grosbill\" loading=\"lazy\" intrinsicsize=\"16x16\" width=\"16\" height=\"16\"\/><br \/>\n                    Grosbill<\/p>\n<p>\n                1 014,99\u00a0\u20ac                    Neuf<\/p>\n<\/li>\n<li class=\"pr__m-pt__lst__itm \" role=\"listitem\">\n<p>            <a href=\"https:\/\/prix.lesnums.com\/offer\/eyJwcmljZUlkIjo0MjYxMTksInNpdGVJZCI6MSwib2ZmZXJJZCI6IjA0MDAyMjU5IiwiZmVlZElkIjozMjF9\" class=\"pr__m-pt__lst__itm__lnk js-price-lead js-track-price-url\" data-source=\"TP\" data-track-action=\"Cybertek\" data-track-label=\"Apple MacBook Air (M2)\" data-track-brand=\"Apple\" data-track-price=\"1 069.90\" data-variant=\"Clic prix sortant variant merged_offers_new_refurbished\" target=\"_blank\" rel=\"nofollow noopener\" aria-label=\"Voir l&#039;offre\" title=\"Apple MacBook Air 13.6&quot; - WQXGA\/M2\/8Go\/256SSD\/Noir\"><\/p>\n<p>                    <img decoding=\"async\" src=\"https:\/\/www.europesays.com\/fr\/wp-content\/uploads\/2025\/07\/1753936360_862_cybertek-238ddc22.png\" alt=\"Cybertek\" loading=\"lazy\" intrinsicsize=\"16x16\" width=\"16\" height=\"16\"\/><br \/>\n                    Cybertek<\/p>\n<p>\n                1 069,90\u00a0\u20ac                    Neuf<\/p>\n<\/li>\n<li class=\"pr__m-pt__lst__itm \" role=\"listitem\">\n<p>            <a href=\"https:\/\/prix.lesnums.com\/offer\/eyJwcmljZUlkIjo0MjYxMTksInNpdGVJZCI6MSwib2ZmZXJJZCI6IjEwNjk5OSIsImZlZWRJZCI6MTE4NX0=\" class=\"pr__m-pt__lst__itm__lnk js-price-lead js-track-price-url\" data-source=\"TP\" data-track-action=\"Pixmania\" data-track-label=\"Apple MacBook Air (M2)\" data-track-brand=\"Apple\" data-track-price=\"1 882.99\" data-variant=\"Clic prix sortant variant merged_offers_new_refurbished\" target=\"_blank\" rel=\"nofollow noopener\" aria-label=\"Voir l&#039;offre\" title=\"MacBook Pro M2 (2022) 13.3&#039;, 3.5 GHz 256 Go 8 Go  Apple GPU 10, Gris sid\u00e9ral - AZERTY\"><\/p>\n<p>                    <img decoding=\"async\" src=\"https:\/\/www.europesays.com\/fr\/wp-content\/uploads\/2025\/08\/1754732001_439_pixmania-d02b3e81.png\" alt=\"Pixmania\" loading=\"lazy\" intrinsicsize=\"16x16\" width=\"16\" height=\"16\"\/><br \/>\n                    Pixmania<\/p>\n<p>\n                1 882,99\u00a0\u20ac                    Neuf<\/p>\n<\/li>\n<\/ul>\n<p>\n            Fonctionnement du tableau de prix\n        <\/p>\n<p>\n\tD\u00e9sactivez votre bloqueur de publicit\u00e9s pour acc\u00e9der \u00e0 tous les liens ci-dessus.\n<\/p>\n<p class=\"ed__a-p ed__bdy__l\">Il s&rsquo;agirait donc d&rsquo;une mise \u00e0 jour mat\u00e9rielle majeure pour le MacBook Pro avec la premi\u00e8re int\u00e9gration d&rsquo;un \u00e9cran OLED dans les PC portables d&rsquo;Apple. Pour le moment, la firme de Cupertino utilise la technologie mini-LED. C&rsquo;est <a href=\"https:\/\/www.lesnumeriques.com\/ordinateur-portable\/macbook-pro-oled-voici-l-ecran-samsung-qui-pourrait-equiper-les-futurs-modeles-d-apple-n237171.html\" title=\"MacBook Pro Oled\u00a0: voici l\u2019\u00e9cran Samsung qui pourrait \u00e9quiper les futurs mod\u00e8les d\u2019Apple\u00a0!\" rel=\"nofollow noopener\" target=\"_blank\">Samsung Display qui serait le fournisseur de ces dalles<\/a> via son processus de fabrication nouvelle g\u00e9n\u00e9ration capable de produire des \u00e9crans OLED \u00e0 grande \u00e9chelle et de qualit\u00e9.<\/p>\n<p>Un \u00e9cran OLED pour le MacBook Pro ?<\/p>\n<p class=\"ed__a-p ed__bdy__l\"><img loading=\"lazy\" decoding=\"async\" src=\"data:image\/svg+xml,%3Csvg xmlns='http:\/\/www.w3.org\/2000\/svg'%3E%3C\/svg%3E\" draggable=\"false\" width=\"3072\" height=\"2048\" class=\"ed__title-xxs\" alt=\"Apple MacBook Pro\u00a016 (M4\u00a0Pro)\u00a0: la station de travail par excellence\" style=\"background-color: #f2f2f2; aspect-ratio:3072\/2048;\"\/><\/p>\n<p>            Publicit\u00e9, votre contenu continue ci-dessous<\/p>\n<p>        Publicit\u00e9<\/p>\n<p class=\"ed__a-p ed__bdy__l\">Pour rappel, la technologie OLED affiche des noirs plus profonds, de meilleurs contrastes, des couleurs plus vives et permet d&rsquo;am\u00e9liorer l&rsquo;autonomie. En plus de ces dalles, le MacBook Pro profiterait d&rsquo;un nouveau design avec des bordures plus fines, une conception plus l\u00e9g\u00e8re et des modifications au niveau de la cam\u00e9ra FaceTime.<\/p>\n<p class=\"ed__a-p ed__bdy__l\">Selon l&rsquo;analyse de Mark Gurman, beaucoup d&rsquo;utilisateurs de MacBook Pro gardent leur mod\u00e8le dot\u00e9 des puces M1 ou M2 car les performances suffisent largement.<\/p>\n<p class=\"ed__a-p ed__bdy__l\">Les puces d&rsquo;Apple sont tr\u00e8s rapides et efficaces, et peu de personnes ressentent le besoin de mettre \u00e0 jour leur mat\u00e9riel. Pourquoi d\u00e9penser plusieurs centaines d&rsquo;euros quand le matos fonctionne tr\u00e8s bien ?<\/p>\n<p class=\"ed__a-p ed__bdy__l\">L&rsquo;ajout d&rsquo;un \u00e9cran OLED avec un nouveau design pourrait pousser certains acheteurs \u00e0 renouveler leur mat\u00e9riel. L&rsquo;exp\u00e9rience utilisateur au niveau du multim\u00e9dia notamment serait am\u00e9lior\u00e9e avec cette technologie.<\/p>\n<p>Une technologie d\u00e9j\u00e0 pr\u00e9sente chez la concurrence<\/p>\n<p class=\"ed__a-p ed__bdy__l\">Des constructeurs comme Dell, HP et Lenovo proposent des PC portables avec un \u00e9cran OLED mais souvent au d\u00e9triment du prix et de l&rsquo;autonomie. Si Apple propose cette technologie sans impacter les performances de la batterie, son avance serait significative.<\/p>\n<p class=\"ed__a-p ed__bdy__l\">Apple chercherait donc \u00e0 se concentrer sur le design et l&rsquo;\u00e9cran au lieu d&rsquo;am\u00e9liorer la vitesse ou l&rsquo;efficacit\u00e9 qui ont atteint une sorte de plafond de verre.<\/p>\n<p class=\"ed__a-p ed__bdy__l\">Mais rappelons que la technologie OLED a des inconv\u00e9nients comme sa sensibilit\u00e9 au marquage permanent et une consommation d&rsquo;\u00e9nergie qui n&rsquo;est pas la m\u00eame selon le contenu affich\u00e9. Est-ce qu&rsquo;Apple a r\u00e9solu ces probl\u00e8mes r\u00e9currents ? Seul l&rsquo;avenir nous le dira.<\/p>\n<p class=\"ed__a-p ed__bdy__l\">Rappelons qu&rsquo;Apple a d&rsquo;autres projets dans ses cartons pour les prochains mois. L&rsquo;entreprise californienne pr\u00e9pare la sortie de son <a href=\"https:\/\/www.lesnumeriques.com\/telephone-portable\/iphone-17-des-hausses-de-prix-pour-presque-tous-les-modeles-la-mauvaise-surprise-d-apple-n240484.html\" title=\"iPhone 17 : des hausses de prix pour presque tous les mod\u00e8les, la mauvaise surprise d\u2019Apple\" rel=\"nofollow noopener\" target=\"_blank\">iPhone 17<\/a> mais surtout celle d&rsquo;iOS 26, <a href=\"https:\/\/www.lesnumeriques.com\/telephone-portable\/ios-26-decu-par-la-nouvelle-interface-des-iphone-moi-aussi-et-voici-pourquoi-n240619.html\" title=\"iOS 26 : d\u00e9\u00e7u par la nouvelle interface des iPhone ? Moi aussi, et voici pourquoi\" rel=\"nofollow noopener\" target=\"_blank\">prochaine mise \u00e0 jour majeure de son syst\u00e8me d&rsquo;exploitation<\/a>.<\/p>\n<p class=\"ed__a-p ed__bdy__l\">L&rsquo;interface passe donc d&rsquo;iOS 18 \u00e0 iOS 26 pour respecter l&rsquo;ann\u00e9e en cours. Apple d\u00e9ploiera un tout nouveau design appel\u00e9 Liquid Glass dont profiteront tous ses syst\u00e8mes d&rsquo;exploitation. Aussi bien watchOS 26 que macOS 26 ou visionOS 26.<\/p>\n<p>            Publicit\u00e9, votre contenu continue ci-dessous<\/p>\n<p>        Publicit\u00e9<\/p>\n<p class=\"ed__a-p ed__bdy__l\">Envie de faire encore plus d&rsquo;\u00e9conomies ? D\u00e9couvrez <a href=\"https:\/\/www.lesnumeriques.com\/codes-promo.html\" rel=\"nofollow noopener\" target=\"_blank\">nos codes promo<\/a> s\u00e9lectionn\u00e9s pour vous.<\/p>\n","protected":false},"excerpt":{"rendered":"Apple MacBook Air (M2) Back Market 850,00\u00a0\u20acReconditionn\u00e9 MacBook Pro 13&Prime; (2022) &#8211; Apple M2 avec CPU 8 c\u0153urs&hellip;\n","protected":false},"author":2,"featured_media":310028,"comment_status":"","ping_status":"","sticky":false,"template":"","format":"standard","meta":{"footnotes":""},"categories":[7],"tags":[1011,27,43,40,41,39,42,44],"class_list":{"0":"post-310027","1":"post","2":"type-post","3":"status-publish","4":"format-standard","5":"has-post-thumbnail","7":"category-sciences-et-technologies","8":"tag-fr","9":"tag-france","10":"tag-science","11":"tag-science-and-technology","12":"tag-sciences","13":"tag-sciences-et-technologies","14":"tag-technologies","15":"tag-technology"},"share_on_mastodon":{"url":"https:\/\/pubeurope.com\/@fr\/115006086712049752","error":""},"_links":{"self":[{"href":"https:\/\/www.europesays.com\/fr\/wp-json\/wp\/v2\/posts\/310027","targetHints":{"allow":["GET"]}}],"collection":[{"href":"https:\/\/www.europesays.com\/fr\/wp-json\/wp\/v2\/posts"}],"about":[{"href":"https:\/\/www.europesays.com\/fr\/wp-json\/wp\/v2\/types\/post"}],"author":[{"embeddable":true,"href":"https:\/\/www.europesays.com\/fr\/wp-json\/wp\/v2\/users\/2"}],"replies":[{"embeddable":true,"href":"https:\/\/www.europesays.com\/fr\/wp-json\/wp\/v2\/comments?post=310027"}],"version-history":[{"count":0,"href":"https:\/\/www.europesays.com\/fr\/wp-json\/wp\/v2\/posts\/310027\/revisions"}],"wp:featuredmedia":[{"embeddable":true,"href":"https:\/\/www.europesays.com\/fr\/wp-json\/wp\/v2\/media\/310028"}],"wp:attachment":[{"href":"https:\/\/www.europesays.com\/fr\/wp-json\/wp\/v2\/media?parent=310027"}],"wp:term":[{"taxonomy":"category","embeddable":true,"href":"https:\/\/www.europesays.com\/fr\/wp-json\/wp\/v2\/categories?post=310027"},{"taxonomy":"post_tag","embeddable":true,"href":"https:\/\/www.europesays.com\/fr\/wp-json\/wp\/v2\/tags?post=310027"}],"curies":[{"name":"wp","href":"https:\/\/api.w.org\/{rel}","templated":true}]}}