{"id":310031,"date":"2025-08-10T19:20:09","date_gmt":"2025-08-10T19:20:09","guid":{"rendered":"https:\/\/www.europesays.com\/fr\/310031\/"},"modified":"2025-08-10T19:20:09","modified_gmt":"2025-08-10T19:20:09","slug":"un-seisme-de-magnitude-61-secoue-louest-de-la-turquie-2","status":"publish","type":"post","link":"https:\/\/www.europesays.com\/fr\/310031\/","title":{"rendered":"Un s\u00e9isme de magnitude 6,1 secoue l&rsquo;ouest de la Turquie"},"content":{"rendered":"<p>L&rsquo;agence turque de gestion des catastrophes a signal\u00e9 un s\u00e9isme de magnitude 6,1 dans l&rsquo;ouest de la Turquie ce dimanche 10 ao\u00fbt au soir.<\/p>\n<p>Un s\u00e9isme de magnitude 6,1 est survenu \u00e0 Sindirgi, dans la province de Balikesir (ouest de la Turquie) ce dimanche 10 ao\u00fbt, a affirm\u00e9 l&rsquo;Agence turque de gestion des catastrophes (AFAD).<\/p>\n<p>Le s\u00e9isme a \u00e9t\u00e9 ressenti dans de nombreuses villes de l&rsquo;ouest du pays, dont Istanbul et Izmir, selon les autorit\u00e9s turques qui n&rsquo;ont pour l&rsquo;instant pas annonc\u00e9 de victimes. L&rsquo;AFAD dit suivre \u00ab\u00a0l&rsquo;\u00e9volution de la situation\u00a0\u00bb.<\/p>\n<p>\u00ab\u00a0Toutes les \u00e9quipes de l&rsquo;AFAD et de nos institutions concern\u00e9es ont imm\u00e9diatement commenc\u00e9 les recherches sur le terrain. Aucun \u00e9v\u00e9nement ind\u00e9sirable n&rsquo;a \u00e9t\u00e9 signal\u00e9 jusqu&rsquo;\u00e0 pr\u00e9sent\u00a0\u00bb, a affirm\u00e9 le ministre turc de l&rsquo;Int\u00e9rieur Ali Yerlikaya sur X.<\/p>\n<p>Selon les images diffus\u00e9es par le m\u00e9dia local <a href=\"https:\/\/www.turkiyegazetesi.com.tr\/gundem\/balikesirde-deprem-bir-ev-yikildi-2-kisi-kurtarildi-1137208?s=3\" target=\"_blank\" class=\"external_link\" rel=\"nofollow noopener\">Turkiye<\/a>, des b\u00e2timents se sont effondr\u00e9s dans la province de Balikesir.<\/p>\n<p>Une r\u00e9plique quelques minutes plus tard<\/p>\n<p>Une r\u00e9plique de magnitude 4,6 est survenue quelques minutes apr\u00e8s le s\u00e9isme, selon AFAD. Un s\u00e9isme de magnitude 5,8 a fait une victime et soixante-neuf bless\u00e9s d\u00e9but juin dans le sud-ouest de la Turquie.<\/p>\n<p>Le pays est travers\u00e9 par plusieurs failles qui ont caus\u00e9 de nombreux drames par le pass\u00e9. Le sud-est du pays a subi un violent tremblement de terre en f\u00e9vrier 2023 qui a fait au moins 53.000 morts et d\u00e9vast\u00e9 la cit\u00e9 antique d&rsquo;Antakya, l&rsquo;ancienne Antioche.<\/p>\n","protected":false},"excerpt":{"rendered":"L&rsquo;agence turque de gestion des catastrophes a signal\u00e9 un s\u00e9isme de magnitude 6,1 dans l&rsquo;ouest de la Turquie&hellip;\n","protected":false},"author":2,"featured_media":69507,"comment_status":"","ping_status":"","sticky":false,"template":"","format":"standard","meta":{"footnotes":""},"categories":[5],"tags":[11,1011,27,14,12,28],"class_list":{"0":"post-310031","1":"post","2":"type-post","3":"status-publish","4":"format-standard","5":"has-post-thumbnail","7":"category-international","8":"tag-actualites","9":"tag-fr","10":"tag-france","11":"tag-international","12":"tag-news","13":"tag-world"},"share_on_mastodon":{"url":"","error":""},"_links":{"self":[{"href":"https:\/\/www.europesays.com\/fr\/wp-json\/wp\/v2\/posts\/310031","targetHints":{"allow":["GET"]}}],"collection":[{"href":"https:\/\/www.europesays.com\/fr\/wp-json\/wp\/v2\/posts"}],"about":[{"href":"https:\/\/www.europesays.com\/fr\/wp-json\/wp\/v2\/types\/post"}],"author":[{"embeddable":true,"href":"https:\/\/www.europesays.com\/fr\/wp-json\/wp\/v2\/users\/2"}],"replies":[{"embeddable":true,"href":"https:\/\/www.europesays.com\/fr\/wp-json\/wp\/v2\/comments?post=310031"}],"version-history":[{"count":0,"href":"https:\/\/www.europesays.com\/fr\/wp-json\/wp\/v2\/posts\/310031\/revisions"}],"wp:featuredmedia":[{"embeddable":true,"href":"https:\/\/www.europesays.com\/fr\/wp-json\/wp\/v2\/media\/69507"}],"wp:attachment":[{"href":"https:\/\/www.europesays.com\/fr\/wp-json\/wp\/v2\/media?parent=310031"}],"wp:term":[{"taxonomy":"category","embeddable":true,"href":"https:\/\/www.europesays.com\/fr\/wp-json\/wp\/v2\/categories?post=310031"},{"taxonomy":"post_tag","embeddable":true,"href":"https:\/\/www.europesays.com\/fr\/wp-json\/wp\/v2\/tags?post=310031"}],"curies":[{"name":"wp","href":"https:\/\/api.w.org\/{rel}","templated":true}]}}