{"id":310042,"date":"2025-08-10T19:29:10","date_gmt":"2025-08-10T19:29:10","guid":{"rendered":"https:\/\/www.europesays.com\/fr\/310042\/"},"modified":"2025-08-10T19:29:10","modified_gmt":"2025-08-10T19:29:10","slug":"passe-par-toulon-wilco-louw-quitte-les-bulls-pour-les-stormers","status":"publish","type":"post","link":"https:\/\/www.europesays.com\/fr\/310042\/","title":{"rendered":"Pass\u00e9 par Toulon, Wilco Louw quitte les Bulls pour les Stormers !"},"content":{"rendered":"<p>C\u2019est un gros coup effectu\u00e9 par la franchise Sud-Africaine des Stormers.<\/p>\n<p>Le pilier droit international Sud-Africain, Wilco Louw a d\u00e9cid\u00e9 de quitter les Bulls.<\/p>\n<p>Apr\u00e8s deux saisons pass\u00e9es chez les Bulls, le joueur de 31 ans a d\u00e9cid\u00e9 de retourner chez les Stormers, un club qu\u2019il connait tr\u00e8s bien.<\/p>\n<p>En effet, celui qui compte 17 s\u00e9lections avec les Springboks a \u00e9volu\u00e9 chez les Stormers de 2015 \u00e0 2019.<\/p>\n<p>Six ans apr\u00e8s son d\u00e9part donc, Wilco Louw s\u2019appr\u00eate \u00e0 faire son grand retour chez les Stormers.<\/p>\n<p>Pour rappel, Wilco Louw a jou\u00e9 sous les couleurs du Rugby Club Toulonnais en 2020. Il avait disput\u00e9 cinq matches de Top 14 avec le RCT.<\/p>\n","protected":false},"excerpt":{"rendered":"C\u2019est un gros coup effectu\u00e9 par la franchise Sud-Africaine des Stormers. Le pilier droit international Sud-Africain, Wilco Louw&hellip;\n","protected":false},"author":2,"featured_media":310043,"comment_status":"","ping_status":"","sticky":false,"template":"","format":"standard","meta":{"footnotes":""},"categories":[9619],"tags":[1111,11,1777,674,1011,27,12,882,25,2310],"class_list":{"0":"post-310042","1":"post","2":"type-post","3":"status-publish","4":"format-standard","5":"has-post-thumbnail","7":"category-toulon","8":"tag-actu","9":"tag-actualites","10":"tag-eu","11":"tag-europe","12":"tag-fr","13":"tag-france","14":"tag-news","15":"tag-provence-alpes-cote-dazur","16":"tag-republique-francaise","17":"tag-toulon"},"share_on_mastodon":{"url":"https:\/\/pubeurope.com\/@fr\/115006128930523985","error":""},"_links":{"self":[{"href":"https:\/\/www.europesays.com\/fr\/wp-json\/wp\/v2\/posts\/310042","targetHints":{"allow":["GET"]}}],"collection":[{"href":"https:\/\/www.europesays.com\/fr\/wp-json\/wp\/v2\/posts"}],"about":[{"href":"https:\/\/www.europesays.com\/fr\/wp-json\/wp\/v2\/types\/post"}],"author":[{"embeddable":true,"href":"https:\/\/www.europesays.com\/fr\/wp-json\/wp\/v2\/users\/2"}],"replies":[{"embeddable":true,"href":"https:\/\/www.europesays.com\/fr\/wp-json\/wp\/v2\/comments?post=310042"}],"version-history":[{"count":0,"href":"https:\/\/www.europesays.com\/fr\/wp-json\/wp\/v2\/posts\/310042\/revisions"}],"wp:featuredmedia":[{"embeddable":true,"href":"https:\/\/www.europesays.com\/fr\/wp-json\/wp\/v2\/media\/310043"}],"wp:attachment":[{"href":"https:\/\/www.europesays.com\/fr\/wp-json\/wp\/v2\/media?parent=310042"}],"wp:term":[{"taxonomy":"category","embeddable":true,"href":"https:\/\/www.europesays.com\/fr\/wp-json\/wp\/v2\/categories?post=310042"},{"taxonomy":"post_tag","embeddable":true,"href":"https:\/\/www.europesays.com\/fr\/wp-json\/wp\/v2\/tags?post=310042"}],"curies":[{"name":"wp","href":"https:\/\/api.w.org\/{rel}","templated":true}]}}