{"id":310055,"date":"2025-08-10T19:39:12","date_gmt":"2025-08-10T19:39:12","guid":{"rendered":"https:\/\/www.europesays.com\/fr\/310055\/"},"modified":"2025-08-10T19:39:12","modified_gmt":"2025-08-10T19:39:12","slug":"le-strasbourg-ath-jouera-quatre-fois-au-rhenus-lors-de-la-saison-2025-2026","status":"publish","type":"post","link":"https:\/\/www.europesays.com\/fr\/310055\/","title":{"rendered":"le Strasbourg ATH jouera quatre fois au Rhenus lors de la saison 2025-2026"},"content":{"rendered":"<p>Dalila Abdesselam et ses co\u00e9quipi\u00e8res avaient jou\u00e9 trois fois au Rhenus lors de l&rsquo;exercice 2024-2025, contre Metz et Brest, les locomotives du handball f\u00e9minin fran\u00e7ais, et le Paris 92, d\u00e9crochant contre le club de la capitale <a href=\"https:\/\/www.dna.fr\/sport\/2025\/02\/19\/le-strasbourg-ath-en-lettres-capitales\" target=\"_blank\" rel=\"noopener\">leur premier victoire dans la salle strasbourgeoise<\/a> (21-20).<\/p>\n<p>Les Piraths seront de retour au Rhenus cette saison, <a href=\"https:\/\/www.dna.fr\/sport\/2025\/06\/24\/l-europ-a-cup-prete-a-seduire\" target=\"_blank\" rel=\"noopener\">et pas seulement pour l&rsquo;Europ&rsquo;A Cup fin ao\u00fbt<\/a>. Quatre matches de championnat sont ainsi programm\u00e9s, \u00e9videmment contre les deux clubs engag\u00e9s en Ligue des champions, Metz, le 4 janvier, et Brest, le 25 f\u00e9vrier.<\/p>\n<p>Ce contenu est bloqu\u00e9 car vous n&rsquo;avez pas accept\u00e9 les cookies et autres traceurs.<\/p>\n<p>En cliquant sur \u00ab J\u2019accepte \u00bb, les cookies et autres traceurs seront d\u00e9pos\u00e9s et vous pourrez visualiser les contenus  (<a href=\"\" class=\"consentModule_policy\" target=\"_blank\" title=\"Consulter la politique de protection des donn\u00e9es du fournisseur\">plus d&rsquo;informations<\/a>).<\/p>\n<p>En cliquant sur \u00ab J\u2019accepte tous les cookies \u00bb, vous autorisez des d\u00e9p\u00f4ts de cookies et autres traceurs pour le stockage de vos donn\u00e9es sur nos sites et applications \u00e0 des fins de personnalisation et de ciblage publicitaire.<\/p>\n<p class=\"consentModule_secondaryText\">Vous gardez la possibilit\u00e9 de retirer votre consentement \u00e0 tout moment en consultant notre <a href=\"https:\/\/www.dna.fr\/protection-des-donnees\" target=\"_blank\" title=\"Consulter notre politique de protection des donn\u00e9es\" rel=\"noopener\">politique de protection des donn\u00e9es<\/a>. <br \/>&#13;<br \/>\n            <a href=\"https:\/\/www.dna.fr\/sport\/2025\/08\/10\/javascript:Didomi.notice.show()\" class=\"consentModule_cmp\" target=\"_blank\" rel=\"noopener\">G\u00e9rer mes choix<\/a>&#13;\n        <\/p>\n<p>&#13;<br \/>\n                        J&rsquo;accepte&#13;<br \/>\n            J&rsquo;accepte tous les cookies&#13;\n        <\/p>\n<p><a href=\"https:\/\/www.dna.fr\/sport\/2024\/02\/21\/une-magnifique-demonstration-de-force-le-strasbourg-ath-va-battre-un-record-au-rhenus\" target=\"_blank\" rel=\"noopener\">Le SATH<\/a> investira aussi le Rhenus d\u00e8s le 11 octobre face \u00e0 Dijon, qualifi\u00e9 en Ligue europ\u00e9enne (la deuxi\u00e8me coupe d&rsquo;Europe), et une derni\u00e8re fois le 17 ou le 18 avril contre Besan\u00e7on, autre club qualifi\u00e9 en Ligue europ\u00e9enne.<\/p>\n<p>\u00ab\u00a0On croit qu&rsquo;il y a une demande sur le territoire strasbourgeois, eurom\u00e9tropolitain et alsacien d&rsquo;un club f\u00e9minin de handball de tr\u00e8s haut niveau, indique Aur\u00e9lien Duraffourg, le manager g\u00e9n\u00e9ral du Strasbourg ATH. Le fait de pouvoir jouer r\u00e9guli\u00e8rement de grandes affiches au Rhenus <a href=\"https:\/\/www.dna.fr\/encadres\/2025\/05\/06\/on-ne-devient-pas-riche-en-jouant-au-rhenus\" target=\"_blank\" rel=\"noopener\">fait partie d&rsquo;un vrai levier de d\u00e9veloppement pour nous<\/a>. C&rsquo;est aussi une magnifique occasion de rencontrer des sportives de tr\u00e8s haut niveau.\u00a0\u00bb<\/p>\n","protected":false},"excerpt":{"rendered":"Dalila Abdesselam et ses co\u00e9quipi\u00e8res avaient jou\u00e9 trois fois au Rhenus lors de l&rsquo;exercice 2024-2025, contre Metz et&hellip;\n","protected":false},"author":2,"featured_media":310056,"comment_status":"","ping_status":"","sticky":false,"template":"","format":"standard","meta":{"footnotes":""},"categories":[2820],"tags":[1111,11,2389,2649,1777,674,107,1701,1011,27,329,775,1792,12,25,517,640,12904,18463],"class_list":{"0":"post-310055","1":"post","2":"type-post","3":"status-publish","4":"format-standard","5":"has-post-thumbnail","7":"category-strasbourg","8":"tag-actu","9":"tag-actualites","10":"tag-alsace","11":"tag-bas-rhin","12":"tag-eu","13":"tag-europe","14":"tag-fil-info","15":"tag-fil-info-sport","16":"tag-fr","17":"tag-france","18":"tag-france-monde","19":"tag-grand-est","20":"tag-handball","21":"tag-news","22":"tag-republique-francaise","23":"tag-sport","24":"tag-strasbourg","25":"tag-strasbourg-ath","26":"tag-truchtersheim"},"share_on_mastodon":{"url":"https:\/\/pubeurope.com\/@fr\/115006168281725016","error":""},"_links":{"self":[{"href":"https:\/\/www.europesays.com\/fr\/wp-json\/wp\/v2\/posts\/310055","targetHints":{"allow":["GET"]}}],"collection":[{"href":"https:\/\/www.europesays.com\/fr\/wp-json\/wp\/v2\/posts"}],"about":[{"href":"https:\/\/www.europesays.com\/fr\/wp-json\/wp\/v2\/types\/post"}],"author":[{"embeddable":true,"href":"https:\/\/www.europesays.com\/fr\/wp-json\/wp\/v2\/users\/2"}],"replies":[{"embeddable":true,"href":"https:\/\/www.europesays.com\/fr\/wp-json\/wp\/v2\/comments?post=310055"}],"version-history":[{"count":0,"href":"https:\/\/www.europesays.com\/fr\/wp-json\/wp\/v2\/posts\/310055\/revisions"}],"wp:featuredmedia":[{"embeddable":true,"href":"https:\/\/www.europesays.com\/fr\/wp-json\/wp\/v2\/media\/310056"}],"wp:attachment":[{"href":"https:\/\/www.europesays.com\/fr\/wp-json\/wp\/v2\/media?parent=310055"}],"wp:term":[{"taxonomy":"category","embeddable":true,"href":"https:\/\/www.europesays.com\/fr\/wp-json\/wp\/v2\/categories?post=310055"},{"taxonomy":"post_tag","embeddable":true,"href":"https:\/\/www.europesays.com\/fr\/wp-json\/wp\/v2\/tags?post=310055"}],"curies":[{"name":"wp","href":"https:\/\/api.w.org\/{rel}","templated":true}]}}