{"id":310059,"date":"2025-08-10T19:45:13","date_gmt":"2025-08-10T19:45:13","guid":{"rendered":"https:\/\/www.europesays.com\/fr\/310059\/"},"modified":"2025-08-10T19:45:13","modified_gmt":"2025-08-10T19:45:13","slug":"joao-neves-suspendu-contre-tottenham-en-supercoupe-deurope-et-contre-nantes-en-ligue-1","status":"publish","type":"post","link":"https:\/\/www.europesays.com\/fr\/310059\/","title":{"rendered":"Joao Neves suspendu contre Tottenham en Supercoupe d&rsquo;Europe et contre Nantes en Ligue 1"},"content":{"rendered":"<p class=\"mb-4 text-lg md:leading-8 break-words\">Le PSG tente de transformer un gros inconv\u00e9nient en une situation int\u00e9ressante. Le hic, c&rsquo;est la suspension de <a href=\"https:\/\/fr.news.yahoo.com\/sport\/psg-joao-neves-suspendu-dit-143618702.html\" data-ylk=\"slk:Joao Neves;elm:context_link;itc:0;sec:content-canvas;outcm:mb_qualified_link;_E:mb_qualified_link;ct:story;\" class=\"link  yahoo-link\" target=\"_blank\" rel=\"noopener\">Joao Neves<\/a> pour deux matchs \u00e0 la suite de son carton rouge re\u00e7u <a href=\"https:\/\/rmcsport.bfmtv.com\/football\/mondial-des-clubs\/direct-psg-chelsea-suivez-en-live-la-finale-de-la-coupe-du-monde-des-clubs-2025_LS-202507130187.html\" rel=\"nofollow noopener\" target=\"_blank\" data-ylk=\"slk:contre Chelsea, en finale de la Coupe du monde des clubs;elm:context_link;itc:0;sec:content-canvas\" class=\"link \">contre Chelsea, en finale de la Coupe du monde des clubs<\/a> le 13 juillet. Le milieu de terrain portugais avait \u00e9t\u00e9 expuls\u00e9 pour avoir tir\u00e9 les cheveux de Marc Cucurella. Paris ne pourra donc pas compter sur lui pour la Supercoupe d&rsquo;Europe contre Tottenham mercredi ni \u00e0 Nantes le dimanche suivant, pour le match de cl\u00f4ture de la premi\u00e8re journ\u00e9e de Ligue 1.<\/p>\n<p class=\"mb-4 text-lg md:leading-8 break-words\"><a href=\"https:\/\/rmcsport.bfmtv.com\/football\/clubs\/paris-saint-germain\/luis-enrique_DN-202308300457.html\" rel=\"nofollow noopener\" target=\"_blank\" data-ylk=\"slk:Luis Enrique;elm:context_link;itc:0;sec:content-canvas\" class=\"link \">Luis Enrique<\/a> et son staff ont d\u00e9cid\u00e9 d&rsquo;exploiter cette situation contraignante \u00e0 leur avantage ou presque, en lui proposant un programme d&rsquo;entra\u00eenement adapt\u00e9 depuis la reprise. Avec le calendrier \u00e0 rallonge de la saison pass\u00e9e et cette Coupe du monde des clubs aux Etats-Unis, le PSG a d\u00e9cal\u00e9 les vacances des joueurs et n&rsquo;a repris l&rsquo;entra\u00eenement que le 6 ao\u00fbt, soit une semaine seulement avant le premier match officiel de la saison.<\/p>\n<p class=\"mb-4 text-lg md:leading-8 break-words\">L&rsquo;objectif premier est de m\u00e9nager autant que possible les organismes des joueurs, d\u00e9j\u00e0 \u00e9prouv\u00e9s par une longue saison qui s&rsquo;est achev\u00e9e seulement mi-juillet. D&rsquo;autant que la saison 2025-2026 sera longue, avec en prime la Coupe du monde qui se jouera aux Etats-Unis, au Canada et au Mexique et concernera un grand nombre de joueurs Parisiens.<\/p>\n<p class=\"mb-4 text-lg md:leading-8 break-words\">Joao Neves, devenu un titulaire important du milieu de terrain de Luis Enrique, reste un jeune de 20 ans dont il faut g\u00e9rer la forme physique. Cette suspension permet donc au PSG de d\u00e9caler un peu son pic de forme avec un programme de reprise progressive.<\/p>\n<p class=\"mb-4 text-lg md:leading-8 break-words\"><a href=\"https:\/\/rmcsport.bfmtv.com\/football\/clubs\/paris-saint-germain\/psg-joao-neves-suspendu-contre-tottenham-en-supercoupe-d-europe-et-contre-nantes-en-ligue-1_AV-202508100281.html#xtor=AL-68\" rel=\"nofollow noopener\" target=\"_blank\" data-ylk=\"slk:Article original publi\u00e9 sur RMC Sport;elm:context_link;itc:0;sec:content-canvas\" class=\"link \">Article original publi\u00e9 sur RMC Sport<\/a><\/p>\n","protected":false},"excerpt":{"rendered":"Le PSG tente de transformer un gros inconv\u00e9nient en une situation int\u00e9ressante. Le hic, c&rsquo;est la suspension de&hellip;\n","protected":false},"author":2,"featured_media":310060,"comment_status":"","ping_status":"","sticky":false,"template":"","format":"standard","meta":{"footnotes":""},"categories":[2818],"tags":[1111,11,7151,73,1777,674,1011,27,87,44983,921,44982,44722,766,12,626,2636,93,25],"class_list":{"0":"post-310059","1":"post","2":"type-post","3":"status-publish","4":"format-standard","5":"has-post-thumbnail","7":"category-nantes","8":"tag-actu","9":"tag-actualites","10":"tag-coupe-du-monde-des-clubs","11":"tag-etats-unis","12":"tag-eu","13":"tag-europe","14":"tag-fr","15":"tag-france","16":"tag-joao-neves","17":"tag-le-hic","18":"tag-luis-enrique","19":"tag-marc-cucurella","20":"tag-milieu-de-terrain","21":"tag-nantes","22":"tag-news","23":"tag-paris","24":"tag-pays-de-la-loire","25":"tag-psg","26":"tag-republique-francaise"},"share_on_mastodon":{"url":"https:\/\/pubeurope.com\/@fr\/115006192346394680","error":""},"_links":{"self":[{"href":"https:\/\/www.europesays.com\/fr\/wp-json\/wp\/v2\/posts\/310059","targetHints":{"allow":["GET"]}}],"collection":[{"href":"https:\/\/www.europesays.com\/fr\/wp-json\/wp\/v2\/posts"}],"about":[{"href":"https:\/\/www.europesays.com\/fr\/wp-json\/wp\/v2\/types\/post"}],"author":[{"embeddable":true,"href":"https:\/\/www.europesays.com\/fr\/wp-json\/wp\/v2\/users\/2"}],"replies":[{"embeddable":true,"href":"https:\/\/www.europesays.com\/fr\/wp-json\/wp\/v2\/comments?post=310059"}],"version-history":[{"count":0,"href":"https:\/\/www.europesays.com\/fr\/wp-json\/wp\/v2\/posts\/310059\/revisions"}],"wp:featuredmedia":[{"embeddable":true,"href":"https:\/\/www.europesays.com\/fr\/wp-json\/wp\/v2\/media\/310060"}],"wp:attachment":[{"href":"https:\/\/www.europesays.com\/fr\/wp-json\/wp\/v2\/media?parent=310059"}],"wp:term":[{"taxonomy":"category","embeddable":true,"href":"https:\/\/www.europesays.com\/fr\/wp-json\/wp\/v2\/categories?post=310059"},{"taxonomy":"post_tag","embeddable":true,"href":"https:\/\/www.europesays.com\/fr\/wp-json\/wp\/v2\/tags?post=310059"}],"curies":[{"name":"wp","href":"https:\/\/api.w.org\/{rel}","templated":true}]}}