{"id":310070,"date":"2025-08-10T19:52:09","date_gmt":"2025-08-10T19:52:09","guid":{"rendered":"https:\/\/www.europesays.com\/fr\/310070\/"},"modified":"2025-08-10T19:52:09","modified_gmt":"2025-08-10T19:52:09","slug":"etienne-de-crecy-sous-la-pleine-lune-au-musee","status":"publish","type":"post","link":"https:\/\/www.europesays.com\/fr\/310070\/","title":{"rendered":"\u00c9tienne de Cr\u00e9cy sous la pleine lune au mus\u00e9e"},"content":{"rendered":"<p>Pour clore sa semaine \u00ab\u00a0Sous les \u00e9toiles\u00a0\u00bb, une programmation en lien avec <a href=\"https:\/\/www.laprovence.com\/article\/culture-loisirs\/98740633001384\/lire-le-ciel-la-nouvelle-expo-du-mucem-nous-met-la-tete-dans-les-etoiles\" target=\"_blank\" rel=\"nofollow noopener\">l\u2019exposition \u00ab\u00a0Lire le ciel\u00a0\u00bb,<\/a> le Mucem a organis\u00e9 samedi 9\u00a0ao\u00fbt sa premi\u00e8re \u00ab\u00a0Full Moon Party\u00a0\u00bb. Au lieu de faire une insomnie \u00e0 cause de <a href=\"https:\/\/www.laprovence.com\/article\/societe\/4042513101376314\/pleine-lune-de-lesturgeon-2025-les-images-de-ce-spectacle-celeste-impressionnant\" target=\"_blank\" rel=\"nofollow noopener\">\u00ab\u00a0la lune d\u2019Esturgeon\u00a0\u00bb, <\/a>plusieurs centaines de personnes sont venues la c\u00e9l\u00e9brer sur les sons \u00e9lectro du duo d\u00e9jant\u00e9 Walter Astral et sur le DJ set du pionnier de la french touch, <a href=\"https:\/\/www.laprovence.com\/article\/culture-loisirs\/2238480695623814\/la-french-touch-est-devenue-tres-institutionnalisee-pour-le-dj-etienne-de-crecy-present-au-mucem-ce-samedi\" target=\"_blank\" rel=\"nofollow noopener\">\u00c9tienne de Cr\u00e9cy<\/a>. Le tout en plein air, dans une ambiance qui se voulait cosmique.<\/p>\n","protected":false},"excerpt":{"rendered":"Pour clore sa semaine \u00ab\u00a0Sous les \u00e9toiles\u00a0\u00bb, une programmation en lien avec l\u2019exposition \u00ab\u00a0Lire le ciel\u00a0\u00bb, le Mucem&hellip;\n","protected":false},"author":2,"featured_media":310071,"comment_status":"","ping_status":"","sticky":false,"template":"","format":"standard","meta":{"footnotes":""},"categories":[2814],"tags":[17,1111,11,251,11753,1777,674,1011,27,44984,884,44985,6864,12,44986,3051,882,25,3982],"class_list":{"0":"post-310070","1":"post","2":"type-post","3":"status-publish","4":"format-standard","5":"has-post-thumbnail","7":"category-marseille","8":"tag-17","9":"tag-actu","10":"tag-actualites","11":"tag-culture","12":"tag-etienne","13":"tag-eu","14":"tag-europe","15":"tag-fr","16":"tag-france","17":"tag-full","18":"tag-marseille","19":"tag-moon","20":"tag-mucem","21":"tag-news","22":"tag-party","23":"tag-premiere","24":"tag-provence-alpes-cote-dazur","25":"tag-republique-francaise","26":"tag-samedi"},"share_on_mastodon":{"url":"https:\/\/pubeurope.com\/@fr\/115006219475923645","error":""},"_links":{"self":[{"href":"https:\/\/www.europesays.com\/fr\/wp-json\/wp\/v2\/posts\/310070","targetHints":{"allow":["GET"]}}],"collection":[{"href":"https:\/\/www.europesays.com\/fr\/wp-json\/wp\/v2\/posts"}],"about":[{"href":"https:\/\/www.europesays.com\/fr\/wp-json\/wp\/v2\/types\/post"}],"author":[{"embeddable":true,"href":"https:\/\/www.europesays.com\/fr\/wp-json\/wp\/v2\/users\/2"}],"replies":[{"embeddable":true,"href":"https:\/\/www.europesays.com\/fr\/wp-json\/wp\/v2\/comments?post=310070"}],"version-history":[{"count":0,"href":"https:\/\/www.europesays.com\/fr\/wp-json\/wp\/v2\/posts\/310070\/revisions"}],"wp:featuredmedia":[{"embeddable":true,"href":"https:\/\/www.europesays.com\/fr\/wp-json\/wp\/v2\/media\/310071"}],"wp:attachment":[{"href":"https:\/\/www.europesays.com\/fr\/wp-json\/wp\/v2\/media?parent=310070"}],"wp:term":[{"taxonomy":"category","embeddable":true,"href":"https:\/\/www.europesays.com\/fr\/wp-json\/wp\/v2\/categories?post=310070"},{"taxonomy":"post_tag","embeddable":true,"href":"https:\/\/www.europesays.com\/fr\/wp-json\/wp\/v2\/tags?post=310070"}],"curies":[{"name":"wp","href":"https:\/\/api.w.org\/{rel}","templated":true}]}}