{"id":310078,"date":"2025-08-10T19:58:11","date_gmt":"2025-08-10T19:58:11","guid":{"rendered":"https:\/\/www.europesays.com\/fr\/310078\/"},"modified":"2025-08-10T19:58:11","modified_gmt":"2025-08-10T19:58:11","slug":"les-sapeurs-pompiers-recus-en-heros","status":"publish","type":"post","link":"https:\/\/www.europesays.com\/fr\/310078\/","title":{"rendered":"les sapeurs-pompiers re\u00e7us en h\u00e9ros"},"content":{"rendered":"<p>            lire plus tard<\/p>\n<p id=\"dialog__title\" class=\"dialog__title\">Pour sauvegarder cet article, connectez-vous ou cr\u00e9ez un compte franceinfo<\/p>\n<p class=\"dialog__description\">Sans paiement. Sans abonnement.<\/p>\n<p>        Fermer la fen\u00eatre d\u2019activation des notifications France Info<\/p>\n<p>            cr\u00e9er votre compte<\/p>\n<p>            se connecter<\/p>\n<p>        Fermer la fen\u00eatre de pr\u00e9sentation<\/p>\n<p>    Publi\u00e9 le 10\/08\/2025 20:33<\/p>\n<p>      Mis \u00e0 jour le 10\/08\/2025 20:42<\/p>\n<p>        Temps de lecture : 2min &#8211; vid\u00e9o : 3min<\/p>\n<p>    <img decoding=\"async\" class=\"francetv-player-wrapper__image\" alt=\"Incendie meurtrier dans l\u2019Aude : les sapeurs-pompiers re\u00e7us en h\u00e9ros\"  width=\"432\" height=\"243\" src=\"https:\/\/www.europesays.com\/fr\/wp-content\/uploads\/2025\/08\/video-17-6898e4d2cebc7319233176.jpg\" fetchpriority=\"high\"\/><\/p>\n<p>              Incendie meurtrier dans l\u2019Aude : les sapeurs-pompiers re\u00e7us en h\u00e9ros<br \/>\n                    (France 2)<\/p>\n<p>      3min<\/p>\n<p>\n  Dimanche 10 ao\u00fbt, l&rsquo;incendie dans l\u2019Aude a \u00e9t\u00e9 ma\u00eetris\u00e9 selon la pr\u00e9fecture. Quelque 1 300 soldats du feu restent mobilis\u00e9s. Ils peuvent compter sur l\u2019ind\u00e9fectible soutien des populations locales.\n<\/p>\n<p><strong>Ce texte correspond \u00e0 une partie de la retranscription du reportage ci-dessus. Cliquez sur la vid\u00e9o pour la regarder dans son int\u00e9gralit\u00e9.<\/strong><\/p>\n<p>Partout o\u00f9 ils passent, \u00e0 bord de leurs engins ou \u00e0 pied, dans <a href=\"https:\/\/www.franceinfo.fr\/environnement\/evenements-meteorologiques-extremes\/incendies-et-feux-de-foret\/incendie-meurtrier-dans-l-aude\/direct-incendie-meurtrier-dans-l-aude-les-massifs-forestiers-du-departement-fermes-jusqu-a-la-fin-de-la-semaine-prochaine_7428397.html\" rel=\"nofollow noopener\" target=\"_blank\">le massif des Corbi\u00e8res<\/a>, les sapeurs-pompiers sont re\u00e7us en h\u00e9ros. \u00c0 Tournissan (Aude), 300 habitants, la solidarit\u00e9 est sans limite. Les soldats du feu peuvent s\u2019y reposer, reprendre des forces dans leur combat qui dure maintenant depuis mardi 5 ao\u00fbt. Tout est pr\u00e9par\u00e9 par les locaux. \u00ab\u00a0Alors qu&rsquo;eux, ils sont en difficult\u00e9, c&rsquo;est eux qui nous accueillent, donc c&rsquo;est beau\u00a0\u00bb, lance un soldat du feu.<\/p>\n<p>Une immense reconnaissance, c&rsquo;est aussi de cela que se nourrissent les plus de 60 pompiers qui viennent \u00e0 Tournissan midi et soir. \u00ab\u00a0Au-del\u00e0 de la restauration, de nous faire coucou sur la route, de nous encourager, forc\u00e9ment \u00e7a galvanise les troupes et \u00e7a donne encore plus envie de se d\u00e9foncer pour que cette situation soit termin\u00e9e\u00a0\u00bb, confie le lieutenant-colonel Benoit Rossow, sapeur-pompier de l\u2019Ain.<\/p>\n<p>Dans le village que les flammes ont encercl\u00e9, les soldats du feu sont chez eux et la gratitude est pr\u00e9sente \u00e0 chaque coin de rue, jusque dans la cuisine d\u2019un restaurant, o\u00f9 sont concoct\u00e9s pour eux des centaines de repas chaque jour. Les restaurateurs ont d&rsquo;abord puis\u00e9 dans leur stock. Ils utilisent maintenant les nombreux dons re\u00e7us. \u00ab\u00a0La bonne surprise, c&rsquo;est que les dons sont arriv\u00e9s de partout. Carcassonne, Narbonne\u2026\u00a0\u00bb, se r\u00e9jouit le restaurateur. Les dons ont aussi permis d&rsquo;organiser un repas solidaire et une cagnotte pour les pompiers. Pr\u00e8s de 1 000 euros ont \u00e9t\u00e9 r\u00e9colt\u00e9s en quelques heures. Tout a \u00e9t\u00e9 organis\u00e9 par la restauratrice, enti\u00e8rement d\u00e9vou\u00e9e depuis mardi 5 ao\u00fbt. \u00ab\u00a0J&rsquo;ai appris \u00e0 d\u00e9couvrir les pompiers cette semaine et ce sont devenus mes \u00eatres humains pr\u00e9f\u00e9r\u00e9s parce qu&rsquo;ils sont d&rsquo;une g\u00e9n\u00e9rosit\u00e9 incroyable\u00a0\u00bb, partage Julia Ventura, restauratrice. Plus que de l&rsquo;argent, les pompiers ont r\u00e9colt\u00e9 pour toujours la gratitude de tous les habitants du massif des Corbi\u00e8res.<\/p>\n","protected":false},"excerpt":{"rendered":"lire plus tard Pour sauvegarder cet article, connectez-vous ou cr\u00e9ez un compte franceinfo Sans paiement. Sans abonnement. Fermer&hellip;\n","protected":false},"author":2,"featured_media":310079,"comment_status":"","ping_status":"","sticky":false,"template":"","format":"standard","meta":{"footnotes":""},"categories":[1888],"tags":[1111,1928,11,1927,1777,674,1011,27,12,1926,626,1925,25],"class_list":{"0":"post-310078","1":"post","2":"type-post","3":"status-publish","4":"format-standard","5":"has-post-thumbnail","7":"category-paris","8":"tag-actu","9":"tag-actu-paris","10":"tag-actualites","11":"tag-actualites-paris","12":"tag-eu","13":"tag-europe","14":"tag-fr","15":"tag-france","16":"tag-news","17":"tag-news-paris","18":"tag-paris","19":"tag-paris-news","20":"tag-republique-francaise"},"share_on_mastodon":{"url":"https:\/\/pubeurope.com\/@fr\/115006243090635555","error":""},"_links":{"self":[{"href":"https:\/\/www.europesays.com\/fr\/wp-json\/wp\/v2\/posts\/310078","targetHints":{"allow":["GET"]}}],"collection":[{"href":"https:\/\/www.europesays.com\/fr\/wp-json\/wp\/v2\/posts"}],"about":[{"href":"https:\/\/www.europesays.com\/fr\/wp-json\/wp\/v2\/types\/post"}],"author":[{"embeddable":true,"href":"https:\/\/www.europesays.com\/fr\/wp-json\/wp\/v2\/users\/2"}],"replies":[{"embeddable":true,"href":"https:\/\/www.europesays.com\/fr\/wp-json\/wp\/v2\/comments?post=310078"}],"version-history":[{"count":0,"href":"https:\/\/www.europesays.com\/fr\/wp-json\/wp\/v2\/posts\/310078\/revisions"}],"wp:featuredmedia":[{"embeddable":true,"href":"https:\/\/www.europesays.com\/fr\/wp-json\/wp\/v2\/media\/310079"}],"wp:attachment":[{"href":"https:\/\/www.europesays.com\/fr\/wp-json\/wp\/v2\/media?parent=310078"}],"wp:term":[{"taxonomy":"category","embeddable":true,"href":"https:\/\/www.europesays.com\/fr\/wp-json\/wp\/v2\/categories?post=310078"},{"taxonomy":"post_tag","embeddable":true,"href":"https:\/\/www.europesays.com\/fr\/wp-json\/wp\/v2\/tags?post=310078"}],"curies":[{"name":"wp","href":"https:\/\/api.w.org\/{rel}","templated":true}]}}