{"id":310084,"date":"2025-08-10T20:01:18","date_gmt":"2025-08-10T20:01:18","guid":{"rendered":"https:\/\/www.europesays.com\/fr\/310084\/"},"modified":"2025-08-10T20:01:18","modified_gmt":"2025-08-10T20:01:18","slug":"ballon-dor-linterview-dhakimi-qui-embarrasse-le-psg-france-paris-saint-germain","status":"publish","type":"post","link":"https:\/\/www.europesays.com\/fr\/310084\/","title":{"rendered":"Ballon d&rsquo;or : l&rsquo;interview d&rsquo;Hakimi qui embarrasse le PSG &#8211; France &#8211; Paris Saint-Germain"},"content":{"rendered":"<p>Le d\u00e9but des emmerdes.<\/p>\n<p>\u00c7a n\u2019aura \u00e9chapp\u00e9 \u00e0 personne lorsqu\u2019ont \u00e9t\u00e9 annonc\u00e9s <strong>les 30 joueurs en lice pour le Ballon d\u2019or 2025<\/strong> : <strong>le Paris Saint-Germain<\/strong> est largement le club le plus pr\u00e9sent, <a target=\"_blank\" href=\"https:\/\/www.sofoot.com\/breves\/marquinhos-et-pacho-absents-on-connait-la-liste-des-nommes-au-ballon-dor-2025\" rel=\"noopener nofollow\">avec <strong>9 repr\u00e9sentants dans la liste<\/strong><\/a>. Une bonne nouvelle\u2026 ou pas. Car avec autant de joueurs, le risque que les voix se dispersent <a target=\"_blank\" href=\"https:\/\/www.sofoot.com\/breves\/sondage-selon-vous-le-ballon-dor-peut-encore-echapper-au-paris-saint-germain-malgre-neuf-joueurs-dans-les-trente-nomines\" rel=\"noopener nofollow\">et que le troph\u00e9e termine dans les bras d\u2019un Lamine Yamal ou un Serhou Guirassy est grand<\/a>. Alors que le club, et une bonne partie de ses suiveurs, semblent donc <strong>faire bloc pour qu\u2019Ousmane Demb\u00e9l\u00e9 soit sacr\u00e9<\/strong>, Achraf Hakimi a semble-t-il une autre id\u00e9e en t\u00eate.<\/p>\n<blockquote class=\"twitter-tweet-lazy\" data-media-max-width=\"560\">\n<p dir=\"ltr\" lang=\"fr\">\ud83e\udd47 Le Ballon d\u2019Or, \u201cje pense que je le m\u00e9rite\u201c<\/p>\n<p>\ud83c\uddf2\ud83c\udde6 Achraf Hakimi se confie \u00e0 Bertrand Latour dans un entretien exclusif, disponible sur CANAL+ \ud83d\udda5\ufe0f<a target=\"_blank\" href=\"https:\/\/twitter.com\/hashtag\/ballondor?src=hash&amp;ref_src=twsrc%5Etfw\" rel=\"nofollow noopener\">#ballondor<\/a> <a target=\"_blank\" href=\"https:\/\/t.co\/NDYImdexXJ\" rel=\"nofollow\">pic.twitter.com\/NDYImdexXJ<\/a><\/p>\n<p>\u2014 CANAL+ Foot (@CanalplusFoot) <a target=\"_blank\" href=\"https:\/\/twitter.com\/CanalplusFoot\/status\/1954252766689275972?ref_src=twsrc%5Etfw\" rel=\"nofollow noopener\">August 9, 2025<\/a><\/p>\n<\/blockquote>\n<p>\u00ab\u202fQuand un d\u00e9fenseur fait ces stats, je pense qu\u2019il m\u00e9rite plus qu\u2019un attaquant\u202f\u00bb<\/p>\n<p>Dans une interview d\u00e9voil\u00e9e samedi par Canal+, il a ainsi d\u00e9clar\u00e9 : \u00ab\u202fLes gens me mettent dans le d\u00e9bat pour le Ballon d\u2019or, c\u2019est un r\u00eave auquel je n\u2019aurais jamais pens\u00e9. Si j\u2019ai la possibilit\u00e9 de le gagner, <strong>je pense que je le m\u00e9rite aussi<\/strong>. Apr\u00e8s la saison historique que j\u2019ai faite\u2026 Il n\u2019y a pas beaucoup de joueurs qui ont marqu\u00e9 en quarts de finale, en demi-finales et en finale (de Ligue des champions, NDLR) en tant que d\u00e9fenseur, c\u2019est plus difficile. Les gens pensent que je suis attaquant ou milieu, mais non, je joue dans une ligne de quatre, et je dois penser \u00e0 d\u00e9fendre. C\u2019est plus difficile. <strong>Les statistiques que j\u2019ai eues cette ann\u00e9e, ce ne sont pas celles d\u2019un d\u00e9fenseur normal<\/strong>. Je pense que quand un d\u00e9fenseur fait \u00e7a, il m\u00e9rite plus qu\u2019un attaquant.\u202f\u00bb<\/p>\n<p>Le PSG aurait voulu supprimer ce passage de l\u2019interview<\/p>\n<p>A\u00efe. <a target=\"_blank\" href=\"https:\/\/www.lequipe.fr\/Football\/Article\/La-course-au-ballon-d-or-entre-ousmane-dembele-et-achraf-hakimi-peut-elle-desequilibrer-le-vestiaire-du-psg\/1584367\" rel=\"noopener nofollow\">Selon L\u2019\u00c9quipe<\/a>, cette sortie aurait surpris l\u2019entourage de Demb\u00e9l\u00e9, et quelque peu fait trembler le Campus de Poissy. Avant la diffusion, Paris <strong>aurait m\u00eame tent\u00e9 de faire supprimer<\/strong> ce passage de l\u2019entretien \u2013 entretien au cours duquel l\u2019international marocain parle aussi, par exemple, <a target=\"_blank\" href=\"https:\/\/www.sofoot.com\/breves\/achraf-hakimi-paris-saint-germain-au-sujet-des-accusations-de-viol-et-la-menace-dun-proces-je-sais-que-la-verite-va-sortir-je-nai-rien-a-me-reprocher\" rel=\"noopener nofollow\">de l\u2019\u00e9ventuel proc\u00e8s pour viol dont il pourrait faire l\u2019objet<\/a> \u2013, \u00ab\u202fsans obtenir gain de cause aupr\u00e8s de son joueur, convaincu de sa l\u00e9gitimit\u00e9 \u00e0 revendiquer son envie de Ballon d\u2019or\u202f\u00bb, pr\u00e9cise L\u2019\u00c9quipe. \u00c9pisode que le club de la capitale d\u00e9ment, \u00e9videmment.<\/p>\n<p>La fin du conte de f\u00e9es dans le vestiaire parisien ?<\/p>\n<p>\t\t\t\t\t\t\t\t\t\t<a class=\"lien-connexe\" href=\"https:\/\/www.sofoot.com\/breves\/achraf-hakimi-paris-saint-germain-au-sujet-des-accusations-de-viol-et-la-menace-dun-proces-je-sais-que-la-verite-va-sortir-je-nai-rien-a-me-reprocher\" rel=\"nofollow noopener\" target=\"_blank\">Menac\u00e9 de proc\u00e8s pour viol, Hakimi r\u00e9pond\u202f: \u00ab\u202fJe sais que la v\u00e9rit\u00e9 va sortir\u202f\u00bb<\/a>\t\t\t\t\t<script async src=\"https:\/\/platform.twitter.com\/widgets.js\" charset=\"utf-8\"><\/script><\/p>\n","protected":false},"excerpt":{"rendered":"Le d\u00e9but des emmerdes. \u00c7a n\u2019aura \u00e9chapp\u00e9 \u00e0 personne lorsqu\u2019ont \u00e9t\u00e9 annonc\u00e9s les 30 joueurs en lice pour&hellip;\n","protected":false},"author":2,"featured_media":310085,"comment_status":"","ping_status":"","sticky":false,"template":"","format":"standard","meta":{"footnotes":""},"categories":[1888],"tags":[47,11,61,69,65,64,1777,674,63,1011,27,68,66,12,62,626,70,25,67],"class_list":{"0":"post-310084","1":"post","2":"type-post","3":"status-publish","4":"format-standard","5":"has-post-thumbnail","7":"category-paris","8":"tag-actualite","9":"tag-actualites","10":"tag-actus-football","11":"tag-bundesliga","12":"tag-championnats-europeens","13":"tag-equipe-de-france","14":"tag-eu","15":"tag-europe","16":"tag-football","17":"tag-fr","18":"tag-france","19":"tag-ligua","20":"tag-ligue-1","21":"tag-news","22":"tag-news-foot","23":"tag-paris","24":"tag-premier-league","25":"tag-republique-francaise","26":"tag-serie-a"},"share_on_mastodon":{"url":"https:\/\/pubeurope.com\/@fr\/115006254880315087","error":""},"_links":{"self":[{"href":"https:\/\/www.europesays.com\/fr\/wp-json\/wp\/v2\/posts\/310084","targetHints":{"allow":["GET"]}}],"collection":[{"href":"https:\/\/www.europesays.com\/fr\/wp-json\/wp\/v2\/posts"}],"about":[{"href":"https:\/\/www.europesays.com\/fr\/wp-json\/wp\/v2\/types\/post"}],"author":[{"embeddable":true,"href":"https:\/\/www.europesays.com\/fr\/wp-json\/wp\/v2\/users\/2"}],"replies":[{"embeddable":true,"href":"https:\/\/www.europesays.com\/fr\/wp-json\/wp\/v2\/comments?post=310084"}],"version-history":[{"count":0,"href":"https:\/\/www.europesays.com\/fr\/wp-json\/wp\/v2\/posts\/310084\/revisions"}],"wp:featuredmedia":[{"embeddable":true,"href":"https:\/\/www.europesays.com\/fr\/wp-json\/wp\/v2\/media\/310085"}],"wp:attachment":[{"href":"https:\/\/www.europesays.com\/fr\/wp-json\/wp\/v2\/media?parent=310084"}],"wp:term":[{"taxonomy":"category","embeddable":true,"href":"https:\/\/www.europesays.com\/fr\/wp-json\/wp\/v2\/categories?post=310084"},{"taxonomy":"post_tag","embeddable":true,"href":"https:\/\/www.europesays.com\/fr\/wp-json\/wp\/v2\/tags?post=310084"}],"curies":[{"name":"wp","href":"https:\/\/api.w.org\/{rel}","templated":true}]}}