{"id":310086,"date":"2025-08-10T20:02:11","date_gmt":"2025-08-10T20:02:11","guid":{"rendered":"https:\/\/www.europesays.com\/fr\/310086\/"},"modified":"2025-08-10T20:02:11","modified_gmt":"2025-08-10T20:02:11","slug":"kiev-declare-avoir-touche-deux-raffineries-russes-avec-des-drones","status":"publish","type":"post","link":"https:\/\/www.europesays.com\/fr\/310086\/","title":{"rendered":"Kiev d\u00e9clare avoir touch\u00e9 deux raffineries russes avec des drones"},"content":{"rendered":"<p class=\"article-p mdl\">Les frappes meurtri\u00e8res continuent de d\u00e9truire des vies et des infrastructures des deux c\u00f4t\u00e9s du front. Ce dimanche 10 ao\u00fbt, six personnes ont perdu la vie et des dizaines d&rsquo;autres ont \u00e9t\u00e9 bless\u00e9es lors de frappes russes, tandis que les Ukrainiens ont intensifi\u00e9 leur offensive <strong>en frappant deux raffineries de p\u00e9trole en Russie<\/strong>. La violence ne faiblit pas, m\u00eame \u00e0 l&rsquo;approche d&rsquo;un sommet diplomatique important en Alaska entre les pr\u00e9sidents Trump et Poutine, cens\u00e9, selon les analystes, chercher une issue \u00e0 cette guerre qui dure depuis f\u00e9vrier 2022.<\/p>\n<p class=\"article-p mdl\">Au milieu de ces frappes, une trag\u00e9die suppl\u00e9mentaire s\u2019est produite \u00e0 Odessa, une ville sur les rives de la mer Noire, o\u00f9 trois baigneurs ont trouv\u00e9 la mort apr\u00e8s avoir accidentellement d\u00e9clench\u00e9 l&rsquo;explosion d&rsquo;une mine en nageant dans une zone interdite. Ce drame vient s\u2019ajouter \u00e0 un tableau d\u00e9j\u00e0 tragique de souffrances humaines.<\/p>\n<p class=\"article-p mdl\">Les frappes russes se poursuivent. Dimanche, les autorit\u00e9s ukrainiennes ont d\u00e9plor\u00e9 <strong>la mort de six personnes \u00e0 la suite de bombardements<\/strong> et de drones dans les r\u00e9gions de Donetsk, Zaporijjia et Kherson, tous ces secteurs devenant des points chauds de l\u2019intensification du conflit. Les autorit\u00e9s locales rapportent que ces frappes ont caus\u00e9 des pertes humaines et des destructions dans des zones civiles.<\/p>\n<p>            De nouvelles armes de pr\u00e9cision<\/p>\n<p class=\"article-p mdl\">Dans un contexte militaire o\u00f9 les combats semblent se concentrer dans le sud et l\u2019est de l&rsquo;Ukraine, l\u2019arm\u00e9e russe semble avancer, profitant de la situation difficile de ses adversaires. Toutefois, cette dynamique n\u2019a pas fait baisser les espoirs de paix. Dans son message du soir, Volodymyr Zelensky\u00a0<a class=\"link\" href=\"https:\/\/www.rtl.fr\/actu\/international\/guerre-en-ukraine-les-europeens-appellent-a-maintenir-des-mesures-restrictives-contre-la-russie-7900529094\" target=\"_blank\" rel=\"nofollow noopener\">a critiqu\u00e9 la Russie<\/a>, affirmant qu&rsquo;aucun signe concret de paix n&rsquo;avait \u00e9t\u00e9 observ\u00e9 de la part de Moscou, que ce soit sur le terrain ou dans les airs, ajoutant que ces attaques incessantes auraient pu \u00eatre \u00e9vit\u00e9es si la Russie d\u00e9cidait de s&rsquo;engager s\u00e9rieusement dans des n\u00e9gociations.<\/p>\n<p class=\"article-p mdl\">Un autre aspect de l\u2019intensification des hostilit\u00e9s est l&rsquo;utilisation de nouvelles armes de pr\u00e9cision, comme les bombes planantes. En effet, une de ces bombes russes a frapp\u00e9 la gare routi\u00e8re centrale de Zaporijjia, une cible particuli\u00e8rement sensible en raison de la forte affluence des civils. <strong>Ce raid a fait 19 bless\u00e9s<\/strong>, dont plusieurs ont d\u00fb \u00eatre extraits des d\u00e9combres par des secouristes.<\/p>\n<p class=\"article-p mdl\">Mais les frappes ukrainiennes ne se limitent pas \u00e0 la d\u00e9fense de leur territoire. <strong>Kiev a intensifi\u00e9 ses attaques contre des infrastructures strat\u00e9giques en Russie<\/strong>, notamment contre des raffineries de p\u00e9trole. Une importante raffinerie a \u00e9t\u00e9 frapp\u00e9e dans la r\u00e9gion de Saratov,\u00a0<a class=\"link\" href=\"https:\/\/www.rtl.fr\/actu\/international\/trump-poutine-il-y-a-beaucoup-d-obstacles-a-cette-rencontre-reconnait-claude-blanchemaison-ancien-ambassadeur-de-france-en-russie-7900529128\" target=\"_blank\" rel=\"nofollow noopener\">\u00e0 l&rsquo;ouest de la Russie<\/a>, tuant une personne et provoquant des dommages industriels consid\u00e9rables. Une autre raffinerie, situ\u00e9e plus au nord, \u00e0 Oukhta, a \u00e9galement \u00e9t\u00e9 touch\u00e9e par un raid de drones, une attaque confirm\u00e9e par les autorit\u00e9s locales, bien que sans pr\u00e9cisions sur les d\u00e9g\u00e2ts.<\/p>\n<p>    La r\u00e9daction vous recommande<\/p>\n<p class=\"s-newsletter__title\">\n                L\u2019actualit\u00e9 par la r\u00e9daction de RTL dans votre bo\u00eete mail.\n            <\/p>\n<p class=\"s-newsletter__subtitle\">\n                Gr\u00e2ce \u00e0 votre compte RTL abonnez-vous \u00e0 la newsletter RTL info pour suivre toute l&rsquo;actualit\u00e9 au quotidien\n            <\/p>\n<p>\n                                    Lire la suite\n                                <\/p>\n","protected":false},"excerpt":{"rendered":"Les frappes meurtri\u00e8res continuent de d\u00e9truire des vies et des infrastructures des deux c\u00f4t\u00e9s du front. Ce dimanche&hellip;\n","protected":false},"author":2,"featured_media":310087,"comment_status":"","ping_status":"","sticky":false,"template":"","format":"standard","meta":{"footnotes":""},"categories":[1591],"tags":[11,1887,107,14,12,1885,1886,132,220],"class_list":{"0":"post-310086","1":"post","2":"type-post","3":"status-publish","4":"format-standard","5":"has-post-thumbnail","7":"category-russie","8":"tag-actualites","9":"tag-federation-de-russie","10":"tag-fil-info","11":"tag-international","12":"tag-news","13":"tag-russia","14":"tag-russian-federation","15":"tag-russie","16":"tag-ukraine"},"share_on_mastodon":{"url":"https:\/\/pubeurope.com\/@fr\/115006258798928870","error":""},"_links":{"self":[{"href":"https:\/\/www.europesays.com\/fr\/wp-json\/wp\/v2\/posts\/310086","targetHints":{"allow":["GET"]}}],"collection":[{"href":"https:\/\/www.europesays.com\/fr\/wp-json\/wp\/v2\/posts"}],"about":[{"href":"https:\/\/www.europesays.com\/fr\/wp-json\/wp\/v2\/types\/post"}],"author":[{"embeddable":true,"href":"https:\/\/www.europesays.com\/fr\/wp-json\/wp\/v2\/users\/2"}],"replies":[{"embeddable":true,"href":"https:\/\/www.europesays.com\/fr\/wp-json\/wp\/v2\/comments?post=310086"}],"version-history":[{"count":0,"href":"https:\/\/www.europesays.com\/fr\/wp-json\/wp\/v2\/posts\/310086\/revisions"}],"wp:featuredmedia":[{"embeddable":true,"href":"https:\/\/www.europesays.com\/fr\/wp-json\/wp\/v2\/media\/310087"}],"wp:attachment":[{"href":"https:\/\/www.europesays.com\/fr\/wp-json\/wp\/v2\/media?parent=310086"}],"wp:term":[{"taxonomy":"category","embeddable":true,"href":"https:\/\/www.europesays.com\/fr\/wp-json\/wp\/v2\/categories?post=310086"},{"taxonomy":"post_tag","embeddable":true,"href":"https:\/\/www.europesays.com\/fr\/wp-json\/wp\/v2\/tags?post=310086"}],"curies":[{"name":"wp","href":"https:\/\/api.w.org\/{rel}","templated":true}]}}